{"id":339438,"date":"2026-01-14T02:36:13","date_gmt":"2026-01-14T02:36:13","guid":{"rendered":"https:\/\/www.europesays.com\/es\/339438\/"},"modified":"2026-01-14T02:36:13","modified_gmt":"2026-01-14T02:36:13","slug":"ac-dc-y-la-historia-detras-de-la-pista-que-brian-johnson-considera-el-reflejo-mas-puro-de-la-banda-australiana","status":"publish","type":"post","link":"https:\/\/www.europesays.com\/es\/339438\/","title":{"rendered":"AC\/DC y la historia detr\u00e1s de la pista que Brian Johnson considera el reflejo m\u00e1s puro de la banda australiana"},"content":{"rendered":"<p>AC\/DC &#8211; You Shook Me All Night Long<br \/>\n(Cr\u00e9dito: AC\/DC YouTube)<\/p>\n<p class=\"paragraph\"><a href=\"https:\/\/www.infobae.com\/tag\/brian-johnson\/\" target=\"_blank\" rel=\"noreferrer nofollow noopener\" title=\"https:\/\/www.infobae.com\/tag\/brian-johnson\/\"><b>Brian Johnson<\/b><\/a>, la voz inconfundible de <a href=\"https:\/\/www.infobae.com\/tag\/acdc\/?gad_source=1&amp;gad_campaignid=20993778607&amp;gbraid=0AAAAADmqXxRsRVOjQ1qYj4k2ED0JzOyfk&amp;gclid=CjwKCAiA95fLBhBPEiwATXUsxPX1zkA-gewi2xZpmd0Mx8JtWoF1QipPYSk7gNC0dmkh8EfY4yq2ixoCi7IQAvD_BwE\" target=\"_blank\" rel=\"noreferrer nofollow noopener\" title=\"https:\/\/www.infobae.com\/tag\/acdc\/?gad_source=1&amp;gad_campaignid=20993778607&amp;gbraid=0AAAAADmqXxRsRVOjQ1qYj4k2ED0JzOyfk&amp;gclid=CjwKCAiA95fLBhBPEiwATXUsxPX1zkA-gewi2xZpmd0Mx8JtWoF1QipPYSk7gNC0dmkh8EfY4yq2ixoCi7IQAvD_BwE\"><b>AC\/DC<\/b><\/a>, ha revelado recientemente cu\u00e1l es la canci\u00f3n que, en su opini\u00f3n, concentra la <b>identidad m\u00e1s profunda<\/b> de la banda australiana. El cantante brit\u00e1nico sorprendi\u00f3 al p\u00fablico al se\u00f1alar que existe un tema capaz de resumir el <b>esp\u00edritu y la influencia<\/b> del grupo, aunque prefiri\u00f3 mantener el t\u00edtulo en reserva durante los primeros minutos de su relato, como comparti\u00f3 en entrevista citada por Indie Hoy. <\/p>\n<p><img alt=\"Brian Johnson revela que 'You\" class=\"global-image\" decoding=\"async\" fetchpriority=\"low\" height=\"1080\" loading=\"lazy\" src=\"https:\/\/www.europesays.com\/es\/wp-content\/uploads\/2026\/01\/TMLR56YUEFBRXBQKHZ4DBACRJ4.jpg\" width=\"1920\"\/>Brian Johnson revela que &#8216;You Shook Me All Night Long&#8217; sintetiza el esp\u00edritu y la influencia de AC\/DC seg\u00fan una reciente entrevista<br \/>\n(Photo by Jason Squires\/WireImage)<\/p>\n<p class=\"paragraph\">Durante un di\u00e1logo con <b>Absolute Radio<\/b>, Johnson reconstruy\u00f3 la noche en la que surgi\u00f3 lo que \u00e9l mismo catalog\u00f3 como un <b>verdadero himno<\/b>. Relat\u00f3 c\u00f3mo <a href=\"https:\/\/www.infobae.com\/tag\/malcolm-young\/\" target=\"_blank\" rel=\"noreferrer nofollow noopener\" title=\"https:\/\/www.infobae.com\/tag\/malcolm-young\/\"><b>Malcolm<\/b><\/a><b> y <\/b><a href=\"https:\/\/www.infobae.com\/tag\/angus-young\/\" target=\"_blank\" rel=\"noreferrer nofollow noopener\" title=\"https:\/\/www.infobae.com\/tag\/angus-young\/\"><b>Angus Young<\/b><\/a> se acercaron con una propuesta clara: pose\u00edan un <b>t\u00edtulo y una idea poderosa<\/b>, y le pidieron que sumara su impronta. \u201cLos muchachos ten\u00edan un t\u00edtulo. Malcolm y Angus Young dijeron: \u2018Escucha, tenemos esta canci\u00f3n. As\u00ed es como queremos que se llame\u2019\u201d, rememor\u00f3 Johnson, sin develar a\u00fan el nombre de la pieza.<\/p>\n<p class=\"paragraph\">La composici\u00f3n fluy\u00f3 con una <b>rapidez inusual, casi m\u00e1gica<\/b>. Johnson explic\u00f3 que los <b>acordes y el estribillo se ensamblaron de manera natural<\/b>, como si la canci\u00f3n hubiera estado esperando el momento exacto para cobrar vida. \u201cSi oyes los acordes, el estribillo simplemente encaja en su lugar, as\u00ed que no puedo reclamar ning\u00fan cr\u00e9dito por eso\u201d, reconoci\u00f3 el cantante, dando cuenta de la <b>espontaneidad<\/b> que defini\u00f3 el proceso creativo.<\/p>\n<p class=\"paragraph\">En aquella noche crucial, la melod\u00eda y la letra se unieron casi sin esfuerzo, lo que dej\u00f3 una impresi\u00f3n imborrable en el vocalista. \u201cFue tan r\u00e1pido como ten\u00eda que ser, que fue esa noche. Fue algo que surgi\u00f3 en su momento\u201d, afirm\u00f3 Johnson, subrayando que la <b>fuerza de la guitarra fue determinante<\/b>. Para \u00e9l, se trata de <b>uno de los riffs m\u00e1s impactantes<\/b> que ha escuchado, un sello inconfundible del rock and roll.<\/p>\n<p><img alt=\"Los acordes y el estribillo\" class=\"global-image\" decoding=\"async\" fetchpriority=\"low\" height=\"549\" loading=\"lazy\" src=\"https:\/\/www.europesays.com\/es\/wp-content\/uploads\/2026\/01\/RRBUQCEKH5GI7MASWPSDF6JSLY.webp.jpeg\" width=\"976\"\/>Los acordes y el estribillo de la canci\u00f3n se fusionaron de forma natural, reflejando la autenticidad caracter\u00edstica del rock de AC\/DC<br \/>\n(AC\/DC-1980).<\/p>\n<p class=\"paragraph\">Finalmente, el misterio qued\u00f3 revelado: la canci\u00f3n en cuesti\u00f3n es <b>\u201cYou Shook Me All Night Long\u201d<\/b>. Johnson comparti\u00f3 con USA Weekend la <b>importancia personal y profesional<\/b> que este tema tiene para \u00e9l. \u201cFue la primera pista que escrib\u00ed con los chicos. <b>Tiene un ritmo maravilloso y especial que no te deja ir<\/b>\u201d, destac\u00f3 el vocalista.<\/p>\n<p class=\"paragraph\">La relaci\u00f3n de <b>Johnson<\/b> con <b>\u201cYou Shook Me All Night Long\u201d<\/b> va m\u00e1s all\u00e1 de la creaci\u00f3n. El cantante sostuvo que esta pieza tiene un <b>lugar \u00fanico en su coraz\u00f3n<\/b> y confes\u00f3 que sigue disfrutando de interpretarla en cada presentaci\u00f3n en vivo. \u201cTodav\u00eda me encanta cantarla en el escenario\u201d, se\u00f1al\u00f3, evidenciando el <b>v\u00ednculo emocional permanente<\/b> con el tema.<\/p>\n<p><img alt=\"Para Brian Johnson, interpretar 'You\" class=\"global-image\" decoding=\"async\" fetchpriority=\"low\" height=\"1080\" loading=\"lazy\" src=\"https:\/\/www.europesays.com\/es\/wp-content\/uploads\/2026\/01\/ZFXGI6N5OJDW3BISTTJIVQQGBE.jpg\" width=\"1920\"\/>Para Brian Johnson, interpretar &#8216;You Shook Me All Night Long&#8217; en vivo representa un v\u00ednculo emocional permanente con la canci\u00f3n y con los fans<br \/>\n(EFE\/Emilio Naranjo\/Archivo)<\/p>\n<p class=\"paragraph\">La canci\u00f3n, lanzada en el <b>hist\u00f3rico \u00e1lbum \u201cBack in Black\u201d<\/b>, pronto se transform\u00f3 en uno de los <b>cl\u00e1sicos m\u00e1s reconocidos<\/b> del repertorio de <b>AC\/DC<\/b> y en un <b>s\u00edmbolo de la energ\u00eda<\/b> que caracteriza al grupo. La reacci\u00f3n del p\u00fablico en cada concierto confirma el <b>magnetismo especial<\/b> que rodea a este sencillo.<\/p>\n<p class=\"paragraph\">El alcance de <b>\u201cYou Shook Me All Night Long\u201d<\/b> supera el cat\u00e1logo habitual de la banda. Para Johnson, este tema posee un <b>car\u00e1cter \u00fanico<\/b>, capaz de dejar una <b>huella imborrable<\/b> tanto en los integrantes del grupo como en sus seguidores. La vigencia de la canci\u00f3n confirma la capacidad de <b>AC\/DC<\/b> para <b>conectar con distintas generaciones<\/b> y mantener su relevancia en el tiempo.<\/p>\n<p><img alt=\"El impacto de 'You Shook\" class=\"global-image\" decoding=\"async\" fetchpriority=\"low\" height=\"2712\" loading=\"lazy\" src=\"https:\/\/www.europesays.com\/es\/wp-content\/uploads\/2026\/01\/PIYIW2KKOFFJ7KK25CISHV6O4Q.jpg\" width=\"4075\"\/>El impacto de &#8216;You Shook Me All Night Long&#8217; trasciende generaciones, consolidando a AC\/DC como referente del rock cl\u00e1sico a nivel mundial<br \/>\n(Photo by VALERIE MACON \/ AFP)<\/p>\n<p class=\"paragraph\">La fuerza del sencillo reside en su <b>estructura<\/b>, su <b>energ\u00eda<\/b> y la <b>autenticidad<\/b> de su origen. Johnson considera que el tema es <b>insustituible<\/b> no solo para la banda, sino tambi\u00e9n para el <b>legado del rock cl\u00e1sico<\/b>. <b>\u201cYou Shook Me All Night Long\u201d<\/b> ha trascendido fronteras y \u00e9pocas, consolid\u00e1ndose como un <b>referente indispensable<\/b> para m\u00fasicos y aficionados.<\/p>\n<p class=\"paragraph\">El reconocimiento de Johnson eleva a <b>\u201cYou Shook Me All Night Long\u201d<\/b> como una <b>composici\u00f3n esencial<\/b> dentro del repertorio de <b>AC\/DC<\/b>. La canci\u00f3n representa una <b>s\u00edntesis del talento creativo<\/b> de sus autores y la <b>qu\u00edmica<\/b> entre los miembros de la banda. La <b>espontaneidad y la pasi\u00f3n<\/b> que impregnaron su gestaci\u00f3n se reflejan en cada interpretaci\u00f3n en vivo, manteniendo intacto el magnetismo que la caracteriza.<\/p>\n<p><img alt=\"Brian Johnson considera que la\" class=\"global-image\" decoding=\"async\" fetchpriority=\"low\" height=\"2184\" loading=\"lazy\" src=\"https:\/\/www.europesays.com\/es\/wp-content\/uploads\/2026\/01\/ILSGDZZ26JHBDGMEM2JO3TZJSA.jpg\" width=\"3280\"\/>Brian Johnson considera que la canci\u00f3n es insustituible, esencial para la banda y pieza clave en el legado internacional del rock<br \/>\n(Photo by VALERIE MACON \/ AFP)<\/p>\n<p class=\"paragraph\">El testimonio del cantante refuerza la <b>dimensi\u00f3n hist\u00f3rica<\/b> de la canci\u00f3n y su peso en la trayectoria del grupo. La valoraci\u00f3n de Johnson no solo destaca la <b>importancia de la pieza para AC\/DC<\/b>, sino que tambi\u00e9n la sit\u00faa como un <b>pilar del rock a nivel internacional<\/b>, confirmando su estatus como <b>obra fundamental del g\u00e9nero<\/b>. <b>\u201cYou Shook Me All Night Long\u201d permanece como s\u00edmbolo del poder del rock y del legado de una de las bandas m\u00e1s influyentes de todos los tiempos<\/b>.<\/p>\n","protected":false},"excerpt":{"rendered":"AC\/DC &#8211; You Shook Me All Night Long (Cr\u00e9dito: AC\/DC YouTube) Brian Johnson, la voz inconfundible de AC\/DC,&hellip;\n","protected":false},"author":2,"featured_media":339439,"comment_status":"","ping_status":"","sticky":false,"template":"","format":"standard","meta":{"footnotes":""},"categories":[170],"tags":[29573,72970,28949,146,147,25,24,184,185,28950,28951,39632,10950,23],"class_list":{"0":"post-339438","1":"post","2":"type-post","3":"status-publish","4":"format-standard","5":"has-post-thumbnail","7":"category-musica","8":"tag-acdc","9":"tag-band","10":"tag-concert","11":"tag-entertainment","12":"tag-entretenimiento","13":"tag-es","14":"tag-espana","15":"tag-music","16":"tag-musica","17":"tag-musician","18":"tag-performing","19":"tag-rock-and-roll","20":"tag-singer","21":"tag-spain"},"share_on_mastodon":{"url":"https:\/\/pubeurope.com\/@es\/115891128627825049","error":""},"_links":{"self":[{"href":"https:\/\/www.europesays.com\/es\/wp-json\/wp\/v2\/posts\/339438","targetHints":{"allow":["GET"]}}],"collection":[{"href":"https:\/\/www.europesays.com\/es\/wp-json\/wp\/v2\/posts"}],"about":[{"href":"https:\/\/www.europesays.com\/es\/wp-json\/wp\/v2\/types\/post"}],"author":[{"embeddable":true,"href":"https:\/\/www.europesays.com\/es\/wp-json\/wp\/v2\/users\/2"}],"replies":[{"embeddable":true,"href":"https:\/\/www.europesays.com\/es\/wp-json\/wp\/v2\/comments?post=339438"}],"version-history":[{"count":0,"href":"https:\/\/www.europesays.com\/es\/wp-json\/wp\/v2\/posts\/339438\/revisions"}],"wp:featuredmedia":[{"embeddable":true,"href":"https:\/\/www.europesays.com\/es\/wp-json\/wp\/v2\/media\/339439"}],"wp:attachment":[{"href":"https:\/\/www.europesays.com\/es\/wp-json\/wp\/v2\/media?parent=339438"}],"wp:term":[{"taxonomy":"category","embeddable":true,"href":"https:\/\/www.europesays.com\/es\/wp-json\/wp\/v2\/categories?post=339438"},{"taxonomy":"post_tag","embeddable":true,"href":"https:\/\/www.europesays.com\/es\/wp-json\/wp\/v2\/tags?post=339438"}],"curies":[{"name":"wp","href":"https:\/\/api.w.org\/{rel}","templated":true}]}}