{"id":339467,"date":"2026-01-14T02:56:32","date_gmt":"2026-01-14T02:56:32","guid":{"rendered":"https:\/\/www.europesays.com\/es\/339467\/"},"modified":"2026-01-14T02:56:32","modified_gmt":"2026-01-14T02:56:32","slug":"8-cosas-que-la-casa-prefabricada-de-norman-foster-hace-mejor-que-casi-todas","status":"publish","type":"post","link":"https:\/\/www.europesays.com\/es\/339467\/","title":{"rendered":"8 cosas que la casa prefabricada de Norman Foster hace mejor que casi todas"},"content":{"rendered":"<p><strong>8 cosas que esta casa prefabricada de Norman Foster hace mejor que casi todas<\/strong><\/p>\n<p>\u00bfAlguna vez te imaginaste viviendo en una vivienda de <a href=\"https:\/\/www.revistaad.es\/articulos\/entrevista-a-norman-foster-no-hay-que-desanimarse-por-el-fracaso\" rel=\"nofollow noopener\" target=\"_blank\"><strong>Norman Foster<\/strong><\/a> (AD 100)? Hacer realidad el sue\u00f1o de habitar un dise\u00f1o del arquitecto, <strong>galardonado con premios como el Pritzker o el Pr\u00edncipe de Asturias,<\/strong> parec\u00eda imposible hasta hace un par de a\u00f1os. Sin embargo, su fundaci\u00f3n nos sorprendi\u00f3 en la Bienal de Venecia 2023 con el prototipo de una <a href=\"https:\/\/www.revistaad.es\/articulos\/norman-foster-foundation-casa-prefabricada\" rel=\"nofollow noopener\" target=\"_blank\">casa prefabricada modular<\/a>, proyectada para dar soluci\u00f3n tanto a los asentamientos refugiados como a la <a href=\"https:\/\/www.revistaad.es\/articulos\/crisis-de-la-vivienda-ciudad-clickbait-vicent-molins\" rel=\"nofollow noopener\" target=\"_blank\">crisis de vivienda asequible<\/a> que se vive en gran parte del mundo.<\/p>\n<p>\u00abComo arquitecto siempre me ha interesado aquello que llamamos arquitectura sin arquitectos. En otras palabras, <strong>hablo de esos edificios como graneros y molinos de viento,<\/strong> que eran de una \u00e9poca pasada y no intentaban ser otra cosa. Esa corriente de un enfoque m\u00e1s b\u00e1sico de la vivienda, lo que se conoce como arquitectura vern\u00e1cula, es algo que siempre me ha interesado. El proyecto <strong>Essential Homes encarna ese esp\u00edritu y despierta una sensaci\u00f3n agradable en la gente que visita el prototipo.<\/strong> \u2018Me encantar\u00eda pasar una noche aqu\u00ed\u2019, suelen decir. Es una casa pensada para refugiarse si hay una tormenta, un tif\u00f3n o un terremoto, pero tambi\u00e9n se podr\u00eda habitar en circunstancias normales\u00bb, nos contaba Norman Foster.<\/p>\n<p><img decoding=\"async\" alt=\"El proyecto presentado por Holcim y la Norman Foster Foundation en la Bienal de Venecia 2023 con un prototipo a tama\u00f1o real.\" loading=\"lazy\" class=\"ResponsiveImageContainer-eNxvmU cfBbTk responsive-image__image\"   src=\"https:\/\/www.europesays.com\/es\/wp-content\/uploads\/2026\/01\/09%20Essential%20Homes%20Research%20Project%20-%20interior%201%20@chiarabecattini.jpg\"\/><\/p>\n<p>El proyecto, presentado por Holcim y la Norman Foster Foundation en la Bienal de Venecia 2023 con un prototipo a tama\u00f1o real.<\/p>\n<p>Chiara Becattini<\/p>\n<p>Por ahora, el proyecto, realizado con componentes de la empresa Holcim, sigue en fase de estudio, pero se espera que est\u00e9 disponible pronto. \u00abEl prototipo que hemos fabricado est\u00e1 hecho con productos que existen y vendemos, por lo tanto, <strong>es 100% factible a medio plazo<\/strong>\u201d, explicaba a este respecto Edelio Bermejo, jefe de investigaci\u00f3n y desarrollo de Holcim. Como nosotros, muchos no pueden esperar a que sea una realidad, pues <strong>su dise\u00f1o supera, con mucho, el de la mayor\u00eda de casas prefabricadas del mercado.<\/strong> Estos son los motivos:<\/p>\n<p>Confortable<\/p>\n<p>La vivienda est\u00e1 aislada con espuma mineral de alta gama en paredes y suelo, lo que asegura <strong>confort t\u00e9rmico y ac\u00fastico y eficiencia energ\u00e9tica<\/strong>.<\/p>\n<p>Sostenible<\/p>\n<p>La estructura de la vivienda est\u00e1 compuesta por hojas de hormig\u00f3n enrollables bajas en carbono (emite un <strong>20% menos de CO2 que el <a href=\"https:\/\/www.revistaad.es\/arquitectura\/articulos\/urgente-abandonar-cemento-arquitectura\/24021\" rel=\"nofollow noopener\" target=\"_blank\">hormig\u00f3n habitual<\/a><\/strong>). Esto proporciona estabilidad y seguridad a la casa y, a la vez, es una soluci\u00f3n <strong>f\u00e1cil de instalar.<\/strong> El hecho de que sea enrollable, asimismo, contribuye a que se emplee <strong>un 95% menos de material<\/strong> que en aplicaciones est\u00e1ndar.<\/p>\n<p>Permeable<\/p>\n<p>Para mejorar la resistencia a las inclemencias del tiempo, la Essential Home utiliza <strong>\u00e1ridos fabricados con materiales reciclados<\/strong> de construcci\u00f3n y demolici\u00f3n para formar una plataforma permeable debajo del suelo y <strong>mitigar el riesgo de inundaciones.<\/strong><\/p>\n","protected":false},"excerpt":{"rendered":"8 cosas que esta casa prefabricada de Norman Foster hace mejor que casi todas \u00bfAlguna vez te imaginaste&hellip;\n","protected":false},"author":2,"featured_media":339468,"comment_status":"","ping_status":"","sticky":false,"template":"","format":"standard","meta":{"footnotes":""},"categories":[173],"tags":[229,233,231,230,39852,232,234,146,147,25,24,23],"class_list":{"0":"post-339467","1":"post","2":"type-post","3":"status-publish","4":"format-standard","5":"has-post-thumbnail","7":"category-arte-y-diseno","8":"tag-arte","9":"tag-arte-y-diseno","10":"tag-arts","11":"tag-arts-and-design","12":"tag-casas-prefabricadas","13":"tag-design","14":"tag-diseno","15":"tag-entertainment","16":"tag-entretenimiento","17":"tag-es","18":"tag-espana","19":"tag-spain"},"share_on_mastodon":{"url":"https:\/\/pubeurope.com\/@es\/115891207072636983","error":""},"_links":{"self":[{"href":"https:\/\/www.europesays.com\/es\/wp-json\/wp\/v2\/posts\/339467","targetHints":{"allow":["GET"]}}],"collection":[{"href":"https:\/\/www.europesays.com\/es\/wp-json\/wp\/v2\/posts"}],"about":[{"href":"https:\/\/www.europesays.com\/es\/wp-json\/wp\/v2\/types\/post"}],"author":[{"embeddable":true,"href":"https:\/\/www.europesays.com\/es\/wp-json\/wp\/v2\/users\/2"}],"replies":[{"embeddable":true,"href":"https:\/\/www.europesays.com\/es\/wp-json\/wp\/v2\/comments?post=339467"}],"version-history":[{"count":0,"href":"https:\/\/www.europesays.com\/es\/wp-json\/wp\/v2\/posts\/339467\/revisions"}],"wp:featuredmedia":[{"embeddable":true,"href":"https:\/\/www.europesays.com\/es\/wp-json\/wp\/v2\/media\/339468"}],"wp:attachment":[{"href":"https:\/\/www.europesays.com\/es\/wp-json\/wp\/v2\/media?parent=339467"}],"wp:term":[{"taxonomy":"category","embeddable":true,"href":"https:\/\/www.europesays.com\/es\/wp-json\/wp\/v2\/categories?post=339467"},{"taxonomy":"post_tag","embeddable":true,"href":"https:\/\/www.europesays.com\/es\/wp-json\/wp\/v2\/tags?post=339467"}],"curies":[{"name":"wp","href":"https:\/\/api.w.org\/{rel}","templated":true}]}}