{"id":339597,"date":"2026-01-14T04:27:09","date_gmt":"2026-01-14T04:27:09","guid":{"rendered":"https:\/\/www.europesays.com\/es\/339597\/"},"modified":"2026-01-14T04:27:09","modified_gmt":"2026-01-14T04:27:09","slug":"pablo-motos-se-pronuncia-sobre-can-yaman-tras-su-detencion-y-aclara-si-estara-en-el-hormiguero-este-jueves","status":"publish","type":"post","link":"https:\/\/www.europesays.com\/es\/339597\/","title":{"rendered":"Pablo Motos se pronuncia sobre Can Yaman tras su detenci\u00f3n y aclara si estar\u00e1 en &#8216;El Hormiguero&#8217; este jueves"},"content":{"rendered":"<p class=\"v-mdl-ath__p v-mdl-ath__p--6\">\nMartes, 13 de enero 2026, 22:41<\/p>\n<p>| Actualizado 23:27h.<\/p>\n<p class=\"v-p\">&#8216;El Hormiguero&#8217; recib\u00eda este martes la visita del c\u00f3mico Joaqu\u00edn Reyes en una semana en la que tambi\u00e9n est\u00e1 planificada la presencia del actor Can Yaman el pr\u00f3ximo jueves. Sin embargo, <a href=\"https:\/\/www.lasprovincias.es\/sociedad\/actor-turco-can-yaman-detenido-discoteca-estambul-20260110191428-nt.html\" title=\"www.lasprovincias.es\" data-voc-vtm-id=\"in-text-traffic\" data-mrf-link=\"www.lasprovincias.es\" rel=\"nofollow noopener\" target=\"_blank\">su detenci\u00f3n en la madrugada del pasado s\u00e1bado<\/a> en una operaci\u00f3n antidrogas puso en duda su entrevista con Pablo Motos.<\/p>\n<p class=\"v-p\">No obstante, el presentador ha repasado al inicio del programa los invitados del mi\u00e9rcoles y jueves y ha confirmado que el turco s\u00ed que estar\u00e1. Adem\u00e1s, ha recordado que pese a que su nombre se escribe &#8216;Can Yaman&#8217;, en realidad se pronuncia &#8216;Yan Yaman&#8217;.<\/p>\n<p><a href=\"http:\/\/www.lasprovincias.es\/gente-estilo\/cruzada-autoridades-trucas-droga-terminado-detencion-actor-20260111134532-ntrc.html#vtm_modulosEngag=mod-rel:culturas:noticia:1:cmp:1-not\" class=\"v-a-link\" aria-label=\"Imagen\" rel=\"nofollow noopener\" target=\"_blank\"><\/p>\n<p><img decoding=\"async\" loading=\"lazy\" src=\"https:\/\/www.europesays.com\/es\/wp-content\/uploads\/2026\/01\/Clipboard-0050-kzPG--366x256@RC.png\" class=\"v-a-img\" alt=\"\" data-voc-vtm-id=\"in-text-traffic\" width=\"366\" height=\"256\"\/><\/p>\n<p><\/a><\/p>\n<p class=\"v-p\">Can Yaman, de 36 a\u00f1os, fue puesto en libertad horas despu\u00e9s y lanz\u00f3 un comunicado explicando qu\u00e9 hab\u00eda sucedido: \u00abQuerida prensa italiana, la prensa turca siempre ha sido mala conmigo, \u00a1pero esto no es nada nuevo! \u00a1Pero yo no! Por favor, no cometas el error de copiar y pegar las noticias que vienen del B\u00f3sforo. \u00bfCreen que ando por ah\u00ed con drogas en un momento donde la polic\u00eda est\u00e1 haciendo investigaciones robustas y arrestando a muchos famosos? Si fuera cierto, no me habr\u00edan liberado en tan poco tiempo y podr\u00eda volver a Italia al d\u00eda siguiente\u00ab, explic\u00f3.<\/p>\n<p>Tertulia de actualidad<\/p>\n<p class=\"v-p\">Este martes tambi\u00e9n ha tenido lugar la tertulia de actualidad con Mar\u00eda Dab\u00e1n, Juan del Val, Rosa Belmonte y Rub\u00e9n Am\u00f3n. Uno de los temas que m\u00e1s han tratado ha sido la medida que quiere implantar S\u00e1nchez en la que los propietarios que no suban el precio del alquiler obtendr\u00edan beneficios fiscales.<\/p>\n<p class=\"v-p\">\u00abEn los \u00faltimos movimientos de S\u00e1nchez veo a alguien completamente desorientado. Lejos de beneficiarle sus movimientos le perjudican. Me hace pensar que hay nervios\u00bb, ha se\u00f1alado Juan del Val. \u00abHay un dato escalofriante y es que el 65% de los j\u00f3venes menores de 30 a\u00f1os vive con sus padres\u00bb, ha a\u00f1adido Pablo Motos.<\/p>\n<p>Reporta un error<\/p>\n","protected":false},"excerpt":{"rendered":"Martes, 13 de enero 2026, 22:41 | Actualizado 23:27h. &#8216;El Hormiguero&#8217; recib\u00eda este martes la visita del c\u00f3mico&hellip;\n","protected":false},"author":2,"featured_media":339598,"comment_status":"","ping_status":"","sticky":false,"template":"","format":"standard","meta":{"footnotes":""},"categories":[174],"tags":[2825,30536,255,10790,146,147,25,24,256,17775,887,13882,618,10596,57,23,575,54594],"class_list":{"0":"post-339597","1":"post","2":"type-post","3":"status-publish","4":"format-standard","5":"has-post-thumbnail","7":"category-famosos","8":"tag-aclara","9":"tag-can","10":"tag-celebrities","11":"tag-detencion","12":"tag-entertainment","13":"tag-entretenimiento","14":"tag-es","15":"tag-espana","16":"tag-famosos","17":"tag-hormiguero","18":"tag-jueves","19":"tag-motos","20":"tag-pablo","21":"tag-pronuncia","22":"tag-sobre","23":"tag-spain","24":"tag-tras","25":"tag-yaman"},"share_on_mastodon":{"url":"https:\/\/pubeurope.com\/@es\/115891565091954287","error":""},"_links":{"self":[{"href":"https:\/\/www.europesays.com\/es\/wp-json\/wp\/v2\/posts\/339597","targetHints":{"allow":["GET"]}}],"collection":[{"href":"https:\/\/www.europesays.com\/es\/wp-json\/wp\/v2\/posts"}],"about":[{"href":"https:\/\/www.europesays.com\/es\/wp-json\/wp\/v2\/types\/post"}],"author":[{"embeddable":true,"href":"https:\/\/www.europesays.com\/es\/wp-json\/wp\/v2\/users\/2"}],"replies":[{"embeddable":true,"href":"https:\/\/www.europesays.com\/es\/wp-json\/wp\/v2\/comments?post=339597"}],"version-history":[{"count":0,"href":"https:\/\/www.europesays.com\/es\/wp-json\/wp\/v2\/posts\/339597\/revisions"}],"wp:featuredmedia":[{"embeddable":true,"href":"https:\/\/www.europesays.com\/es\/wp-json\/wp\/v2\/media\/339598"}],"wp:attachment":[{"href":"https:\/\/www.europesays.com\/es\/wp-json\/wp\/v2\/media?parent=339597"}],"wp:term":[{"taxonomy":"category","embeddable":true,"href":"https:\/\/www.europesays.com\/es\/wp-json\/wp\/v2\/categories?post=339597"},{"taxonomy":"post_tag","embeddable":true,"href":"https:\/\/www.europesays.com\/es\/wp-json\/wp\/v2\/tags?post=339597"}],"curies":[{"name":"wp","href":"https:\/\/api.w.org\/{rel}","templated":true}]}}