{"id":339619,"date":"2026-01-14T04:39:04","date_gmt":"2026-01-14T04:39:04","guid":{"rendered":"https:\/\/www.europesays.com\/es\/339619\/"},"modified":"2026-01-14T04:39:04","modified_gmt":"2026-01-14T04:39:04","slug":"rivas-destino-joven-en-fitur-2026","status":"publish","type":"post","link":"https:\/\/www.europesays.com\/es\/339619\/","title":{"rendered":"Rivas, destino joven en Fitur 2026"},"content":{"rendered":"<p>Rutas naturales por el Parque Regional del Sureste. Un imponente museo de arte urbano que crece a\u00f1o tras a\u00f1o con las intervenciones de artistas del pa\u00eds. Los conciertos y festivales en el auditorio Miguel R\u00edos. Una vibrante programaci\u00f3n teatral y musical en el auditorio Pilar Bardem. La memoria democr\u00e1tica de la batalla del Jarama. Estos son algunos de los recursos que convierten a Rivas en un destino tur\u00edstico ideal para la juventud y en los que se enmarca \u2018Rivas, destino joven\u2019, una plataforma de turismo inteligente que ser\u00e1 la protagonista del estand de Rivas Vaciamadrid en la pr\u00f3xima Feria Internacional del Turismo FITUR 2026, que tendr\u00e1 lugar en IFEMA de Madrid entre el mi\u00e9rcoles 21 y el domingo 25 de enero.<\/p>\n<p>Esta soluci\u00f3n de turismo inteligente no solo pretende expandir la oferta tur\u00edstica de Rivas, sino hacerlo mediante la integraci\u00f3n de tecnolog\u00edas avanzadas. La plataforma, financiada con fondos europeos, supone una inversi\u00f3n de 1,9 millones de euros. Se enmarca en una iniciativa promovida por la empresa p\u00fablica SEGITTUR, dependiente de la Secretar\u00eda de Estado de Turismo.<\/p>\n<p>De esta forma, la persona que se decida a visitar Rivas y a conocer su oferta de ocio y cultura, encontrar\u00e1 en esta plataforma unos servicios personalizados en funci\u00f3n de sus preferencias y sus necesidades.<\/p>\n<p>Entre otros, un gemelo digital que gestionar\u00e1 en tiempo real los flujos de veh\u00edculos y personas en grandes eventos, como puedan ser los conciertos que se celebran en el auditorio Miguel R\u00edos, ya sean durante las fiestas de mayo o durante festivales como el R\u00edo Babel, que ha elegido Rivas por segundo a\u00f1o consecutivo para llenar de m\u00fasica el recinto ferial ripense.<\/p>\n<p><strong>OPTIMIZAR MACROEVENTOS<\/strong><\/p>\n<p>Esta herramienta, en todo caso, no solo ser\u00e1 \u00fatil para la movilidad, sino tambi\u00e9n para optimizar la organizaci\u00f3n de los eventos y minimizar el impacto ambiental que supone la celebraci\u00f3n de estos macroeventos en la ciudad. Contar con una plataforma que facilita y mejora la experiencia del turista en la ciudad supone tambi\u00e9n incentivar la econom\u00eda local, sobre todo, al tejido comercial y hostelero.<\/p>\n<p>Un a\u00f1o m\u00e1s, el estand de Rivas en FITUR se ubica en el pabell\u00f3n 9 de IFEMA, junto a otros municipios referentes del turismo en la Comunidad de Madrid. Visitarlo ayuda a conocer un poco mejor la localidad.<\/p>\n<p><strong>ENCUENTRO CON \u2018VIAJERO EXTRANJERO\u2019: JUEVES 22, 12.30<\/strong><\/p>\n<p>El jueves 22 de enero, a las 12.30, se celebra en el estand ripense un encuentro abierto con p\u00fablico con la pareja viajera ripense Elena Herr\u00e1iz y V\u00edctor Gata, cuya cuenta Viajero Extranjero tiene un mill\u00f3n de seguidores en Instagram y 500.000 en Tik Tok. Charlar\u00e1n con el p\u00fablico sobre su pasi\u00f3n n\u00f3mada y c\u00f3mo es la vida de quien ha convertido el viaje en su trabajo.<\/p>\n","protected":false},"excerpt":{"rendered":"Rutas naturales por el Parque Regional del Sureste. Un imponente museo de arte urbano que crece a\u00f1o tras&hellip;\n","protected":false},"author":2,"featured_media":339620,"comment_status":"","ping_status":"","sticky":false,"template":"","format":"standard","meta":{"footnotes":""},"categories":[8],"tags":[17,18,25,24,13,14,11,19,20,9,10,15,16,23,12,21,22],"class_list":{"0":"post-339619","1":"post","2":"type-post","3":"status-publish","4":"format-standard","5":"has-post-thumbnail","7":"category-espana","8":"tag-breaking-news","9":"tag-breakingnews","10":"tag-es","11":"tag-espana","12":"tag-featured-news","13":"tag-featurednews","14":"tag-headlines","15":"tag-latest-news","16":"tag-latestnews","17":"tag-news","18":"tag-noticias","19":"tag-noticias-destacadas","20":"tag-noticiasdestacadas","21":"tag-spain","22":"tag-titulares","23":"tag-ultimas-noticias","24":"tag-ultimasnoticias"},"share_on_mastodon":{"url":"https:\/\/pubeurope.com\/@es\/115891612132707673","error":""},"_links":{"self":[{"href":"https:\/\/www.europesays.com\/es\/wp-json\/wp\/v2\/posts\/339619","targetHints":{"allow":["GET"]}}],"collection":[{"href":"https:\/\/www.europesays.com\/es\/wp-json\/wp\/v2\/posts"}],"about":[{"href":"https:\/\/www.europesays.com\/es\/wp-json\/wp\/v2\/types\/post"}],"author":[{"embeddable":true,"href":"https:\/\/www.europesays.com\/es\/wp-json\/wp\/v2\/users\/2"}],"replies":[{"embeddable":true,"href":"https:\/\/www.europesays.com\/es\/wp-json\/wp\/v2\/comments?post=339619"}],"version-history":[{"count":0,"href":"https:\/\/www.europesays.com\/es\/wp-json\/wp\/v2\/posts\/339619\/revisions"}],"wp:featuredmedia":[{"embeddable":true,"href":"https:\/\/www.europesays.com\/es\/wp-json\/wp\/v2\/media\/339620"}],"wp:attachment":[{"href":"https:\/\/www.europesays.com\/es\/wp-json\/wp\/v2\/media?parent=339619"}],"wp:term":[{"taxonomy":"category","embeddable":true,"href":"https:\/\/www.europesays.com\/es\/wp-json\/wp\/v2\/categories?post=339619"},{"taxonomy":"post_tag","embeddable":true,"href":"https:\/\/www.europesays.com\/es\/wp-json\/wp\/v2\/tags?post=339619"}],"curies":[{"name":"wp","href":"https:\/\/api.w.org\/{rel}","templated":true}]}}