{"id":339621,"date":"2026-01-14T04:40:13","date_gmt":"2026-01-14T04:40:13","guid":{"rendered":"https:\/\/www.europesays.com\/es\/339621\/"},"modified":"2026-01-14T04:40:13","modified_gmt":"2026-01-14T04:40:13","slug":"actualidad-buscador-ayto-pinto-es-16","status":"publish","type":"post","link":"https:\/\/www.europesays.com\/es\/339621\/","title":{"rendered":"Actualidad buscador &#8211; ayto-pinto.es"},"content":{"rendered":"<p><strong>\u2022 A partir de las\u00a011:00 horas, la Misa en la Parroquia de Santo Domingo de Silos abrir\u00e1 la programaci\u00f3n especial, que incluye la procesi\u00f3n hasta la Ermita del Santo<\/strong><\/p>\n<p><strong>\u2022 All\u00ed tendr\u00e1 lugar la bendici\u00f3n de mascotas, panecillos de la suerte, sorteo del cerdo, vueltas de caballer\u00eda y reparto de naranjas<\/strong><\/p>\n<p>Pinto se dispone a conmemorar una de sus fiestas m\u00e1s queridas. Se trata de San Ant\u00f3n, una celebraci\u00f3n que tendr\u00e1 lugar este 2026 el pr\u00f3ximo domingo,\u00a018 de enero, primer domingo tras el 17 de enero, d\u00eda consagrado a este santo.\u00a0<\/p>\n<p>El Ayuntamiento de Pinto, a trav\u00e9s de la Concejal\u00eda de Emprendimiento y Turismo que dirige V\u00edctor Alonso, y en colaboraci\u00f3n con la Hermandad de San Ant\u00f3n, ha preparado una\u00a0programaci\u00f3n que refleja esta antigua celebraci\u00f3n ligada al pasado agr\u00edcola y ganadero de la ciudad. Este a\u00f1o, como ya ocurriera en la anterior edici\u00f3n, se profundiza a\u00fan m\u00e1s en el origen de la tradici\u00f3n, que es la intermediaci\u00f3n del santo para proteger a los animales.<\/p>\n<p><img decoding=\"async\" data-fileentryid=\"2003782\" src=\"https:\/\/www.europesays.com\/es\/wp-content\/uploads\/2026\/01\/330ee83e-8009-13eb-ae86-438e100e75f6.jpeg\"\/><\/p>\n<p>\u00a0<\/p>\n<p>La jornada comienza con la celebraci\u00f3n de la Misa en la Parroquia de Santo Domingo de Silos, a partir de las 11.00 horas. A su conclusi\u00f3n tendr\u00e1 lugar la procesi\u00f3n hasta la Ermita de San Ant\u00f3n que, habitualmente, congrega a miles de pinte\u00f1os que muestran su devoci\u00f3n a la imagen del Santo.<\/p>\n<p>A la procesi\u00f3n le continuar\u00e1 la bendici\u00f3n de los panecillos de San Ant\u00f3n, ya que en estas fechas se elaboraban en Pinto unos panecillos que, bendecidos por el cura, se repart\u00edan a los vecinos. Algunos los com\u00edan, otros los guardaban hasta al a\u00f1o siguiente en que lo sustitu\u00edan por uno nuevo, en la creencia de que: \u00aben casa donde hay panecillos no falta la suerte\u00bb.<\/p>\n<p>Seguir\u00e1 la bendici\u00f3n, esta vez de las mascotas, junto a la Ermita de San Ant\u00f3n. Aunque las bestias de tiro y el ganado han sido sustituidas por mascotas m\u00e1s propias del hogar\u00a0que, en un improvisado desfile, reciben una rociada de agua bendita. Adem\u00e1s, el ritual se refuerza con las vistosas tres vueltas de la caballer\u00eda, parte del acto de bendici\u00f3n y tambi\u00e9n acto simb\u00f3lico de plegaria para que los animales no enfermaran.<\/p>\n<p>M\u00e1s tarde, se celebra el sorteo simb\u00f3lico del cerdo y al ganador se le har\u00e1 entrega del valor en met\u00e1lico de un cerdo, recordando la tradici\u00f3n en la cual durante un a\u00f1o todos los vecinos alimentaban un cerdo que tambi\u00e9n se sorteaba en esta fecha.<\/p>\n<p>Por \u00faltimo y, para algarab\u00eda de los m\u00e1s peque\u00f1os, se realiza la tirada de naranjas a cargo de la Hermandad, rememorando una antigua tradici\u00f3n de los mozos pinte\u00f1os en la Era de San Ant\u00f3n (actual Centro Comercial Plaza \u00c9boli), con los excedentes de este producto.<\/p>\n<p> <strong>ENERO, EL MES DE SAN ANT\u00d3N<\/strong> <\/p>\n<p>Adem\u00e1s de esta celebraci\u00f3n, durante este mes a trav\u00e9s de la Concejal\u00eda de Emprendimiento y Turismo que dirige V\u00edctor Alonso se realizan actividades paralelas en torno a San Ant\u00f3n, como son el <a href=\"https:\/\/www.ayto-pinto.es\/-\/exposiciones-enero-2026-en-pinto\" rel=\"nofollow noopener\" target=\"_blank\"><strong>concurso &#8216;Dibuja tu mascota&#8217;<\/strong><\/a>, la propuesta de crear nuestro propio vell\u00f3n de lana en Artesan\u00eda con historia o los talleres de S\u00e1bados en familia, para realizar cabezas de caballo a base de cart\u00f3n y tela, recordando la plegaria de las tres vueltas de caballer\u00eda que se realizaban durante la bendici\u00f3n de mascotas.<\/p>\n","protected":false},"excerpt":{"rendered":"\u2022 A partir de las\u00a011:00 horas, la Misa en la Parroquia de Santo Domingo de Silos abrir\u00e1 la&hellip;\n","protected":false},"author":2,"featured_media":339622,"comment_status":"","ping_status":"","sticky":false,"template":"","format":"standard","meta":{"footnotes":""},"categories":[5],"tags":[36009,17,18,209,25,24,13,14,11,66389,19,20,9,7207,10,15,16,20961,77521,23,12,4664,21,22],"class_list":{"0":"post-339621","1":"post","2":"type-post","3":"status-publish","4":"format-standard","5":"has-post-thumbnail","7":"category-titulares","8":"tag-asociaciones","9":"tag-breaking-news","10":"tag-breakingnews","11":"tag-cultura","12":"tag-es","13":"tag-espana","14":"tag-featured-news","15":"tag-featurednews","16":"tag-headlines","17":"tag-hemeroteca-2026","18":"tag-latest-news","19":"tag-latestnews","20":"tag-news","21":"tag-notas-de-prensa","22":"tag-noticias","23":"tag-noticias-destacadas","24":"tag-noticiasdestacadas","25":"tag-pinto","26":"tag-san-anton-2026","27":"tag-spain","28":"tag-titulares","29":"tag-turismo","30":"tag-ultimas-noticias","31":"tag-ultimasnoticias"},"share_on_mastodon":{"url":"https:\/\/pubeurope.com\/@es\/115891616067007944","error":""},"_links":{"self":[{"href":"https:\/\/www.europesays.com\/es\/wp-json\/wp\/v2\/posts\/339621","targetHints":{"allow":["GET"]}}],"collection":[{"href":"https:\/\/www.europesays.com\/es\/wp-json\/wp\/v2\/posts"}],"about":[{"href":"https:\/\/www.europesays.com\/es\/wp-json\/wp\/v2\/types\/post"}],"author":[{"embeddable":true,"href":"https:\/\/www.europesays.com\/es\/wp-json\/wp\/v2\/users\/2"}],"replies":[{"embeddable":true,"href":"https:\/\/www.europesays.com\/es\/wp-json\/wp\/v2\/comments?post=339621"}],"version-history":[{"count":0,"href":"https:\/\/www.europesays.com\/es\/wp-json\/wp\/v2\/posts\/339621\/revisions"}],"wp:featuredmedia":[{"embeddable":true,"href":"https:\/\/www.europesays.com\/es\/wp-json\/wp\/v2\/media\/339622"}],"wp:attachment":[{"href":"https:\/\/www.europesays.com\/es\/wp-json\/wp\/v2\/media?parent=339621"}],"wp:term":[{"taxonomy":"category","embeddable":true,"href":"https:\/\/www.europesays.com\/es\/wp-json\/wp\/v2\/categories?post=339621"},{"taxonomy":"post_tag","embeddable":true,"href":"https:\/\/www.europesays.com\/es\/wp-json\/wp\/v2\/tags?post=339621"}],"curies":[{"name":"wp","href":"https:\/\/api.w.org\/{rel}","templated":true}]}}