{"id":339626,"date":"2026-01-14T04:48:12","date_gmt":"2026-01-14T04:48:12","guid":{"rendered":"https:\/\/www.europesays.com\/es\/339626\/"},"modified":"2026-01-14T04:48:12","modified_gmt":"2026-01-14T04:48:12","slug":"el-calvario-de-castaneda-continua-una-lesion-le-aparta-tres-meses-del-andorra","status":"publish","type":"post","link":"https:\/\/www.europesays.com\/es\/339626\/","title":{"rendered":"El calvario de Casta\u00f1eda contin\u00faa: una lesi\u00f3n le aparta tres meses del Andorra"},"content":{"rendered":"<p class=\"ft-text\">Palo muy duro el que ha recibido <strong>Xavier Casta\u00f1eda<\/strong>. No est\u00e1 siendo su temporada y, cuando parec\u00eda sacar la cabeza con algo de ox\u00edgeno, una <strong>lesi\u00f3n en los isquiotibiales<\/strong> va a retirar de las pistas durante tres meses al jugador del <a class=\"ft-link ft-link--decoration\" href=\"https:\/\/www.laopiniondemalaga.es\/unicaja\/\" rel=\"nofollow noopener\" target=\"_blank\">Unicaja<\/a> cedido en el MoraBanc Andorra. A\u00f1o de estreno en la <a class=\"ft-link ft-link--decoration\" href=\"https:\/\/www.laopiniondemalaga.es\/deportes\/baloncesto\/acb\/clasificacion-liga.html\" rel=\"nofollow noopener\" target=\"_blank\">Liga Endesa<\/a> de aut\u00e9ntica pesadilla.<\/p>\n<p>El mejor ante el Madrid<\/p>\n<p class=\"ft-text\">\u00abXavier Casta\u00f1eda tuvo que ser sustituido en la parte final del \u00faltimo partido. El jugador sufri\u00f3 un tir\u00f3n al impactar en el suelo tras una acci\u00f3n hacia canasta y no pudo volver a pista. Las pruebas m\u00e9dicas realizadas determinan que sufre una ruptura en los m\u00fasculos isquiotibiales de la pierna derecha. El <strong>tiempo previsto de recuperaci\u00f3n aproximado ser\u00e1 de 12 semanas<\/strong>\u00ab, informa el MoraBanc Andorra en un comunicado.<\/p>\n<p class=\"ft-text\">Precisamente, el estadounidense de pasaporte bosnio ven\u00eda de ser <strong>el mejor de los de Joan Plaza<\/strong> contra el Real Madrid. Anot\u00f3 <strong>21 puntos<\/strong> (2\/6 en tiros de 2, 5\/7 en triples y 2\/4 en tiros libres) para mantener con vida a los del Principado contra el l\u00edder de la Liga Endesa. Consigui\u00f3 sacarle la quinta falta a Edy Tavares, cuyo impacto en el suelo le ha causado la lesi\u00f3n y el Andorra tuvo que afrontar los \u00faltimos instantes sin su figura m\u00e1s inspirada.<\/p>\n<p>Un a\u00f1o de pesadilla<\/p>\n<p class=\"ft-text\">Lo cierto es que su \u00faltimo a\u00f1o est\u00e1 siendo una aut\u00e9ntica tormenta. <strong>Se lesion\u00f3 en febrero de 2025<\/strong>, cuando era el segundo m\u00e1ximo anotador de la liga francesa con el Bourg, despidi\u00e9ndose de la temporada. Fich\u00f3 por el Unicaja, se march\u00f3 con Bosnia para jugar con el Eurobasket y vino a M\u00e1laga antes de la competici\u00f3n tras las <a class=\"ft-link ft-link--decoration\" href=\"https:\/\/www.laopiniondemalaga.es\/unicaja\/2025\/08\/20\/castaneda-eurobasket-bosnia-pretemporada-unicaja-120786485.html\" target=\"_blank\" rel=\"nofollow noopener\">duras cr\u00edticas del entonces seleccionador bosnio<\/a> sobre su estado f\u00edsico.<\/p>\n<p><img decoding=\"async\" src=\"https:\/\/www.europesays.com\/es\/wp-content\/uploads\/2026\/01\/0a9ef64d-0059-4e7b-8df3-ff7dc892512a_alta-libre-aspect-ratio_default_0.jpg\" width=\"1200\" height=\"800\" alt=\"Casta\u00f1eda volvi\u00f3 tras su enfermedad.\" class=\"ft-helper-img-rd\" loading=\"lazy\"\/><\/p>\n<p class=\"ft-helper-fontColor-quaternary ft-helper-fontSize-body-S ft-helper-spacer-t-xxs\">Casta\u00f1eda no ha tenido suerte desde su llegada al Unicaja.  \/ FAB<\/p>\n<p class=\"ft-text\">El proceso de adaptaci\u00f3n en Los Guindos estuvo muy lejos de lo que todas las partes esperaban. A excepci\u00f3n de alg\u00fan destello en BCL, su paso por el Unicaja estaba siendo muy pobre. El club decidi\u00f3 cederlo al <strong>Hiopos Lleida<\/strong>. All\u00ed, despu\u00e9s de varios entrenamientos, el equipo de Gerard Encuentra aleg\u00f3 que hab\u00edan encontrado una <a class=\"ft-link ft-link--decoration\" href=\"https:\/\/www.laopiniondemalaga.es\/unicaja\/2025\/12\/26\/unicaja-castaneda-pasa-reconocimiento-medico-lleida-125161815.html\" target=\"_blank\" rel=\"nofollow noopener\">supuesta lesi\u00f3n en el reconocimiento m\u00e9dico<\/a>. Apareci\u00f3 el <strong>MoraBanc Andorra<\/strong> como salvavidas, superando cualquier examen m\u00e9dico, y en su mejor encuentro del \u00faltimo a\u00f1o, llega una lesi\u00f3n y tres meses de baja, cuando solo hab\u00eda disputado tres encuentros con la tricolor.<\/p>\n<p>Final de temporada regular<\/p>\n<p class=\"ft-text\">Si todo va bien, <strong>volver\u00e1 a mediados de abril<\/strong>. Quedar\u00e1n entonces alrededor de seis o siete jornadas para que pueda disputar el tramo final de la temporada regular con el MoraBanc Andorra. Palo muy duro tambi\u00e9n para el equipo de Joan Plaza, que pierde temporalmente a uno de sus refuerzos en su lucha por huir del descenso.<\/p>\n","protected":false},"excerpt":{"rendered":"Palo muy duro el que ha recibido Xavier Casta\u00f1eda. No est\u00e1 siendo su temporada y, cuando parec\u00eda sacar&hellip;\n","protected":false},"author":2,"featured_media":339627,"comment_status":"","ping_status":"","sticky":false,"template":"","format":"standard","meta":{"footnotes":""},"categories":[269],"tags":[10098,299,298,10182,12777,168,25,24,8252,3925,12740,23,167,2246,5737],"class_list":{"0":"post-339626","1":"post","2":"type-post","3":"status-publish","4":"format-standard","5":"has-post-thumbnail","7":"category-baloncesto","8":"tag-andorra","9":"tag-baloncesto","10":"tag-basketball","11":"tag-calvario","12":"tag-castaneda","13":"tag-deportes","14":"tag-es","15":"tag-espana","16":"tag-lesion","17":"tag-morabanc-andorra","18":"tag-palo","19":"tag-spain","20":"tag-sports","21":"tag-unicaja","22":"tag-xavier-castaneda"},"share_on_mastodon":{"url":"https:\/\/pubeurope.com\/@es\/115891647581310160","error":""},"_links":{"self":[{"href":"https:\/\/www.europesays.com\/es\/wp-json\/wp\/v2\/posts\/339626","targetHints":{"allow":["GET"]}}],"collection":[{"href":"https:\/\/www.europesays.com\/es\/wp-json\/wp\/v2\/posts"}],"about":[{"href":"https:\/\/www.europesays.com\/es\/wp-json\/wp\/v2\/types\/post"}],"author":[{"embeddable":true,"href":"https:\/\/www.europesays.com\/es\/wp-json\/wp\/v2\/users\/2"}],"replies":[{"embeddable":true,"href":"https:\/\/www.europesays.com\/es\/wp-json\/wp\/v2\/comments?post=339626"}],"version-history":[{"count":0,"href":"https:\/\/www.europesays.com\/es\/wp-json\/wp\/v2\/posts\/339626\/revisions"}],"wp:featuredmedia":[{"embeddable":true,"href":"https:\/\/www.europesays.com\/es\/wp-json\/wp\/v2\/media\/339627"}],"wp:attachment":[{"href":"https:\/\/www.europesays.com\/es\/wp-json\/wp\/v2\/media?parent=339626"}],"wp:term":[{"taxonomy":"category","embeddable":true,"href":"https:\/\/www.europesays.com\/es\/wp-json\/wp\/v2\/categories?post=339626"},{"taxonomy":"post_tag","embeddable":true,"href":"https:\/\/www.europesays.com\/es\/wp-json\/wp\/v2\/tags?post=339626"}],"curies":[{"name":"wp","href":"https:\/\/api.w.org\/{rel}","templated":true}]}}