{"id":339681,"date":"2026-01-14T05:37:09","date_gmt":"2026-01-14T05:37:09","guid":{"rendered":"https:\/\/www.europesays.com\/es\/339681\/"},"modified":"2026-01-14T05:37:09","modified_gmt":"2026-01-14T05:37:09","slug":"penelope-cruz-y-javier-bardem-de-fiesta-con-amigos-vips-por-madrid","status":"publish","type":"post","link":"https:\/\/www.europesays.com\/es\/339681\/","title":{"rendered":"Pen\u00e9lope Cruz y Javier Bardem, de fiesta con amigos vips por Madrid"},"content":{"rendered":"<p>La actriz <a title=\"Marta Solaz\" href=\"https:\/\/www.larazon.es\/gente\/famosos\/marta-solaz-inseparable-pareja-sergio-perismencheta-actualiza-estado-trasplante-medula_2024053066585b62b19e5e00013621d7.html\" target=\"_blank\" rel=\"nofollow noopener\">Marta Solaz<\/a> es muy querida. As\u00ed lo han demostrado sus incondicionales amigos en la celebraci\u00f3n de su cumplea\u00f1os. Todos han querido estar presentes en el especial d\u00eda de la mujer de <a title=\"Sergio Peris Mencheta\" href=\"https:\/\/www.larazon.es\/gente\/famosos\/sergio-perismencheta-causa-baja-recibir-nuevo-reves-medico_2025102168f7d38ed5a0685a0ecc57fd.html\" target=\"_blank\" rel=\"nofollow noopener\">Sergio Peris Mencheta<\/a>, que <b>cumpl\u00eda 50 a\u00f1os<\/b>. El actor le ha orquestado una <b>fiesta sorpresa a su esposa para festejar como se merece su medio siglo de vida<\/b> y para ello convoc\u00f3 a sus m\u00e1s \u00edntimos a brindar en un local de Madrid. Un enclave que era secreto para la protagonista de la jornada, que acudi\u00f3 enga\u00f1ada a la cita. <b>No pudo evitar las l\u00e1grimas al ver todos los que hab\u00edan ido a felicitarla en persona. <\/b><\/p>\n<p><b>\u201cQu\u00e9 fuerte\u201d o \u201cno puedo, no puedo\u201d<\/b>, era lo que logr\u00f3 articular la actriz cuando entr\u00f3 en el local madrile\u00f1o y se encontr\u00f3 a lo m\u00e1s granado del cine patrio. Tambi\u00e9n otros muchos \u00edntimos amigos que se desarrollan detr\u00e1s de las c\u00e1maras o del foco medi\u00e1tico. Marta estaba impresionada por el poder de convocatoria que despierta su 50 aniversario, pues entre los invitados ha llamado mucho la atenci\u00f3n la <b>presencia de <\/b><a title=\"Pen\u00e9lope Cruz\" href=\"https:\/\/www.larazon.es\/gente\/famosos\/penelope-cruz-consternada-atentado-sidney-estoy-luto_202512156940406daf09df5010884261.html\" target=\"_blank\" rel=\"nofollow noopener\">Pen\u00e9lope Cruz<\/a><b> y <\/b><a title=\"Javier Bardem\" href=\"https:\/\/www.larazon.es\/gente\/famosos\/penelope-cruz-compra-atico-madrid-2-millones-lujosos-detalles_20251104690a4f95513f437cb8f8d755.html\" target=\"_blank\" rel=\"nofollow noopener\">Javier Bardem<\/a><b>, adem\u00e1s de otros rostros conocidos de la gran pantalla espa\u00f1ola. <\/b><\/p>\n<p>C\u00f3nclave de vips en el cumplea\u00f1os de Marta Solaz<\/p>\n<p>Son numerosas las publicaciones que los buenos amigos de la cumplea\u00f1era han compartido en sus redes sociales. Momentos de la celebraci\u00f3n que quer\u00edan acercar al p\u00fablico a trav\u00e9s de sus perfiles en Instagram, permitiendo echar un vistazo a los m\u00e1s curiosos. As\u00ed nos dimos cuenta del <b>calibre de la lista de invitados, m\u00e1s propia de una alfombra roja o el estreno de una s\u00faper producci\u00f3n patria<\/b>. Y es que no es habitual encontrarte en un local de Madrid reunidos a Pen\u00e9lope Cruz y Javier Bardem con muchos otros rostros conocidos del cine espa\u00f1ol.<\/p>\n<p>Sergio Peris Mencheta tir\u00f3 de contactos para que el cumplea\u00f1os de su esposa fuese especial. Convoc\u00f3 a los mejores amigos de Marta, entre los que se encuentran <b>muchas estrellas de la interpretaci\u00f3n con los que ha compartido set de rodaje y muchas otras aventuras<\/b>, como tambi\u00e9n es el caso de <a title=\"Goya Toledo\" href=\"https:\/\/www.larazon.es\/television\/prime-video-anuncia-estreno-culpa-nuestra-esperada-pelicula-que-cierra-saga-mas-vista-espana_2025082068a5f6e95331f214bde8c0aa.html\" target=\"_blank\" rel=\"nofollow noopener\">Goya Toledo<\/a>, que tambi\u00e9n se encontraba entre las invitadas. As\u00ed se puede evidenciar en uno de los clips que sus amigos han compartido con sus fieles de Instagram, a\u00f1adiendo m\u00e1s nombres jugosos a la exclusiva lista. <\/p>\n<p>Tambi\u00e9n hizo un esfuerzo may\u00fasculo para estar presente y darle su regalo a Marta, <a title=\"Almudena Cid. La gimnasta acudi\u00f3 acompa\u00f1ada de su novio, Gerardo Berodia, mientras contin\u00faa lidiando con las secuelas de su reciente paso por quir\u00f3fano\" href=\"https:\/\/www.larazon.es\/gente\/famosos\/almudena-cid-actualiza-salud-salir-quirofano-quejandose-abandono-que-sufre_2026011269655b02be7ae37724c0a396.html?outputType=amp\" target=\"_blank\" rel=\"nofollow noopener\">Almudena Cid. La gimnasta acudi\u00f3 acompa\u00f1ada de su novio, Gerardo Berodia, mientras contin\u00faa lidiando con las secuelas de su reciente paso por quir\u00f3fano<\/a>. Hace tres semanas se oper\u00f3 de la cadera y est\u00e1 en pleno proceso de rehabilitaci\u00f3n, celebrando hitos como ayer el poder atarse los cordones de sus propios zapatos. Un gesto que agradeci\u00f3 mucho su amiga, que despu\u00e9s dedic\u00f3 unas palabras a los presentes: <b>\u201cMe sent\u00ed emborrachada de emoci\u00f3n por tanto amor recibido y me abr\u00ed a recibirlo. Hay veces que toca recibir y ayer me entregu\u00e9. Semejante torrente de amor me dej\u00f3 desvelada el resto de la noche. Una galaxia late dentro de m\u00ed\u201d<\/b>, festeja Solaz, que ha cumplido los 50 a\u00f1os por todo lo alto y celebrando la vida. <\/p>\n","protected":false},"excerpt":{"rendered":"La actriz Marta Solaz es muy querida. As\u00ed lo han demostrado sus incondicionales amigos en la celebraci\u00f3n de&hellip;\n","protected":false},"author":2,"featured_media":339682,"comment_status":"","ping_status":"","sticky":false,"template":"","format":"standard","meta":{"footnotes":""},"categories":[174],"tags":[255,146,147,25,24,256,23],"class_list":{"0":"post-339681","1":"post","2":"type-post","3":"status-publish","4":"format-standard","5":"has-post-thumbnail","7":"category-famosos","8":"tag-celebrities","9":"tag-entertainment","10":"tag-entretenimiento","11":"tag-es","12":"tag-espana","13":"tag-famosos","14":"tag-spain"},"share_on_mastodon":{"url":"https:\/\/pubeurope.com\/@es\/115891840141307621","error":""},"_links":{"self":[{"href":"https:\/\/www.europesays.com\/es\/wp-json\/wp\/v2\/posts\/339681","targetHints":{"allow":["GET"]}}],"collection":[{"href":"https:\/\/www.europesays.com\/es\/wp-json\/wp\/v2\/posts"}],"about":[{"href":"https:\/\/www.europesays.com\/es\/wp-json\/wp\/v2\/types\/post"}],"author":[{"embeddable":true,"href":"https:\/\/www.europesays.com\/es\/wp-json\/wp\/v2\/users\/2"}],"replies":[{"embeddable":true,"href":"https:\/\/www.europesays.com\/es\/wp-json\/wp\/v2\/comments?post=339681"}],"version-history":[{"count":0,"href":"https:\/\/www.europesays.com\/es\/wp-json\/wp\/v2\/posts\/339681\/revisions"}],"wp:featuredmedia":[{"embeddable":true,"href":"https:\/\/www.europesays.com\/es\/wp-json\/wp\/v2\/media\/339682"}],"wp:attachment":[{"href":"https:\/\/www.europesays.com\/es\/wp-json\/wp\/v2\/media?parent=339681"}],"wp:term":[{"taxonomy":"category","embeddable":true,"href":"https:\/\/www.europesays.com\/es\/wp-json\/wp\/v2\/categories?post=339681"},{"taxonomy":"post_tag","embeddable":true,"href":"https:\/\/www.europesays.com\/es\/wp-json\/wp\/v2\/tags?post=339681"}],"curies":[{"name":"wp","href":"https:\/\/api.w.org\/{rel}","templated":true}]}}