{"id":339812,"date":"2026-01-14T07:29:08","date_gmt":"2026-01-14T07:29:08","guid":{"rendered":"https:\/\/www.europesays.com\/es\/339812\/"},"modified":"2026-01-14T07:29:08","modified_gmt":"2026-01-14T07:29:08","slug":"los-grandes-banqueros-centrales-plantan-cara-a-trump-y-defienden-a-powell-que-esta-pasando-con-la-reserva-federal-el-pais-expres","status":"publish","type":"post","link":"https:\/\/www.europesays.com\/es\/339812\/","title":{"rendered":"Los grandes banqueros centrales plantan cara a Trump y defienden a Powell: \u00bfqu\u00e9 est\u00e1 pasando con la Reserva Federal? | El PA\u00cdS Expr\u00e9s"},"content":{"rendered":"<p><img fetchpriority=\"high\" decoding=\"auto\" class=\"_re  a_m-h\" height=\"414\"  width=\"414\"  src=\"https:\/\/www.europesays.com\/es\/wp-content\/uploads\/2026\/01\/AKKYQ472GBFHPNWV3MXLPNARPQ.JPG\" loading=\"eager\"\/>Federal Reserve Chair Jerome Powell arrives at the U.S. Federal Reserve in Washington, U.S., January 13, 2026. REUTERS\/Nathan HowardFOTO: Nathan Howard (REUTERS)<\/p>\n<p class=\"\">La bater\u00eda de ataques de Donald Trump a la Reserva Federal de Estados Unidos y su presidente, Jerome Powell, ha provocado que los responsables de los principales bancos centrales del mundo planten cara al magnate en defensa de la Fed.<\/p>\n<p class=\"\"><b>\u00bfQu\u00e9 ha pasado? <\/b>Powell anunci\u00f3 este lunes que la Fiscal\u00eda federal hab\u00eda abierto una investigaci\u00f3n penal contra \u00e9l para aclarar si minti\u00f3 durante su comparecencia en el Congreso, donde explic\u00f3 las obras en la sede de la instituci\u00f3n. <\/p>\n<ul>\n<li>Pero la acci\u00f3n se enmarca en meses de acoso y amenazas de Trump a Powell por no doblegarse a reducir los tipos de inter\u00e9s a mayor velocidad, como exige el presidente. <\/li>\n<\/ul>\n<p class=\"\"><b>Y los grandes banqueros le respaldan. <\/b>La presidenta del Banco Central Europeo, Christine Lagarde, ha firmado una carta junto a los responsables del Banco de Pagos Internacionales (BIS), entre los que est\u00e1 el espa\u00f1ol Pablo Hern\u00e1ndez de Cos, en la que se solidarizan con el banco central estadounidense y con Powell.<\/p>\n<ul>\n<li>\u201cLa independencia de los bancos centrales es fundamental para la estabilidad de precios, financiera y econ\u00f3mica\u201d, exponen en la misiva, que tambi\u00e9n est\u00e1 firmada por los responsables de los bancos de Suecia, Dinamarca, Suiza, Australia, Corea o Brasil, entre otros.<\/li>\n<li>El comunicado conjunto destaca que \u201cel presidente Powell ha desempe\u00f1ado su cargo con integridad, centrado en su mandato y con un compromiso inquebrantable con el inter\u00e9s p\u00fablico\u201d.<\/li>\n<\/ul>\n<p class=\"\">\u00a9Foto: Nathan Howard (Reuters)<\/p>\n<p class=\"\"><a href=\"https:\/\/elpais.com\/economia\/2026-01-13\/los-grandes-banqueros-centrales-respaldan-a-powell-y-defienden-la-independencia-de-la-fed.html\" target=\"_self\" rel=\"nofollow noopener\" title=\"https:\/\/elpais.com\/economia\/2026-01-13\/los-grandes-banqueros-centrales-respaldan-a-powell-y-defienden-la-independencia-de-la-fed.html\">Si quieres saber m\u00e1s, puedes leer aqu\u00ed<\/a>.<\/p>\n","protected":false},"excerpt":{"rendered":"Federal Reserve Chair Jerome Powell arrives at the U.S. Federal Reserve in Washington, U.S., January 13, 2026. REUTERS\/Nathan&hellip;\n","protected":false},"author":2,"featured_media":339813,"comment_status":"","ping_status":"","sticky":false,"template":"","format":"standard","meta":{"footnotes":""},"categories":[80],"tags":[3288,1842,82,352,95,94,25,24,629,1843,23],"class_list":{"0":"post-339812","1":"post","2":"type-post","3":"status-publish","4":"format-standard","5":"has-post-thumbnail","7":"category-economia","8":"tag-bancos","9":"tag-bce","10":"tag-business","11":"tag-donald-trump","12":"tag-economia","13":"tag-economy","14":"tag-es","15":"tag-espana","16":"tag-estados-unidos","17":"tag-reserva-federal","18":"tag-spain"},"share_on_mastodon":{"url":"https:\/\/pubeurope.com\/@es\/115892280759520284","error":""},"_links":{"self":[{"href":"https:\/\/www.europesays.com\/es\/wp-json\/wp\/v2\/posts\/339812","targetHints":{"allow":["GET"]}}],"collection":[{"href":"https:\/\/www.europesays.com\/es\/wp-json\/wp\/v2\/posts"}],"about":[{"href":"https:\/\/www.europesays.com\/es\/wp-json\/wp\/v2\/types\/post"}],"author":[{"embeddable":true,"href":"https:\/\/www.europesays.com\/es\/wp-json\/wp\/v2\/users\/2"}],"replies":[{"embeddable":true,"href":"https:\/\/www.europesays.com\/es\/wp-json\/wp\/v2\/comments?post=339812"}],"version-history":[{"count":0,"href":"https:\/\/www.europesays.com\/es\/wp-json\/wp\/v2\/posts\/339812\/revisions"}],"wp:featuredmedia":[{"embeddable":true,"href":"https:\/\/www.europesays.com\/es\/wp-json\/wp\/v2\/media\/339813"}],"wp:attachment":[{"href":"https:\/\/www.europesays.com\/es\/wp-json\/wp\/v2\/media?parent=339812"}],"wp:term":[{"taxonomy":"category","embeddable":true,"href":"https:\/\/www.europesays.com\/es\/wp-json\/wp\/v2\/categories?post=339812"},{"taxonomy":"post_tag","embeddable":true,"href":"https:\/\/www.europesays.com\/es\/wp-json\/wp\/v2\/tags?post=339812"}],"curies":[{"name":"wp","href":"https:\/\/api.w.org\/{rel}","templated":true}]}}