{"id":339843,"date":"2026-01-14T07:53:08","date_gmt":"2026-01-14T07:53:08","guid":{"rendered":"https:\/\/www.europesays.com\/es\/339843\/"},"modified":"2026-01-14T07:53:08","modified_gmt":"2026-01-14T07:53:08","slug":"pagar-el-aceite-a-plazos-o-dormir-en-las-azoteas-el-colapso-economico-la-chispa-que-ha-incendiado-iran-internacional","status":"publish","type":"post","link":"https:\/\/www.europesays.com\/es\/339843\/","title":{"rendered":"Pagar el aceite a plazos o dormir en las azoteas: el colapso econ\u00f3mico, la chispa que ha incendiado Ir\u00e1n | Internacional"},"content":{"rendered":"<p class=\"\">Las <a href=\"https:\/\/elpais.com\/internacional\/2025-12-30\/muerte-a-la-inflacion-iran-vive-tres-dias-de-protestas-por-las-dificultades-economicas.html\" target=\"_self\" rel=\"nofollow noopener\" title=\"https:\/\/elpais.com\/internacional\/2025-12-30\/muerte-a-la-inflacion-iran-vive-tres-dias-de-protestas-por-las-dificultades-economicas.html\">manifestaciones de las \u00faltimas dos semanas en Ir\u00e1n<\/a> ponen de manifiesto un malestar estructural profundo y complejo, en el que las demandas econ\u00f3micas constituyen \u00fanicamente la punta del iceberg. <\/p>\n<p class=\"\">Aunque las protestas <a href=\"https:\/\/elpais.com\/internacional\/2026-01-09\/las-protestas-de-iran-se-recruedecen-con-decenas-de-muertos-en-las-31-provincias-del-pais.html\" target=\"_self\" rel=\"nofollow noopener\" title=\"https:\/\/elpais.com\/internacional\/2026-01-09\/las-protestas-de-iran-se-recruedecen-con-decenas-de-muertos-en-las-31-provincias-del-pais.html\">se originaron en el Gran Bazar de Teher\u00e1n<\/a>, el movimiento responde a causas mucho m\u00e1s amplias. Los factores econ\u00f3micos han estado siempre presentes en el trasfondo de las movilizaciones sociales y, en esta ocasi\u00f3n, se han convertido en su principal motor. No es casual que la primera chispa surgiera el 28 de diciembre en el coraz\u00f3n comercial de la capital y se propagara con rapidez a numerosas ciudades del pa\u00eds, evidenciando la convicci\u00f3n generalizada de que el sistema vigente es irreformable. <\/p>\n<p class=\"\">Seg\u00fan estad\u00edsticas oficiales, en los \u00faltimos ocho a\u00f1os el poder adquisitivo ha ca\u00eddo m\u00e1s del 90% y el tipo de cambio del d\u00f3lar en el mercado libre ha aumentado un 3.300%. Esta devaluaci\u00f3n ha sido tan severa que el tom\u00e1n \u2014unidad informal equivalente a 10 riales\u2014 ha comenzado a utilizarse incluso en contextos oficiales para evitar cifras desmesuradas, dif\u00edciles de leer y comprender. La tasa de desempleo juvenil alcanza un 19,7% y una parte significativa de quienes trabajan lo hacen en condiciones de precariedad. Como resultado, la clase media con formaci\u00f3n, competencias y expectativas comparables a las de la clase media global, ha sido <a href=\"https:\/\/elpais.com\/podcasts\/hoy-en-el-pais\/2026-01-13\/los-iranies-atrapados-entre-la-carcel-y-la-tutela-de-trump.html\" target=\"_self\" rel=\"nofollow noopener\" title=\"https:\/\/elpais.com\/podcasts\/hoy-en-el-pais\/2026-01-13\/los-iranies-atrapados-entre-la-carcel-y-la-tutela-de-trump.html\">empujada por debajo del umbral de la pobreza y ha perdido cualquier horizonte de progreso<\/a>. La inflaci\u00f3n cr\u00f3nica, que seg\u00fan datos oficiales ronda el 50%, ha erosionado de forma sostenida el estatus social de amplias capas de la poblaci\u00f3n. <\/p>\n<p class=\"\">En este contexto, el aumento del 67% en el precio de la gasolina, junto con el pol\u00e9mico proyecto de ley de presupuestos para el pr\u00f3ximo a\u00f1o, ha actuado como detonante. Dicho proyecto contempla un incremento de la carga fiscal y la asignaci\u00f3n de unos 31 billones de tomanes (unos 338 millones de euros) a instituciones religiosas, as\u00ed como 210 billones de tomanes (2.150 millones de euros) a las fuerzas de seguridad, que constituyen <a href=\"https:\/\/elpais.com\/internacional\/2026-01-10\/las-autoridades-de-iran-amenazan-con-reprimir-con-la-mayor-fuerza-las-protestas.html\" target=\"_self\" rel=\"nofollow noopener\" title=\"https:\/\/elpais.com\/internacional\/2026-01-10\/las-autoridades-de-iran-amenazan-con-reprimir-con-la-mayor-fuerza-las-protestas.html\">el principal brazo represivo del r\u00e9gimen<\/a>. A ello se suma la eliminaci\u00f3n del tipo de cambio preferencial de 28.500 tomanes por d\u00f3lar, destinado a la importaci\u00f3n de bienes esenciales como medicinas, alimentos y equipos m\u00e9dicos. Estos productos deber\u00e1n adquirirse ahora al tipo del mercado libre, cercano a los 147.000 tomanes, lo que implica que sus precios podr\u00edan multiplicarse por cinco. <\/p>\n<p><img decoding=\"auto\" class=\"_re lazyload a_m-h\" height=\"288\"  width=\"414\"  src=\"https:\/\/www.europesays.com\/es\/wp-content\/uploads\/2026\/01\/GR3TRZ65VNGNTHYV25C4YMYOKM.jpg\" loading=\"lazy\"\/>Comercios cerrados en el Gran Bazar de Teher\u00e1n, donde arrancaron las protestas, el pasado 6 de enero. Associated Press\/LaPresse (APS)<\/p>\n<p class=\"\">Como si este escenario no fuera suficiente, Akbar Ranjbarzadeh, miembro de la Comisi\u00f3n de Industria y Minas del Parlamento, ha denunciado que \u201clas empresas fiduciarias y las casas de cambio no han entregado al pa\u00eds 7.000 millones de d\u00f3lares procedentes de la venta de petr\u00f3leo\u201d. En el lenguaje econ\u00f3mico iran\u00ed, las fiduciarias son intermediarios encargados de eludir las sanciones internacionales y transferir los ingresos derivados de la exportaci\u00f3n de petr\u00f3leo y productos petroqu\u00edmicos. Esta red opaca de oligarcas, que opera al margen del sistema bancario oficial y del mecanismo SWIFT, se ha convertido en un foco recurrente de grandes <a href=\"https:\/\/elpais.com\/internacional\/2026-01-12\/una-de-estas-oleadas-de-protestas-en-iran-derrotara-al-estado.html\" target=\"_self\" rel=\"nofollow noopener\" title=\"https:\/\/elpais.com\/internacional\/2026-01-12\/una-de-estas-oleadas-de-protestas-en-iran-derrotara-al-estado.html\">casos de corrupci\u00f3n<\/a> debido a la ausencia de supervisi\u00f3n efectiva. <\/p>\n<p class=\"\">En la \u00faltima d\u00e9cada, <a href=\"https:\/\/elpais.com\/internacional\/2026-01-10\/las-protestas-en-iran-crecen-en-un-momento-de-debilidad-del-regimen.html\" target=\"_self\" rel=\"nofollow noopener\" title=\"https:\/\/elpais.com\/internacional\/2026-01-10\/las-protestas-en-iran-crecen-en-un-momento-de-debilidad-del-regimen.html\">la frecuencia de las protestas en Ir\u00e1n ha aumentado de manera significativa<\/a>, reflejo del creciente descontento social, de la brecha entre la \u00e9lite gobernante y la ciudadan\u00eda, y del rechazo al islam pol\u00edtico por parte de amplios sectores de la sociedad. Los actuales problemas econ\u00f3micos son el resultado de a\u00f1os de mala gesti\u00f3n interna, corrupci\u00f3n sist\u00e9mica y descontrolada, relaciones exteriores limitadas y <a href=\"https:\/\/elpais.com\/internacional\/2024-04-22\/la-ue-se-dispone-a-ampliar-sus-sanciones-a-iran-como-advertencia-politica-tras-el-ataque-a-israel.html\" target=\"_self\" rel=\"nofollow noopener\" title=\"https:\/\/elpais.com\/internacional\/2024-04-22\/la-ue-se-dispone-a-ampliar-sus-sanciones-a-iran-como-advertencia-politica-tras-el-ataque-a-israel.html\">sanciones internacionales<\/a>, factores que han llevado al colapso econ\u00f3mico hasta un punto cercano al no retorno, haciendo la vida cotidiana pr\u00e1cticamente insostenible. <\/p>\n<p class=\"\">No obstante, estas protestas no se limitan a la esfera econ\u00f3mica: enlazan la lucha por la supervivencia con un profundo malestar ante la <a href=\"https:\/\/elpais.com\/opinion\/2026-01-13\/mujer-vida-y-libertad-el-grito-de-las-mujeres-en-iran.html\" target=\"_self\" rel=\"nofollow noopener\" title=\"https:\/\/elpais.com\/opinion\/2026-01-13\/mujer-vida-y-libertad-el-grito-de-las-mujeres-en-iran.html\">falta de libertades<\/a>, las costosas e infructuosas aventuras regionales y la represi\u00f3n sistem\u00e1tica de cualquier voz cr\u00edtica. El r\u00e9gimen carece ya de instrumentos para satisfacer las demandas leg\u00edtimas de la poblaci\u00f3n, ya que cualquier concesi\u00f3n supondr\u00eda admitir los graves errores en los cimientos ideol\u00f3gicos sobre los que se ha sostenido durante m\u00e1s de cuatro d\u00e9cadas. Por ello, la represi\u00f3n se ha convertido en su \u00fanica respuesta. <\/p>\n<p class=\"\">Karim Sadjadpour, investigador principal del Fondo Carnegie para la Paz Internacional, ha definido a la Rep\u00fablica Isl\u00e1mica como un \u201cr\u00e9gimen zombi\u201d. \u201cSu legitimidad, ideolog\u00eda, econom\u00eda y liderazgo est\u00e1n muertos o agonizando. Lo que lo mantiene en pie es la fuerza letal. Para sobrevivir, mata; y vive para matar. La violencia puede retrasar su funeral, pero no puede devolverle el pulso\u201d, afirma el analista. El actual <a href=\"https:\/\/elpais.com\/tecnologia\/2026-01-12\/apagon-de-internet-en-iran-asi-funciona-el-arma-digital-de-los-regimenes-autoritarios-para-acallar-a-la-poblacion.html\" target=\"_self\" rel=\"nofollow noopener\" title=\"https:\/\/elpais.com\/tecnologia\/2026-01-12\/apagon-de-internet-en-iran-asi-funciona-el-arma-digital-de-los-regimenes-autoritarios-para-acallar-a-la-poblacion.html\">corte de internet y de las comunicaciones telef\u00f3nicas<\/a> constituye una prueba tangible de esta deriva represiva que busca impedir el flujo de informaci\u00f3n, as\u00ed como la muerte de miles de manifestantes. <\/p>\n<p><img decoding=\"auto\" class=\"_re lazyload a_m-h\" height=\"277\"  width=\"414\"  src=\"https:\/\/www.europesays.com\/es\/wp-content\/uploads\/2026\/01\/MGUIJW4MD5PWLOCNWJWGI7KQ6Q.jpg\" loading=\"lazy\"\/>Una manifestante lleva una pancarta durante una manifestaci\u00f3n en apoyo a las revueltas populares en Ir\u00e1n, en la plaza de Callao (Madrid), el pasado domingo.A. P\u00e9rez Meca (Europa Press)<\/p>\n<p class=\"\">Para los <a href=\"https:\/\/elpais.com\/ideas\/2025-11-15\/la-generacion-z-anora-los-anos-noventa-idealiza-un-tiempo-en-que-la-tecnologia-no-hipnotizaba-a-los-jovenes.html\" target=\"_self\" rel=\"nofollow noopener\" title=\"https:\/\/elpais.com\/ideas\/2025-11-15\/la-generacion-z-anora-los-anos-noventa-idealiza-un-tiempo-en-que-la-tecnologia-no-hipnotizaba-a-los-jovenes.html\">j\u00f3venes de la generaci\u00f3n Z<\/a>, la continuidad de este sistema ineficiente y represivo equivale a perder nivel de vida y expectativas de futuro; para los trabajadores y los sectores m\u00e1s vulnerables, supone una lucha por la mera supervivencia biol\u00f3gica. Seg\u00fan la agencia moderada ILNA, especializada en temas laborales y econ\u00f3micos, tras el fuerte encarecimiento de la vivienda y la ca\u00edda del poder adquisitivo ha surgido el fen\u00f3meno de \u201cdormir en las azoteas\u201d, ya que algunas personas se ven obligadas a alquilar los techos de las casas. Por su parte, la agencia Tabnak informa de un notable aumento en el consumo de pan subsidiado. Las plataformas de venta en l\u00ednea ofrecen ya productos b\u00e1sicos como el aceite con opci\u00f3n de pago a plazos, mientras numerosos hogares han reducido al m\u00ednimo el consumo de prote\u00ednas. <\/p>\n<p class=\"\">La <a href=\"https:\/\/elpais.com\/opinion\/2026-01-12\/iran-ante-la-indignacion-popular.html\" target=\"_self\" rel=\"nofollow noopener\" title=\"https:\/\/elpais.com\/opinion\/2026-01-12\/iran-ante-la-indignacion-popular.html\">indignaci\u00f3n social se intensifica<\/a> al observar c\u00f3mo, en plena crisis, los oligarcas y la minor\u00eda vinculada al poder exhortan a la poblaci\u00f3n a la austeridad y la resistencia, al tiempo que exhiben sin pudor su riqueza y su estilo de vida en las redes sociales. Los mismos funcionarios que demonizan a Occidente y sus s\u00edmbolos tienen a sus hijos residiendo en Europa, Estados Unidos o Canad\u00e1, disfrutando de un modo de vida que contradice abiertamente los valores que proclaman. <\/p>\n<p class=\"\">La Rep\u00fablica Isl\u00e1mica se instaur\u00f3 en 1979 con la promesa de proteger a los desfavorecidos, distribuir la riqueza de forma justa y garantizar la dignidad humana. Sin embargo, en 2026 se ha transformado de manera flagrante en un capitalismo de amiguetes, enchufados y parientes que sacrifica derechos de la ciudadan\u00eda en favor del control de los centros de poder. Este doble rasero ha convertido la pobreza en una ira pol\u00edtica acumulada, que hoy los iran\u00edes expresan abiertamente en las calles. <\/p>\n","protected":false},"excerpt":{"rendered":"Las manifestaciones de las \u00faltimas dos semanas en Ir\u00e1n ponen de manifiesto un malestar estructural profundo y complejo,&hellip;\n","protected":false},"author":2,"featured_media":339844,"comment_status":"","ping_status":"","sticky":false,"template":"","format":"standard","meta":{"footnotes":""},"categories":[42],"tags":[17,18,9827,95,13,14,24405,11,61,62,63,64,3137,19,20,76880,16735,15989,9,10,15,16,77307,2575,12,21,22,65,66,67],"class_list":{"0":"post-339843","1":"post","2":"type-post","3":"status-publish","4":"format-standard","5":"has-post-thumbnail","7":"category-internacional","8":"tag-breaking-news","9":"tag-breakingnews","10":"tag-crisis-economica","11":"tag-economia","12":"tag-featured-news","13":"tag-featurednews","14":"tag-generacion-posmilenial","15":"tag-headlines","16":"tag-internacional","17":"tag-international","18":"tag-international-news","19":"tag-internationalnews","20":"tag-iran","21":"tag-latest-news","22":"tag-latestnews","23":"tag-malestar-social","24":"tag-manifestaciones","25":"tag-moneda","26":"tag-news","27":"tag-noticias","28":"tag-noticias-destacadas","29":"tag-noticiasdestacadas","30":"tag-protestas-iran","31":"tag-represion-politica","32":"tag-titulares","33":"tag-ultimas-noticias","34":"tag-ultimasnoticias","35":"tag-world","36":"tag-world-news","37":"tag-worldnews"},"share_on_mastodon":{"url":"","error":"Validation failed: Text character limit of 500 exceeded"},"_links":{"self":[{"href":"https:\/\/www.europesays.com\/es\/wp-json\/wp\/v2\/posts\/339843","targetHints":{"allow":["GET"]}}],"collection":[{"href":"https:\/\/www.europesays.com\/es\/wp-json\/wp\/v2\/posts"}],"about":[{"href":"https:\/\/www.europesays.com\/es\/wp-json\/wp\/v2\/types\/post"}],"author":[{"embeddable":true,"href":"https:\/\/www.europesays.com\/es\/wp-json\/wp\/v2\/users\/2"}],"replies":[{"embeddable":true,"href":"https:\/\/www.europesays.com\/es\/wp-json\/wp\/v2\/comments?post=339843"}],"version-history":[{"count":0,"href":"https:\/\/www.europesays.com\/es\/wp-json\/wp\/v2\/posts\/339843\/revisions"}],"wp:featuredmedia":[{"embeddable":true,"href":"https:\/\/www.europesays.com\/es\/wp-json\/wp\/v2\/media\/339844"}],"wp:attachment":[{"href":"https:\/\/www.europesays.com\/es\/wp-json\/wp\/v2\/media?parent=339843"}],"wp:term":[{"taxonomy":"category","embeddable":true,"href":"https:\/\/www.europesays.com\/es\/wp-json\/wp\/v2\/categories?post=339843"},{"taxonomy":"post_tag","embeddable":true,"href":"https:\/\/www.europesays.com\/es\/wp-json\/wp\/v2\/tags?post=339843"}],"curies":[{"name":"wp","href":"https:\/\/api.w.org\/{rel}","templated":true}]}}