{"id":339884,"date":"2026-01-14T08:24:09","date_gmt":"2026-01-14T08:24:09","guid":{"rendered":"https:\/\/www.europesays.com\/es\/339884\/"},"modified":"2026-01-14T08:24:09","modified_gmt":"2026-01-14T08:24:09","slug":"la-hexagon-cup-primer-torneo-del-ano-para-gemma-triay","status":"publish","type":"post","link":"https:\/\/www.europesays.com\/es\/339884\/","title":{"rendered":"La Hexagon Cup, primer torneo del a\u00f1o para Gemma Triay"},"content":{"rendered":"<p>Tras convertirse en <strong>uno de los equipos de referencia de la Hexagon Cup y alcanzar las finales en 2024 y 2025<\/strong>, el Rafa Nadal Academy Team by Cox volver\u00e1 a luchar por estar en lo m\u00e1s alto del novedoso torneo por equipos, que celebrar\u00e1 su tercera edici\u00f3n del 28 de enero al 1 de febrero de 2026.<\/p>\n<p>Un a\u00f1o m\u00e1s,<strong> la pareja femenina del RNA Team estar\u00e1 compuesta por Martita Ortega y la menorquina <a href=\"https:\/\/www.menorca.info\/etiqueta\/Gemma+Triay.html?utm_source=Inline-tag&amp;utm_medium=internal\" rel=\"nofollow noopener\" target=\"_blank\">Gemma Triay<\/a>,<\/strong> la \u00fanica dupla capaz de ganar sus cuatro partidos en la pasada edici\u00f3n. En 2026, ambas volver\u00e1n a ser uno de los pilares fundamentales del equipo.<\/p>\n<p>Por tanto, la alaiorense y actual n\u00famero uno del mundo<strong> abrir\u00e1 el a\u00f1o en la Caja M\u00e1gica de Madrid<\/strong> despu\u00e9s de cerrar el 2025 cayendo en la \u00faltima instancia de las Finales de Barcelona de Premier Padel.<\/p>\n<p>El Rafa Nadal Academy Team tendr\u00e1 como <strong>rivales<\/strong> a Robert Lewandowski (RL9 Team), Andy Murray (AD\/vantage Team), Eva Longoria (Eleven Eleven), el Team Bella Puerto Rico, el Team Hexagon Cup, el Kun Ag\u00fcero (Kr\u00fc Padel) y Pierre Gasly (10 Padel Team).<\/p>\n","protected":false},"excerpt":{"rendered":"Tras convertirse en uno de los equipos de referencia de la Hexagon Cup y alcanzar las finales en&hellip;\n","protected":false},"author":2,"featured_media":339885,"comment_status":"","ping_status":"","sticky":false,"template":"","format":"standard","meta":{"footnotes":""},"categories":[274],"tags":[168,25,24,16768,6269,744,23,167,327,326],"class_list":{"0":"post-339884","1":"post","2":"type-post","3":"status-publish","4":"format-standard","5":"has-post-thumbnail","7":"category-tenis","8":"tag-deportes","9":"tag-es","10":"tag-espana","11":"tag-gemma-triay","12":"tag-padel","13":"tag-polideportivo","14":"tag-spain","15":"tag-sports","16":"tag-tenis","17":"tag-tennis"},"share_on_mastodon":{"url":"https:\/\/pubeurope.com\/@es\/115892496835322151","error":""},"_links":{"self":[{"href":"https:\/\/www.europesays.com\/es\/wp-json\/wp\/v2\/posts\/339884","targetHints":{"allow":["GET"]}}],"collection":[{"href":"https:\/\/www.europesays.com\/es\/wp-json\/wp\/v2\/posts"}],"about":[{"href":"https:\/\/www.europesays.com\/es\/wp-json\/wp\/v2\/types\/post"}],"author":[{"embeddable":true,"href":"https:\/\/www.europesays.com\/es\/wp-json\/wp\/v2\/users\/2"}],"replies":[{"embeddable":true,"href":"https:\/\/www.europesays.com\/es\/wp-json\/wp\/v2\/comments?post=339884"}],"version-history":[{"count":0,"href":"https:\/\/www.europesays.com\/es\/wp-json\/wp\/v2\/posts\/339884\/revisions"}],"wp:featuredmedia":[{"embeddable":true,"href":"https:\/\/www.europesays.com\/es\/wp-json\/wp\/v2\/media\/339885"}],"wp:attachment":[{"href":"https:\/\/www.europesays.com\/es\/wp-json\/wp\/v2\/media?parent=339884"}],"wp:term":[{"taxonomy":"category","embeddable":true,"href":"https:\/\/www.europesays.com\/es\/wp-json\/wp\/v2\/categories?post=339884"},{"taxonomy":"post_tag","embeddable":true,"href":"https:\/\/www.europesays.com\/es\/wp-json\/wp\/v2\/tags?post=339884"}],"curies":[{"name":"wp","href":"https:\/\/api.w.org\/{rel}","templated":true}]}}