{"id":339925,"date":"2026-01-14T09:00:09","date_gmt":"2026-01-14T09:00:09","guid":{"rendered":"https:\/\/www.europesays.com\/es\/339925\/"},"modified":"2026-01-14T09:00:09","modified_gmt":"2026-01-14T09:00:09","slug":"el-cuarteto-de-cuerda-vicancos-abre-la-temporada-de-conciertos-de-juventudes-musicales-en-el-conservatorio-enero-2026","status":"publish","type":"post","link":"https:\/\/www.europesays.com\/es\/339925\/","title":{"rendered":"El cuarteto de cuerda Vicancos abre la temporada de conciertos de Juventudes Musicales en el Conservatorio &#8211; enero 2026"},"content":{"rendered":"<p class=\"cmParagraph cmAlignjustify\"><a href=\"https:\/\/www.ponferrada.org\/es\/ponferrada-hoy\/cuarteto-cuerda-vicancos-abre-temporada-conciertos-juventud.ficheros\/s,271986-1%20JJMM%20Quartet%20Vivancos1.jpg\" class=\"cmEmbedImageLink cmPhotoSwipe\" data-title=\"1 JJMM Quartet Vivancos1\" data-description=\"1 JJMM Quartet Vivancos1\" data-type=\"image\" data-size=\"1080x720\" rel=\"nofollow noopener\" target=\"_blank\"><img loading=\"lazy\" decoding=\"async\" src=\"https:\/\/www.europesays.com\/es\/wp-content\/uploads\/2026\/01\/271985-thumb_1 JJMM Quartet Vivancos10.349175263033190243239697995106215262.jpg\" width=\"250\" height=\"166\" alt=\"1 JJMM Quartet Vivancos1\"\/><\/a><\/p>\n<p class=\"cmParagraph cmAlignjustify\"><strong>D\u00eda: <\/strong>21 de enero de 2026<strong><br \/>Hora: <\/strong>19:30 h<strong>.<br \/>Lugar: <\/strong>Auditorio del Conservatorio Crist\u00f3bal Halffter<\/p>\n<p class=\"cmParagraph cmAlignjustify\"><strong>La temporada de conciertos de Juventudes Musicales se abre el pr\u00f3ximo mi\u00e9rcoles, 21 de enero (19,30 horas), con la presencia en el Auditorio Marita Caro del Conservatorio Crist\u00f3bal Halffter del Quartet Vivancos, que ofrecer\u00e1 un programa con piezas de Franz Schubert, Claude Debussy y Dimitri Shostakovich. Esta actividad, con entrada libre, est\u00e1 organizada en colaboraci\u00f3n con el Secretariado de Actividades de la ULE y Juventudes Musicales de Le\u00f3n.<\/strong><\/p>\n<p class=\"cmParagraph cmAlignjustify\">El Quartet Vivancos es una formaci\u00f3n emergente fundada en 2019 en la Escola Superior de M\u00fasica de Catalunya (ESMUC), bajo la tutela del reconocido Quartet Casals, que les otorg\u00f3 Matr\u00edcula de Honor al finalizar sus estudios.<\/p>\n<p class=\"cmParagraph cmAlignjustify\">Integrado por Alexis Garita (violin), Jordi Prim Roma (violin), Estela Meg\u00edas S\u00e1nchez (viola) y Quim Tejedor Arruga (violonchelo), en el concierto de Ponferrada interpretar\u00e1n tres cuartetos de Franz Schubert, Claude Debussy y Dimitri Shostakovich que trazan un recorrido por tres enfoques distintos del cuarteto de cuerda, destacando su evoluci\u00f3n desde el Romanticismo hasta la creaci\u00f3n contempor\u00e1nea. A trav\u00e9s de estas obras se exploran distintos tratamientos del timbre, la forma y la expresividad, ofreciendo una panor\u00e1mica de la riqueza estil\u00edstica y t\u00e9cnica de este genero.<\/p>\n<p class=\"cmParagraph cmAlignjustify\">Desde su debut en el Festival Grec en 2019, el cuarteto ha actuado en auditorios y festivales de gran prestigio, entre ellos el Festival Internacional Pau Casals de Prades, el Auditori de Barcelona, el Gran Teatre del Liceu, el Palau de la M\u00fasica de Val\u00e8ncia, el Auditorio Juan March de Madrid, el Auditorio de Burgos, el Auditorio de Pontevedra, la Schubertiada, el Festival Barcelona Obertura, el Festival de Porta Ferrada y el Festival de Torroella de Montgr\u00ed, entre otros. En 2024 debutaron en el Palau de la M\u00fasica Catalana, donde forman parte de la programaci\u00f3n de la temporada 2025\/2026.<\/p>\n<p class=\"cmParagraph cmAlignjustify\">El cuarteto ha sido reconocido con galardones como el primer premio en el Concurso Amics de Cambra Rom\u00e0nica de Andorra, el premio La Flama otorgado por las Juventudes Musicales de Catalu\u00f1a, el tercer premio en el Concurso de M\u00fasica de C\u00e1mara Ant\u00f3n Garc\u00eda Abril y en el Concurso Josep Mirabent i Magrans.<\/p>\n","protected":false},"excerpt":{"rendered":"D\u00eda: 21 de enero de 2026Hora: 19:30 h.Lugar: Auditorio del Conservatorio Crist\u00f3bal Halffter La temporada de conciertos de&hellip;\n","protected":false},"author":2,"featured_media":339926,"comment_status":"","ping_status":"","sticky":false,"template":"","format":"standard","meta":{"footnotes":""},"categories":[91],"tags":[22820,22815,22824,22822,22809,22821,22808,6093,22807,22810,3343,22811,22801,22806,22819,22805,146,147,25,24,22804,22828,22803,22817,22802,22816,12064,22813,22800,22829,22832,22831,22830,1811,585,22825,22826,22814,20740,22812,23,22818,6538,4664,22827,22823,8374],"class_list":["post-339925","post","type-post","status-publish","format-standard","has-post-thumbnail","category-entretenimiento","tag-administracioacuten-puacuteblica","tag-almacenamiento","tag-almacenamiento-y-backup","tag-aulas-conectadas-y-seguras","tag-bpm","tag-ciudades-digitales","tag-cms","tag-contenidos","tag-content","tag-crm","tag-desarrollo","tag-disentildeo","tag-divisa","tag-document","tag-educacioacuten","tag-emagazine","tag-entertainment","tag-entretenimiento","tag-es","tag-espana","tag-gestioacuten","tag-gestioacuten-de-la-calidad-del-software","tag-informaacutetica","tag-isp","tag-it","tag-java","tag-manager","tag-portales","tag-proxia","tag-proxiareg-carpeta-del-paciente","tag-proxiareg-ecclesia","tag-proxiareg-esede","tag-proxiareg-hygia","tag-sanidad","tag-seguridad","tag-seguridad-perimetral-avanzada","tag-servicios-gestionados","tag-sistemas","tag-soluciones","tag-solutions","tag-spain","tag-sun","tag-telecomunicaciones","tag-turismo","tag-videovigilancia-y-control-de-accesos","tag-virtualizacioacuten","tag-web"],"share_on_mastodon":{"url":"","error":"Validation failed: Text character limit of 500 exceeded"},"_links":{"self":[{"href":"https:\/\/www.europesays.com\/es\/wp-json\/wp\/v2\/posts\/339925","targetHints":{"allow":["GET"]}}],"collection":[{"href":"https:\/\/www.europesays.com\/es\/wp-json\/wp\/v2\/posts"}],"about":[{"href":"https:\/\/www.europesays.com\/es\/wp-json\/wp\/v2\/types\/post"}],"author":[{"embeddable":true,"href":"https:\/\/www.europesays.com\/es\/wp-json\/wp\/v2\/users\/2"}],"replies":[{"embeddable":true,"href":"https:\/\/www.europesays.com\/es\/wp-json\/wp\/v2\/comments?post=339925"}],"version-history":[{"count":0,"href":"https:\/\/www.europesays.com\/es\/wp-json\/wp\/v2\/posts\/339925\/revisions"}],"wp:featuredmedia":[{"embeddable":true,"href":"https:\/\/www.europesays.com\/es\/wp-json\/wp\/v2\/media\/339926"}],"wp:attachment":[{"href":"https:\/\/www.europesays.com\/es\/wp-json\/wp\/v2\/media?parent=339925"}],"wp:term":[{"taxonomy":"category","embeddable":true,"href":"https:\/\/www.europesays.com\/es\/wp-json\/wp\/v2\/categories?post=339925"},{"taxonomy":"post_tag","embeddable":true,"href":"https:\/\/www.europesays.com\/es\/wp-json\/wp\/v2\/tags?post=339925"}],"curies":[{"name":"wp","href":"https:\/\/api.w.org\/{rel}","templated":true}]}}