{"id":340000,"date":"2026-01-14T09:56:12","date_gmt":"2026-01-14T09:56:12","guid":{"rendered":"https:\/\/www.europesays.com\/es\/340000\/"},"modified":"2026-01-14T09:56:12","modified_gmt":"2026-01-14T09:56:12","slug":"federer-candidato-a-sumarse-al-equipo-de-alcaraz-un-ex-n1-lo-postula-seria-el-entrenador-perfecto","status":"publish","type":"post","link":"https:\/\/www.europesays.com\/es\/340000\/","title":{"rendered":"\u00bfFederer, candidato a sumarse al equipo de Alcaraz? Un ex N\u00b01 lo postula: \u00abSer\u00eda el entrenador perfecto\u00bb"},"content":{"rendered":"<p>13  de  ene, 2026, 13:15 ET<\/p>\n<p>Mientras a\u00fan contin\u00faan circulando rumores acerca de la sorpresiva partida de <a href=\"https:\/\/espndeportes.espn.com\/tenis\/nota\/_\/id\/16092801\/la-respuesta-de-juan-carlos-ferrero-con-una-carta-plagada-de-agradecimientos-y-algunos-interrogantes-carlos-alcaraz\" target=\"_blank\" rel=\"nofollow noopener\"><strong>Juan Carlos Ferrero<\/strong><\/a>, el espa\u00f1ol <a href=\"https:\/\/espndeportes.espn.com\/tenis\/nota\/_\/id\/16092764\/carlos-alcaraz-se-distancia-del-coach-que-lo-acompano-hasta-la-cima-del-ranking-mundial-juan-carlos-ferrero\" target=\"_blank\" rel=\"nofollow noopener\"><strong>Carlos Alcaraz<\/strong><\/a> (1\u00b0) ultima detalles de cara a su gran objetivo de la entrante temporada, el <a href=\"https:\/\/espndeportes.espn.com\/tenis\/nota\/_\/id\/16166369\/el-dato-de-federer-y-nadal-que-ilusiona-a-carlos-alcaraz-en-la-busqueda-de-su-primer-titulo-en-el-australian-open-2026-sinner\" target=\"_blank\" rel=\"nofollow noopener\">Abierto de Australia<\/a>, luego de disputar una distendida <a href=\"https:\/\/espndeportes.espn.com\/tenis\/nota\/_\/id\/16164442\/alcaraz-le-gano-a-sinner-el-primer-partido-del-ano-cuantas-veces-mas-se-veran-las-caras-en-2026-corea-del-sur-australian-open\" target=\"_blank\" rel=\"nofollow noopener\">exhibici\u00f3n<\/a> junto al italiano Jannik Siner (2\u00b0) en Incheon, Corea del Sur.<\/p>\n<p>Pese a encontrarse bajo las \u00f3rdenes de Samuel L\u00f3pez, el due\u00f1o de 24 t\u00edtulos, seis de Grand Slam, recibi\u00f3 la resonante sugerencia de parte de un ex n\u00famero 1 del mundo y multicampe\u00f3n de Grand Slam como el sueco <strong>Mats Wilander,<\/strong> quien postul\u00f3 al suizo <strong>Roger Federer <\/strong>como nuevo coach y tomar el lugar vacante dejado por \u00abEl Mosquito\u00bb, ahora completamente abocado a su academia situada en Alicante.<\/p>\n<p><img class=\" lazyload lazyload\" data-image-container=\".inline-photo\" height=\"320\" width=\"570\"\/>Federer y Alcaraz coincidieron en las \u00faltimas dos ediciones de Laver Cup.\u00a0Getty<\/p>\n<p>\u201c<strong>Mi primera reacci\u00f3n fue de completa sorpresa<\/strong>. Si alguna vez he visto a dos personas trabajar mejor juntos que Carlos y Juan Carlos no s\u00e9 qui\u00e9nes son. <strong>Parec\u00edan perfectos el uno al otro<\/strong>, capaces de sonre\u00edr juntos y construir una alta performance de tenis en el juego. Tambi\u00e9n ha habido momentos de seriedad en que le ha ayudado a calmarse y a no jugar un tenis loco. Todo lo que han hecho hasta ahora parece la evoluci\u00f3n perfecta de un tenista profesional\u00bb, manifest\u00f3 el nacido en V\u00e4xj\u00f6, de 61 a\u00f1os, en declaraciones a Eurosport.<\/p>\n<p>Posteriormente, el 33 veces coronado en el m\u00e1ximo nivel, siete en eventos Majors, profundiz\u00f3: \u00abCarlos es demasiado maduro, sabe mucho sobre tenis para que esto frene su desarrollo. Pero creo que va a ser <strong>un gran cambio<\/strong> a la hora del trato con su equipo todos los d\u00edas, en los entrenamientos, en los calentamientos, en las cenas y en los torneos, en la vida cotidiana de Alcaraz. En los partidos al final es Alcaraz el que toma las decisiones, pero en el d\u00eda a d\u00eda creo que la marcha de Ferrero s\u00ed marcar\u00e1 la diferencia\u00bb.<\/p>\n<p>Selecciones Editoriales<\/p>\n<p>2 Relacionado<\/p>\n<p>\u00abNo s\u00e9 qui\u00e9n es apto para el puesto como nuevo entrenador de Alcaraz, no tengo ni idea. Hay muchos extenistas espa\u00f1oles que lo han hecho genial y podr\u00edan ayudar a Alcaraz en algunas cosas. Pero el <strong>calendario actual <\/strong>de los mejores tenistas es tan largo que creo que encontrar\u00e1s que los tenistas actualmente tienen dos voces en su cabeza\u00bb, confes\u00f3 el tricampe\u00f3n de Copa Davis, el cual curiosamente jam\u00e1s superar\u00eda cuartos de final en Wimbledon.<\/p>\n<p>En la misma l\u00ednea, aquel que dejar\u00eda la pr\u00e1ctica profesional en 1996, totalizando 571 triunfos y 222 derrotas, hizo \u00e9nfasis en el extenso calendario reinante, muchas veces criticado por los protagonistas: \u00ab<strong>No creo que encuentres un entrenador excelente que pueda viajar 40 semanas al a\u00f1o<\/strong>. As\u00ed que me cuesta creer que un extenista internacional entrene a Alcaraz, creo que ser\u00e1 un exjugador espa\u00f1ol o hispanoparlante la segunda voz en su cabeza\u201d.<\/p>\n<p>\u00abEs importante tener una voz de Grand Slam en tu oreja. Carlos ya ha tenido eso con Ferrero, pero si va a tener otra deber\u00eda ser un jugador con un estilo diferente. <strong>Federer podr\u00eda realmente ayudarlo con los aspectos del juego en que todav\u00eda no se siente completamente a gusto<\/strong>\u00ab, expres\u00f3 Wilander, presentando como candidato a &#8216;Su Majestad&#8217;, retirado en 2022, en el marco de la Laver Cup, quien mantiene una c\u00e1lida relaci\u00f3n con el joven murciano.<\/p>\n<p><strong>El Australian Open podr\u00e1 seguirse, en exclusiva, por la pantalla de Disney+ Plan Premium.<\/strong><\/p>\n","protected":false},"excerpt":{"rendered":"13 de ene, 2026, 13:15 ET Mientras a\u00fan contin\u00faan circulando rumores acerca de la sorpresiva partida de Juan&hellip;\n","protected":false},"author":2,"featured_media":340001,"comment_status":"","ping_status":"","sticky":false,"template":"","format":"standard","meta":{"footnotes":""},"categories":[274],"tags":[168,25,24,23,167,327,326],"class_list":{"0":"post-340000","1":"post","2":"type-post","3":"status-publish","4":"format-standard","5":"has-post-thumbnail","7":"category-tenis","8":"tag-deportes","9":"tag-es","10":"tag-espana","11":"tag-spain","12":"tag-sports","13":"tag-tenis","14":"tag-tennis"},"share_on_mastodon":{"url":"https:\/\/pubeurope.com\/@es\/115892858660021558","error":""},"_links":{"self":[{"href":"https:\/\/www.europesays.com\/es\/wp-json\/wp\/v2\/posts\/340000","targetHints":{"allow":["GET"]}}],"collection":[{"href":"https:\/\/www.europesays.com\/es\/wp-json\/wp\/v2\/posts"}],"about":[{"href":"https:\/\/www.europesays.com\/es\/wp-json\/wp\/v2\/types\/post"}],"author":[{"embeddable":true,"href":"https:\/\/www.europesays.com\/es\/wp-json\/wp\/v2\/users\/2"}],"replies":[{"embeddable":true,"href":"https:\/\/www.europesays.com\/es\/wp-json\/wp\/v2\/comments?post=340000"}],"version-history":[{"count":0,"href":"https:\/\/www.europesays.com\/es\/wp-json\/wp\/v2\/posts\/340000\/revisions"}],"wp:featuredmedia":[{"embeddable":true,"href":"https:\/\/www.europesays.com\/es\/wp-json\/wp\/v2\/media\/340001"}],"wp:attachment":[{"href":"https:\/\/www.europesays.com\/es\/wp-json\/wp\/v2\/media?parent=340000"}],"wp:term":[{"taxonomy":"category","embeddable":true,"href":"https:\/\/www.europesays.com\/es\/wp-json\/wp\/v2\/categories?post=340000"},{"taxonomy":"post_tag","embeddable":true,"href":"https:\/\/www.europesays.com\/es\/wp-json\/wp\/v2\/tags?post=340000"}],"curies":[{"name":"wp","href":"https:\/\/api.w.org\/{rel}","templated":true}]}}