{"id":340007,"date":"2026-01-14T10:01:05","date_gmt":"2026-01-14T10:01:05","guid":{"rendered":"https:\/\/www.europesays.com\/es\/340007\/"},"modified":"2026-01-14T10:01:05","modified_gmt":"2026-01-14T10:01:05","slug":"una-de-las-denunciantes-de-julio-iglesias-hago-esto-para-que-que-ninguna-mujer-vuelva-a-sufrir-este-tipo-de-abusos-por-parte-de-el-la-voz-de-galicia","status":"publish","type":"post","link":"https:\/\/www.europesays.com\/es\/340007\/","title":{"rendered":"Una de las denunciantes de Julio Iglesias: \u00abHago esto para que que ninguna mujer vuelva a sufrir este tipo de abusos por parte de \u00e9l\u00bb &#8211; La Voz de Galicia"},"content":{"rendered":"<ol>\n<li><a href=\"https:\/\/news.google.com\/rss\/articles\/CBMi-AFBVV95cUxQb1FKNEUyN19JalZKd0g2MmNPbnBFNHNlbFhpRDVjWUwtMU9iTjhTN3c4R0VGUExqbVkteWFQbnZYQ1RDWGtQTWI5REg4MTRoSmFqUURoZkVqaU0wU01oemxzUWRYMklkbWhjdVc0NlZJRzc2YnN0aFdHTlVyZVpHU25xUW0wV2thQTJMbXRxdC1oYkpjaHJiMllWM1VLNVJqZTJZYmliTWRVU0VCOXBXUE1QVVhmZU9BdmV0clRaZmtTeVZOQUZLdkpxN2tMSzZTMUI5S0s2RnlabVVmcTdBNDBqWlVZd25GakhfRzlOSTJ2aUJvRlVkTw?oc=5\" target=\"_blank\" rel=\"nofollow noopener\">Una de las denunciantes de Julio Iglesias: \u00abHago esto para que que ninguna mujer vuelva a sufrir este tipo de abusos por parte de \u00e9l\u00bb<\/a>&nbsp;&nbsp;La Voz de Galicia<\/li>\n<li><a href=\"https:\/\/news.google.com\/rss\/articles\/CBMi1gFBVV95cUxNbGZFWVZEOVd3QmI4ZFpjQ2ZxYkJobnBCUTNQYXMtdDhTcXNSYmRscFVBN2h5REpQM3F3ZE92V05MTFRYYXRuNDhvdnh4aFhsZExJWjRMaGRvQzdMZkpjMGRSWDU1RHRLMWJzUjJMZnVYcm5OYzZNX2twNE5CQi1MdUY1SEdfeG9EVnNxald3RW1fQmFSUk5IQm15RVBCR2tBd1RYSXBIZWRFLUptekVvV3ZVYnRwUm5xT25hN3pjQmFXMnJJd3pnMWctNU53SURPd01NckhB?oc=5\" target=\"_blank\" rel=\"nofollow noopener\">Las ecograf\u00edas y pruebas de VIH o clamidia que Julio Iglesias \u201cimpon\u00eda\u201d a sus empleadas: \u201cTuvieron acceso a todos los resultados\u201d<\/a>&nbsp;&nbsp;elDiario.es<\/li>\n<li><a href=\"https:\/\/news.google.com\/rss\/articles\/CBMif0FVX3lxTE5MdEhRLXMyX3FsTV9tN3N3Q1Jqb1owbjNKQTBOWGxQWE5FUzVQNldhWE5aZ2Z1cFhFLTRnTUxzZHNyOGdEQTRPZTktdlR5Q3V6WWxTRWZwM2NtUzZSczc1bWR5Y3ZxOGdnN1Q0S0p0aV9LcFZYUmdhSXVfMEJjMmM?oc=5\" target=\"_blank\" rel=\"nofollow noopener\">Rosa Villacast\u00edn vapulea a Ana Obreg\u00f3n ante su actitud con las v\u00edctimas de Julio Iglesias: \u00abMe das verg\u00fcenza\u00bb<\/a>&nbsp;&nbsp;El Mundo<\/li>\n<li><a href=\"https:\/\/news.google.com\/rss\/articles\/CBMi6gFBVV95cUxPbktGcFc1XzVGWHRra0QwdnEwc3JTYVVGQ2sxQ3RYM0I3RTdWRVp6TFhwaEZsWVVfVHM5WkEyb3oyQTZ2UXI2QVRBbTkwa0gySjZkQ0dQaWJqVTQyU3ZwblJtSmY3S1U1NUFzZ1BWeVdsZlh5NkJDa21UX3NXVjFucVJVSElIU21HaHduak1PeHZOS0Fla3BfaGlRSm13eG9nS3dxRHVkU0RpR1JhVzd1cnk4eERvZGlKVTdLN0htSzM2R2lhWlFqQmxYcGs2ZTFnTnhxZkNVZTBBNlRkWU9FZDQ3eFpnZnVOenc?oc=5\" target=\"_blank\" rel=\"nofollow noopener\">Silencio ensordecedor en el PP ante el apoyo sin fisuras de Ayuso y Almeida a Julio Iglesias tras el esc\u00e1ndalo<\/a>&nbsp;&nbsp;LaSexta<\/li>\n<li><a href=\"https:\/\/news.google.com\/rss\/articles\/CBMiyAFBVV95cUxPZFVTWjBOVUs4OTJTVzR5ZW01Y3dscHY4anJTdG5DMlVUdHRUdnhiOW5LODhQN2Q4YWR0c0RzYXE3cmM0NmMxdWdkMGF4WS1fYkszcmVRVlBtNG1EWWFaR1oxVjlhQ2MzYTY1TzJRNXlkczJsWHBSYlUydUk2Y1lsREZMam1lY21WRDVqOWhUQW9pV2ZOUUVkUGZ3dEJ4LXJuNGhobzUzOTdya1JhaFJiNl9wQnZGQldmUUl0NG1LdXFiOWItQTcxZg?oc=5\" target=\"_blank\" rel=\"nofollow noopener\">Julio Iglesias protagoniza la prensa extranjera, tras ser acusado de abusos sexuales: un esc\u00e1ndalo internacional<\/a>&nbsp;&nbsp;Vanitatis<\/li>\n<\/ol>\n","protected":false},"excerpt":{"rendered":"Una de las denunciantes de Julio Iglesias: \u00abHago esto para que que ninguna mujer vuelva a sufrir este&hellip;\n","protected":false},"author":2,"featured_media":338026,"comment_status":"","ping_status":"","sticky":false,"template":"","format":"standard","meta":{"footnotes":""},"categories":[174],"tags":[255,146,147,25,24,256,23],"class_list":{"0":"post-340007","1":"post","2":"type-post","3":"status-publish","4":"format-standard","5":"has-post-thumbnail","7":"category-famosos","8":"tag-celebrities","9":"tag-entertainment","10":"tag-entretenimiento","11":"tag-es","12":"tag-espana","13":"tag-famosos","14":"tag-spain"},"share_on_mastodon":{"url":"https:\/\/pubeurope.com\/@es\/115892878309273179","error":""},"_links":{"self":[{"href":"https:\/\/www.europesays.com\/es\/wp-json\/wp\/v2\/posts\/340007","targetHints":{"allow":["GET"]}}],"collection":[{"href":"https:\/\/www.europesays.com\/es\/wp-json\/wp\/v2\/posts"}],"about":[{"href":"https:\/\/www.europesays.com\/es\/wp-json\/wp\/v2\/types\/post"}],"author":[{"embeddable":true,"href":"https:\/\/www.europesays.com\/es\/wp-json\/wp\/v2\/users\/2"}],"replies":[{"embeddable":true,"href":"https:\/\/www.europesays.com\/es\/wp-json\/wp\/v2\/comments?post=340007"}],"version-history":[{"count":0,"href":"https:\/\/www.europesays.com\/es\/wp-json\/wp\/v2\/posts\/340007\/revisions"}],"wp:featuredmedia":[{"embeddable":true,"href":"https:\/\/www.europesays.com\/es\/wp-json\/wp\/v2\/media\/338026"}],"wp:attachment":[{"href":"https:\/\/www.europesays.com\/es\/wp-json\/wp\/v2\/media?parent=340007"}],"wp:term":[{"taxonomy":"category","embeddable":true,"href":"https:\/\/www.europesays.com\/es\/wp-json\/wp\/v2\/categories?post=340007"},{"taxonomy":"post_tag","embeddable":true,"href":"https:\/\/www.europesays.com\/es\/wp-json\/wp\/v2\/tags?post=340007"}],"curies":[{"name":"wp","href":"https:\/\/api.w.org\/{rel}","templated":true}]}}