{"id":340008,"date":"2026-01-14T10:02:24","date_gmt":"2026-01-14T10:02:24","guid":{"rendered":"https:\/\/www.europesays.com\/es\/340008\/"},"modified":"2026-01-14T10:02:24","modified_gmt":"2026-01-14T10:02:24","slug":"el-fotografo-eugenio-recuenco-hara-una-visita-guiada-de-su-exposicion-365o-en-el-museo-cristina-garcia-rodero","status":"publish","type":"post","link":"https:\/\/www.europesays.com\/es\/340008\/","title":{"rendered":"El fot\u00f3grafo Eugenio Recuenco har\u00e1 una visita guiada de su exposici\u00f3n &#8216;365\u00ba&#8217; en el Museo &#8216;Cristina Garc\u00eda Rodero&#8217;"},"content":{"rendered":"<p>El fot\u00f3grafo Eugenio Recuenco realizar\u00e1 una visita guiada de la exposici\u00f3n fotogr\u00e1fica &#8216;365\u00ba&#8217;\u00a0el pr\u00f3ximo jueves, 15 de enero, de 11:00\u00a0a 14:00 horas, en el Museo &#8216;Cristina Garc\u00eda Rodero&#8217; de Puertollano.<\/p>\n<p>Es la segunda vez que esta muestra se puede ver en Espa\u00f1a de un montaje fruto de ocho a\u00f1os de trabajo que llena al completo las tres plantas de este espacio cultural.<\/p>\n<p>Una oportunidad para conocer al detalle y manera descriptiva las 369 cajas fotogr\u00e1ficas de luz retroiluminadas hechas en un mismo espacio para narrar el mundo visto desde su perspectiva. Una invitaci\u00f3n a vivir y descubrir esta instalaci\u00f3n inmersiva, como una enciclopedia visual del presente, un archivo de \u201cficciones verdaderas\u201d que, desde el artificio y la precisi\u00f3n formal, devuelve al espectador una visi\u00f3n fragmentada y l\u00facida del mundo actual.<\/p>\n<p>En su conjunto, permite comprender el m\u00e9todo de trabajo de Recuenco, la construcci\u00f3n minuciosa de escenarios, el car\u00e1cter artesanal de los decorados, el uso narrativo de la luz y una reflexi\u00f3n constante sobre c\u00f3mo miramos e interpretamos las im\u00e1genes.<\/p>\n","protected":false},"excerpt":{"rendered":"El fot\u00f3grafo Eugenio Recuenco realizar\u00e1 una visita guiada de la exposici\u00f3n fotogr\u00e1fica &#8216;365\u00ba&#8217;\u00a0el pr\u00f3ximo jueves, 15 de enero,&hellip;\n","protected":false},"author":2,"featured_media":340009,"comment_status":"","ping_status":"","sticky":false,"template":"","format":"standard","meta":{"footnotes":""},"categories":[173],"tags":[229,233,231,230,209,232,234,146,147,25,24,70685,244,42842,23],"class_list":{"0":"post-340008","1":"post","2":"type-post","3":"status-publish","4":"format-standard","5":"has-post-thumbnail","7":"category-arte-y-diseno","8":"tag-arte","9":"tag-arte-y-diseno","10":"tag-arts","11":"tag-arts-and-design","12":"tag-cultura","13":"tag-design","14":"tag-diseno","15":"tag-entertainment","16":"tag-entretenimiento","17":"tag-es","18":"tag-espana","19":"tag-eugenio-recuenco","20":"tag-fotografia","21":"tag-museo-garcia-rodero","22":"tag-spain"},"share_on_mastodon":{"url":"https:\/\/pubeurope.com\/@es\/115892882129743973","error":""},"_links":{"self":[{"href":"https:\/\/www.europesays.com\/es\/wp-json\/wp\/v2\/posts\/340008","targetHints":{"allow":["GET"]}}],"collection":[{"href":"https:\/\/www.europesays.com\/es\/wp-json\/wp\/v2\/posts"}],"about":[{"href":"https:\/\/www.europesays.com\/es\/wp-json\/wp\/v2\/types\/post"}],"author":[{"embeddable":true,"href":"https:\/\/www.europesays.com\/es\/wp-json\/wp\/v2\/users\/2"}],"replies":[{"embeddable":true,"href":"https:\/\/www.europesays.com\/es\/wp-json\/wp\/v2\/comments?post=340008"}],"version-history":[{"count":0,"href":"https:\/\/www.europesays.com\/es\/wp-json\/wp\/v2\/posts\/340008\/revisions"}],"wp:featuredmedia":[{"embeddable":true,"href":"https:\/\/www.europesays.com\/es\/wp-json\/wp\/v2\/media\/340009"}],"wp:attachment":[{"href":"https:\/\/www.europesays.com\/es\/wp-json\/wp\/v2\/media?parent=340008"}],"wp:term":[{"taxonomy":"category","embeddable":true,"href":"https:\/\/www.europesays.com\/es\/wp-json\/wp\/v2\/categories?post=340008"},{"taxonomy":"post_tag","embeddable":true,"href":"https:\/\/www.europesays.com\/es\/wp-json\/wp\/v2\/tags?post=340008"}],"curies":[{"name":"wp","href":"https:\/\/api.w.org\/{rel}","templated":true}]}}