{"id":340012,"date":"2026-01-14T10:05:11","date_gmt":"2026-01-14T10:05:11","guid":{"rendered":"https:\/\/www.europesays.com\/es\/340012\/"},"modified":"2026-01-14T10:05:11","modified_gmt":"2026-01-14T10:05:11","slug":"acaba-en-otro-despido-y-senala-a-amaia-montero","status":"publish","type":"post","link":"https:\/\/www.europesays.com\/es\/340012\/","title":{"rendered":"acaba en otro despido y se\u00f1ala a Amaia Montero"},"content":{"rendered":"<p>                                    <img decoding=\"async\" loading=\"lazy\" src=\"https:\/\/www.europesays.com\/es\/wp-content\/uploads\/2025\/10\/66824dcb1264c.jpeg\" alt=\"David Lozano\" width=\"40\" height=\"40\" data-full-src=\"https:\/\/www.europesays.com\/es\/wp-content\/uploads\/2025\/10\/66824dcb1264c.jpeg\"\/><\/p>\n<p class=\"paragraph\">Lo que deb\u00eda ser una d\u00e9cada de nostalgia musical se ha convertido en uno de los cap\u00edtulos m\u00e1s convulsos de la historia reciente de<a href=\"https:\/\/www.esdiario.com\/chismografo\/251030\/171013\/leire-martinez-venga-denuncia-oreja-gogh-feo-asunto-sexual.html\" target=\"_blank\" rel=\"nofollow noopener\"> <b>La Oreja de Van Gogh<\/b><\/a>. El esperado regreso de <b><a href=\"https:\/\/www.esdiario.com\/chismografo\/medios\/260101\/175987\/look-amaia-montero-incendia-redes-regreso-televisivo-nochevieja.html\" target=\"_blank\" rel=\"nofollow noopener\">Amaia Montero<\/a><\/b> a la banda que la catapult\u00f3 a la fama ha tra\u00eddo consigo m\u00e1s sombras que melod\u00edas, y la ausencia oficial de <b>Pablo Benegas<\/b>, uno de los miembros fundadores, ha encendido todas las alarmas entre cr\u00edticos, seguidores y expertos en la escena pop espa\u00f1ola.<\/p>\n<p class=\"paragraph\">El anuncio del retorno de Montero \u2014que fue la voz principal del grupo durante su etapa dorada con \u00e1lbumes emblem\u00e1ticos como <b>Dile al sol<\/b> o <b>El viaje de Copperpot<\/b>\u2014 vino acompa\u00f1ado de otra noticia que pocos esperaban: Benegas no formar\u00e1 parte de la nueva gira ni de la sociedad mercantil que gestionar\u00e1 la carrera del grupo en 2026. Ese giro, confirmado por registros corporativos, marca una ruptura de hecho con un m\u00fasico que llevaba m\u00e1s de 30 a\u00f1os relacionado con la banda.<\/p>\n<p class=\"paragraph\">Seg\u00fan informaci\u00f3n publicada por <a href=\"https:\/\/theobjective.com\/gente\/2026-01-12\/la-oreja-de-van-gogh-pablo-benegas-amaia-montero\/\" target=\"_blank\" rel=\"nofollow noopener\">The Objective<\/a>, la decisi\u00f3n ha reabierto viejas heridas y especulaciones. Desde hace tiempo se hablaba de tensiones internas entre Montero y Benegas, incluso antes de que la vocalista abandonara el grupo en 2007 y emprendiera una carrera en solitario. La vuelta de Montero, celebrada por muchos fans como el gran retorno del pop espa\u00f1ol, ha llevado a algunos a interpretar la ausencia del guitarrista no como una simple \u201cpausa\u201d o elecci\u00f3n personal, sino como un distanciamiento definitivo dentro del n\u00facleo creativo de La Oreja de Van Gogh.<\/p>\n<p class=\"paragraph\">En las redes sociales y lugares de debate musical, la salida de Benegas ha generado todo tipo de teor\u00edas. Para algunos seguidores, la decisi\u00f3n de no incluirle entre los administradores de la nueva sociedad que promover\u00e1 la gira no solo es una se\u00f1al de ruptura profesional, sino tambi\u00e9n un indicio de fricciones personales no resueltas. Otros apuntan a que la banda, con <a href=\"https:\/\/www.esdiario.com\/chismografo\/251015\/169764\/verdaderas-razones-vuelta-amaia-montero-oreja-gogh-son-romanticas.html\" target=\"_blank\" rel=\"nofollow noopener\">Amaia Montero<\/a> de regreso, busca un perfil m\u00e1s homog\u00e9neo y comercial, dejando atr\u00e1s los matices creativos que Benegas aportaba como compositor y guitarrista.<\/p>\n<p class=\"paragraph\">Adem\u00e1s, el contexto empresarial a\u00f1ade una capa m\u00e1s a la pol\u00e9mica. La formaci\u00f3n ha creado una nueva sociedad \u2014<b>Producciones Musicales La Gira S.L<\/b>.\u2014 para organizar su regreso. En ella, todos los integrantes vinculados a la etapa de Montero figuran como administradores mancomunados, pero Benegas no aparece en esa estructura, lo que muchos interpretan como un cierre de ciclo definitivo con un miembro clave de su pasado.<\/p>\n<p class=\"paragraph\">El regreso de Amaia y la marcha de Benegas tambi\u00e9n han reavivado el recuerdo de la salida de<b> Leire Mart\u00ednez<\/b>, quien durante 17 a\u00f1os fue la voz del grupo tras la marcha de Montero y que tambi\u00e9n fue apartada en el proceso que culmin\u00f3 con este nuevo renacimiento. Para muchos fans, la historia suena a una trama de reconciliaciones y resentimientos que trasciende lo puramente musical.<\/p>\n<p class=\"paragraph\">Lo cierto es que, en pleno 2026, La Oreja de Van Gogh no solo regresa a los escenarios con una de sus voces m\u00e1s veneradas, sino que lo hace en medio de una etapa de tensiones internas y especulaciones que prometen extenderse m\u00e1s all\u00e1 de los escenarios. El regreso de Montero es, sin duda, un acontecimiento hist\u00f3rico para la banda, pero la ausencia de Benegas \u2014su socio fundador\u2014 podr\u00eda ser la nota discordante que marque esta era tanto como las propias canciones que est\u00e1n por venir.<\/p>\n<p>            <a href=\"#\" title=\"\"><\/p>\n<p>                    <img loading=\"lazy\" decoding=\"async\" data-index=\"\" width=\"140\" height=\"140\" alt=\"Julio Iglesias, en una foto de archivo.\" data-full=\"[object Object]\" data-original=\"[object Object]\" src=\"https:\/\/imagenes.esdiario.com\/files\/related_image\/uploads\/2025\/09\/24\/68d3a8cdd96c0.jpeg\" data-full-src=\"https:\/\/www.europesays.com\/es\/wp-content\/uploads\/2026\/01\/68d3a8cdd96c0.jpeg\"\/><\/p>\n<p>            <\/a><\/p>\n","protected":false},"excerpt":{"rendered":"Lo que deb\u00eda ser una d\u00e9cada de nostalgia musical se ha convertido en uno de los cap\u00edtulos m\u00e1s&hellip;\n","protected":false},"author":2,"featured_media":340013,"comment_status":"","ping_status":"","sticky":false,"template":"","format":"standard","meta":{"footnotes":""},"categories":[170],"tags":[20356,146,147,25,24,21851,184,185,6765,23,226],"class_list":{"0":"post-340012","1":"post","2":"type-post","3":"status-publish","4":"format-standard","5":"has-post-thumbnail","7":"category-musica","8":"tag-despidos","9":"tag-entertainment","10":"tag-entretenimiento","11":"tag-es","12":"tag-espana","13":"tag-leiva","14":"tag-music","15":"tag-musica","16":"tag-pop","17":"tag-spain","18":"tag-viajes"},"share_on_mastodon":{"url":"https:\/\/pubeurope.com\/@es\/115892894208965746","error":""},"_links":{"self":[{"href":"https:\/\/www.europesays.com\/es\/wp-json\/wp\/v2\/posts\/340012","targetHints":{"allow":["GET"]}}],"collection":[{"href":"https:\/\/www.europesays.com\/es\/wp-json\/wp\/v2\/posts"}],"about":[{"href":"https:\/\/www.europesays.com\/es\/wp-json\/wp\/v2\/types\/post"}],"author":[{"embeddable":true,"href":"https:\/\/www.europesays.com\/es\/wp-json\/wp\/v2\/users\/2"}],"replies":[{"embeddable":true,"href":"https:\/\/www.europesays.com\/es\/wp-json\/wp\/v2\/comments?post=340012"}],"version-history":[{"count":0,"href":"https:\/\/www.europesays.com\/es\/wp-json\/wp\/v2\/posts\/340012\/revisions"}],"wp:featuredmedia":[{"embeddable":true,"href":"https:\/\/www.europesays.com\/es\/wp-json\/wp\/v2\/media\/340013"}],"wp:attachment":[{"href":"https:\/\/www.europesays.com\/es\/wp-json\/wp\/v2\/media?parent=340012"}],"wp:term":[{"taxonomy":"category","embeddable":true,"href":"https:\/\/www.europesays.com\/es\/wp-json\/wp\/v2\/categories?post=340012"},{"taxonomy":"post_tag","embeddable":true,"href":"https:\/\/www.europesays.com\/es\/wp-json\/wp\/v2\/tags?post=340012"}],"curies":[{"name":"wp","href":"https:\/\/api.w.org\/{rel}","templated":true}]}}