{"id":340026,"date":"2026-01-14T10:12:07","date_gmt":"2026-01-14T10:12:07","guid":{"rendered":"https:\/\/www.europesays.com\/es\/340026\/"},"modified":"2026-01-14T10:12:07","modified_gmt":"2026-01-14T10:12:07","slug":"25-muertos-al-caer-una-grua-sobre-un-tren","status":"publish","type":"post","link":"https:\/\/www.europesays.com\/es\/340026\/","title":{"rendered":"25 muertos al caer una gr\u00faa sobre un tren"},"content":{"rendered":"<p>Al menos <strong>25 personas han muerto<\/strong> y otras 80 han resultado heridas al <strong>caer una gr\u00faa de construcci\u00f3n sobre un tren de pasajeros en Tailandia<\/strong>, seg\u00fan fuentes policiales citadas por la agencia Reuters. En el tren, que cubr\u00eda la ruta entre la capital, Bangkok, y Ubon Ratchatani (noreste de Tailandia) viajaban 195 pasajeros. <\/p>\n<p>El suceso ha ocurrido en <strong>Ban Thanon Kho<\/strong>, a unos 250 kil\u00f3metros de Bangkok, en la provincia de Nakhon Ratchasima. El gobierno regional ha informado en redes sociales, seg\u00fan recoge Efe, de que <strong>la gr\u00faa sosten\u00eda un puente en construcci\u00f3n en una l\u00ednea destinada a la alta velocidad. <\/strong>\u00abSe desplom\u00f3 sobre el tren de pasajeros, provocando un descarrilamiento y un incendio en el lugar\u00bb, han a\u00f1adido. <\/p>\n<p>Los bomberos han logrado contener el incendio mientras los equipos de rescate han liberado a los heridos, muchos de ellos atrapados en los vagones volcados. Las labores de rescate contin\u00faan y el n\u00famero de v\u00edctimas podr\u00eda aumentar. <\/p>\n<p>Seg\u00fan la televisi\u00f3n local, la gr\u00faa pesaba entre 20 y 30 toneladas y no ha sido la \u00fanica estructura que ha ca\u00eddo sobre el tren. <\/p>\n<p>Im\u00e1genes de la gr\u00faa ca\u00edda sobre el tren de pasajeros en Tailandia, el 14 de enero de 2026.\u00a0AP Photo\/Nathathida Adireksarn<\/p>\n<p>Los ingenieros denuncian falta de seguridad<\/p>\n<p>El vice primer ministro y ministro de Transportes tailand\u00e9s, Phiphat Ratchakitprakarn, ha ordenado una <strong>investigaci\u00f3n urgente del siniestro. <\/strong><\/p>\n<p>La <strong>Asociaci\u00f3n de Ingenieros Estructurales de Tailandia ha atribuido el siniestro a \u00abdeficiencias de seguridad\u00bb en las construcciones p\u00fablicas. <\/strong><\/p>\n<p>El presidente de la asociaci\u00f3n, Amorn Pimanamas, ha advertido de que \u00abla causa exacta del colapso [de la gr\u00faa] no se puede determinar\u00bb por el momento, y que se barajan cuatro hip\u00f3tesis de las que a\u00fan no han trascendido detalles.<\/p>\n<p>La v\u00eda de alta velocidad, una de las que hay en este momento en construcci\u00f3n en el pa\u00eds, est\u00e1 siendo <strong>construida por encima de la v\u00eda existente<\/strong>.<\/p>\n<p>La nueva l\u00ednea debe <strong>conectar Tailandia con China a trav\u00e9s de Laos<\/strong>. M\u00e1s de un tercio de su construcci\u00f3n se ha completado en el segmento que conecta Bangkok con Nakhon Ratchasima, y la l\u00ednea completa hasta Nong Khai en la frontera con Laos estar\u00e1 lista para 2030. <\/p>\n<p>El Ministerio de Exteriores de China ha mostrado su inter\u00e9s en lo ocurrido dada la importancia que Pek\u00edn atribuye a la seguridad tanto de los proyectos como del personal. <\/p>\n","protected":false},"excerpt":{"rendered":"Al menos 25 personas han muerto y otras 80 han resultado heridas al caer una gr\u00faa de construcci\u00f3n&hellip;\n","protected":false},"author":2,"featured_media":340027,"comment_status":"","ping_status":"","sticky":false,"template":"","format":"standard","meta":{"footnotes":""},"categories":[42],"tags":[17,18,13,14,11,61,62,63,64,19,20,9,10,15,16,12,21,22,65,66,67],"class_list":{"0":"post-340026","1":"post","2":"type-post","3":"status-publish","4":"format-standard","5":"has-post-thumbnail","7":"category-internacional","8":"tag-breaking-news","9":"tag-breakingnews","10":"tag-featured-news","11":"tag-featurednews","12":"tag-headlines","13":"tag-internacional","14":"tag-international","15":"tag-international-news","16":"tag-internationalnews","17":"tag-latest-news","18":"tag-latestnews","19":"tag-news","20":"tag-noticias","21":"tag-noticias-destacadas","22":"tag-noticiasdestacadas","23":"tag-titulares","24":"tag-ultimas-noticias","25":"tag-ultimasnoticias","26":"tag-world","27":"tag-world-news","28":"tag-worldnews"},"share_on_mastodon":{"url":"https:\/\/pubeurope.com\/@es\/115892921654962962","error":""},"_links":{"self":[{"href":"https:\/\/www.europesays.com\/es\/wp-json\/wp\/v2\/posts\/340026","targetHints":{"allow":["GET"]}}],"collection":[{"href":"https:\/\/www.europesays.com\/es\/wp-json\/wp\/v2\/posts"}],"about":[{"href":"https:\/\/www.europesays.com\/es\/wp-json\/wp\/v2\/types\/post"}],"author":[{"embeddable":true,"href":"https:\/\/www.europesays.com\/es\/wp-json\/wp\/v2\/users\/2"}],"replies":[{"embeddable":true,"href":"https:\/\/www.europesays.com\/es\/wp-json\/wp\/v2\/comments?post=340026"}],"version-history":[{"count":0,"href":"https:\/\/www.europesays.com\/es\/wp-json\/wp\/v2\/posts\/340026\/revisions"}],"wp:featuredmedia":[{"embeddable":true,"href":"https:\/\/www.europesays.com\/es\/wp-json\/wp\/v2\/media\/340027"}],"wp:attachment":[{"href":"https:\/\/www.europesays.com\/es\/wp-json\/wp\/v2\/media?parent=340026"}],"wp:term":[{"taxonomy":"category","embeddable":true,"href":"https:\/\/www.europesays.com\/es\/wp-json\/wp\/v2\/categories?post=340026"},{"taxonomy":"post_tag","embeddable":true,"href":"https:\/\/www.europesays.com\/es\/wp-json\/wp\/v2\/tags?post=340026"}],"curies":[{"name":"wp","href":"https:\/\/api.w.org\/{rel}","templated":true}]}}