{"id":340040,"date":"2026-01-14T10:24:08","date_gmt":"2026-01-14T10:24:08","guid":{"rendered":"https:\/\/www.europesays.com\/es\/340040\/"},"modified":"2026-01-14T10:24:08","modified_gmt":"2026-01-14T10:24:08","slug":"jesus-vazquez-se-rie-del-dato-de-audiencia-de-alla-tu","status":"publish","type":"post","link":"https:\/\/www.europesays.com\/es\/340040\/","title":{"rendered":"Jes\u00fas V\u00e1zquez &#8216;se r\u00ede&#8217; del dato de audiencia de &#8216;\u00a1All\u00e1 t\u00fa!&#8217;"},"content":{"rendered":"<p>\n        El invitado de &#8216;<strong>La Revuelta<\/strong>&#8216; de este martes, 13 de enero, fue el presentador <a href=\"https:\/\/www.deia.eus\/tags\/jesus-vazquez\/\" title=\"Jes\u00fas V\u00e1zquez\" target=\"_blank\" class=\"link copy\" rel=\"nofollow noopener\"><strong>Jes\u00fas V\u00e1zquez<\/strong><\/a>. Una visita que desde RTVE comentaban as\u00ed: \u00abSuena dif\u00edcil de creer, pero, a sus 60 a\u00f1os y con <strong>m\u00e1s de 35 de trayectoria en televisi\u00f3n<\/strong>,\u00a0Jes\u00fas V\u00e1zquez <strong>debuta este a\u00f1o en RTVE\u00a0<\/strong>como <strong>presentador del\u00a0Benidorm Fest 2026<\/strong>, y ha hecho la primera aparici\u00f3n de su historia en la p\u00fablica en &#8216;<a href=\"https:\/\/www.deia.eus\/tags\/la-revuelta\/\" title=\"La Revuelta\" target=\"_blank\" class=\"link copy\" rel=\"nofollow noopener\"><strong>La Revuelta<\/strong><\/a><strong>&#8216;<\/strong>\u00ab.\n<\/p>\n<p>  Jes\u00fas V\u00e1zquez se estrena en &#8216;La Revuelta&#8217;<\/p>\n<p class=\"article-body__text \">\n        Una entrevista en la que, tal y como explicaban desde el espacio dirigido por <a href=\"https:\/\/www.deia.eus\/tags\/david-broncano\/\" title=\"David Broncano\" target=\"_blank\" class=\"link copy\" rel=\"nofollow noopener\"><strong>David Broncano<\/strong><\/a>, \u00ab<strong>ha hecho un repaso a su carrera <\/strong>y ha charlado con David Broncano de su<strong>\u00a0r\u00e9cord Guinness<\/strong>, del disco de oro que cosech\u00f3 con su \u00e1lbum\u00a0&#8216;A dos mil\u00edmetros escasos de tu boca&#8217;\u00a0o de quienes ser\u00e1n los<strong> beneficiarios de su testamento<\/strong> una vez fallecidos tanto \u00e9l como su marido\u00bb.\n<\/p>\n<blockquote class=\"twitter-tweet\" data-lang=\"es\">\n<p lang=\"es\" dir=\"ltr\">Posiblemente Jes\u00faz V\u00e1zquez tenga dinero para hacer un gimnasio en casa a todos los que vean este v\u00eddeo.  <a href=\"https:\/\/twitter.com\/hashtag\/LaRevuelta?src=hash&amp;ref_src=twsrc%5Etfw\" rel=\"nofollow noopener\" target=\"_blank\">#LaRevuelta<\/a> <a href=\"https:\/\/twitter.com\/_JesusVazquez_?ref_src=twsrc%5Etfw\" rel=\"nofollow noopener\" target=\"_blank\">@_JesusVazquez_<\/a> <a href=\"https:\/\/t.co\/zW7rkK8L4J\" rel=\"nofollow\">pic.twitter.com\/zW7rkK8L4J<\/a><\/p>\n<p>\u2014 La Revuelta (@LaRevuelta_TVE) <a href=\"https:\/\/twitter.com\/LaRevuelta_TVE\/status\/2011199829226180771?ref_src=twsrc%5Etfw\" rel=\"nofollow noopener\" target=\"_blank\">13 de enero de 2026<\/a><\/p><\/blockquote>\n<p>  El momento &#8216;tierra tr\u00e1game&#8217; de Jes\u00fas V\u00e1zquez en &#8216;La Revuelta&#8217; por el dato de audiencia de &#8216;\u00a1All\u00e1 t\u00fa!&#8217;<\/p>\n<p class=\"article-body__text \">\n        Uno de los momentos m\u00e1s comentados de la entrevista fue cuando el presentador ense\u00f1\u00f3 \u00aba pelo\u00bb las fotos de su m\u00f3vil. Algo que desde el programa relataban de la siguiente manera: \u00abSolo un invitado en toda la historia del programa hab\u00eda <strong>accedido sin filtros ni cortapisas <\/strong>a la habitual petici\u00f3n de David Broncano <strong>de\u00a0mostrar la galer\u00eda de fotos de su <\/strong><a href=\"https:\/\/www.deia.eus\/tags\/movil\/\" title=\"m\u00f3vil\" target=\"_blank\" class=\"link copy\" rel=\"nofollow noopener\"><strong>m\u00f3vil<\/strong><\/a>. Fue el\u00a0artista colombiano <strong>Juanes<\/strong>, en una entrevista de hace varios a\u00f1os. Y Jes\u00fas V\u00e1zquez se ha convertido en <strong>el segundo al\u00a0entregar su tel\u00e9fono &#8216;a pelo&#8217; <\/strong>al presentador para que <strong>mostrase a c\u00e1mara las \u00faltimas im\u00e1genes de su dispositivo<\/strong>: una foto del nieto de su cocinera, una <strong>captura de pantalla con los nombres de los miembros de\u00a0&#8216;La Revuelta&#8217;<\/strong>, &#8216;por si se me olvidaba alguno&#8217;, otra\u00a0&#8216;con recochineo&#8217; por la <strong>ca\u00edda de audiencia de su \u00faltimo programa\u00a0tras su salida<\/strong>, y una foto enviada por Jorge Cadaval, de Los Morancos, para desearle un feliz martes\u00bb.\n<\/p>\n<blockquote class=\"twitter-tweet\" data-lang=\"es\">\n<p lang=\"es\" dir=\"ltr\">De los pocos invitados que se atreve a ense\u00f1ar la galer\u00eda del m\u00f3vil sin dudar un segundo <a href=\"https:\/\/twitter.com\/hashtag\/LaRevuelta?src=hash&amp;ref_src=twsrc%5Etfw\" rel=\"nofollow noopener\" target=\"_blank\">#LaRevuelta<\/a> <a href=\"https:\/\/twitter.com\/_JesusVazquez_?ref_src=twsrc%5Etfw\" rel=\"nofollow noopener\" target=\"_blank\">@_JesusVazquez_<\/a> <a href=\"https:\/\/t.co\/HnvEzWjVbQ\" rel=\"nofollow\">pic.twitter.com\/HnvEzWjVbQ<\/a><\/p>\n<p>\u2014 La Revuelta (@LaRevuelta_TVE) <a href=\"https:\/\/twitter.com\/LaRevuelta_TVE\/status\/2011197816367120654?ref_src=twsrc%5Etfw\" rel=\"nofollow noopener\" target=\"_blank\">13 de enero de 2026<\/a><\/p><\/blockquote>\n<p class=\"article-body__text \">\n        En la captura se dec\u00eda lo siguiente: \u00ab<strong>&#8216;\u00a1All\u00e1 t\u00fa! se estrena con un 7,5% en la tarde de Telecinco<\/strong> y &#8216;Aria&#8217; celebra su final subiendo a un 9,2%\u00bb. Una imagen que, en un primer momento, pidi\u00f3 a David Broncano que no mostrase en pantalla \u00ab<strong>esa no que es recochineo, eso me hunde, va a tener consecuencias para m\u00ed<\/strong>\u00ab, llegando a ponerse incluso de rodillas.\n<\/p>\n<p class=\"article-body__text \">\n        Finalmente permiti\u00f3 que la ense\u00f1ara y se disculp\u00f3:<strong>\u00a0\u201cQue os vaya muy bien. \u00c1nimo.\u00a0<\/strong>Amo ese programa, me ha dado la vida, parte de mi carrera es gracias a ese programa he aprendido mucho, porque es muy loco, sin guiones&#8230;\u00bb, expresaba mirando a c\u00e1mara.\n<\/p>\n<p>            <script async src=\"https:\/\/platform.twitter.com\/widgets.js\" charset=\"utf-8\"><\/script><\/p>\n","protected":false},"excerpt":{"rendered":"El invitado de &#8216;La Revuelta&#8216; de este martes, 13 de enero, fue el presentador Jes\u00fas V\u00e1zquez. Una visita&hellip;\n","protected":false},"author":2,"featured_media":340041,"comment_status":"","ping_status":"","sticky":false,"template":"","format":"standard","meta":{"footnotes":""},"categories":[174],"tags":[15059,4294,255,4293,146,147,25,24,256,5782,29956,2812,23,1934,77553,5783],"class_list":{"0":"post-340040","1":"post","2":"type-post","3":"status-publish","4":"format-standard","5":"has-post-thumbnail","7":"category-famosos","8":"tag-alla-tu","9":"tag-audiencia","10":"tag-celebrities","11":"tag-dato","12":"tag-entertainment","13":"tag-entretenimiento","14":"tag-es","15":"tag-espana","16":"tag-famosos","17":"tag-jesus","18":"tag-la-revuelta","19":"tag-momento","20":"tag-spain","21":"tag-tierra","22":"tag-tragame","23":"tag-vazquez"},"share_on_mastodon":{"url":"https:\/\/pubeurope.com\/@es\/115892968764590122","error":""},"_links":{"self":[{"href":"https:\/\/www.europesays.com\/es\/wp-json\/wp\/v2\/posts\/340040","targetHints":{"allow":["GET"]}}],"collection":[{"href":"https:\/\/www.europesays.com\/es\/wp-json\/wp\/v2\/posts"}],"about":[{"href":"https:\/\/www.europesays.com\/es\/wp-json\/wp\/v2\/types\/post"}],"author":[{"embeddable":true,"href":"https:\/\/www.europesays.com\/es\/wp-json\/wp\/v2\/users\/2"}],"replies":[{"embeddable":true,"href":"https:\/\/www.europesays.com\/es\/wp-json\/wp\/v2\/comments?post=340040"}],"version-history":[{"count":0,"href":"https:\/\/www.europesays.com\/es\/wp-json\/wp\/v2\/posts\/340040\/revisions"}],"wp:featuredmedia":[{"embeddable":true,"href":"https:\/\/www.europesays.com\/es\/wp-json\/wp\/v2\/media\/340041"}],"wp:attachment":[{"href":"https:\/\/www.europesays.com\/es\/wp-json\/wp\/v2\/media?parent=340040"}],"wp:term":[{"taxonomy":"category","embeddable":true,"href":"https:\/\/www.europesays.com\/es\/wp-json\/wp\/v2\/categories?post=340040"},{"taxonomy":"post_tag","embeddable":true,"href":"https:\/\/www.europesays.com\/es\/wp-json\/wp\/v2\/tags?post=340040"}],"curies":[{"name":"wp","href":"https:\/\/api.w.org\/{rel}","templated":true}]}}