{"id":340060,"date":"2026-01-14T10:35:08","date_gmt":"2026-01-14T10:35:08","guid":{"rendered":"https:\/\/www.europesays.com\/es\/340060\/"},"modified":"2026-01-14T10:35:08","modified_gmt":"2026-01-14T10:35:08","slug":"trump-pierde-los-papeles-al-escuchar-como-un-trabajador-de-ford-le-grita-protector-de-pedofilos","status":"publish","type":"post","link":"https:\/\/www.europesays.com\/es\/340060\/","title":{"rendered":"Trump pierde los papeles al escuchar como un trabajador de Ford le grita &#8216;protector de ped\u00f3filos&#8217;"},"content":{"rendered":"<p>Hay l\u00edneas que un presidente, por pura dignidad institucional, no deber\u00eda cruzar. Pero Donald Trump ha vuelto a demostrar que el protocolo le estorba. Lo que se hab\u00eda planeado como un ba\u00f1o de masas en una f\u00e1brica de Ford en Michigan para sacar pecho por la industria nacional ha acabado en un espect\u00e1culo bochornoso: el presidente de los Estados Unidos respondiendo a un operario con una peineta y un \u00abque te jodan\u00bb.<\/p>\n<p>La escena, que ya corre como la p\u00f3lvora en redes tras ser publicada por TMZ, retrata a un mandatario incapaz de gestionar la cr\u00edtica. Mientras recorr\u00eda una pasarela elevada, un empleado de la planta, TJ Sabula, le lanz\u00f3 el dardo que m\u00e1s le escuece: \u00ab\u00a1Protector de ped\u00f3filos!\u00bb. En lugar de mantener la compostura que se le presupone a su cargo, Trump baj\u00f3 al barro: se gir\u00f3 hacia el trabajador, levant\u00f3 el dedo coraz\u00f3n y le dedic\u00f3 un insulto que se lee perfectamente en sus labios.<\/p>\n<p>Lo m\u00e1s preocupante no ha sido solo el arrebato de Trump, sino la desfachatez de su equipo al justificarlo. En lugar de pedir disculpas o apelar a la templanza, su portavoz, Steven Cheung, ha defendido la actitud del presidente asegurando que fue una respuesta \u00abapropiada\u00bb ante un \u00ablun\u00e1tico fuera de s\u00ed\u00bb. Una declaraci\u00f3n que confirma que, para esta administraci\u00f3n, la mala educaci\u00f3n se ha convertido en pol\u00edtica oficial de comunicaci\u00f3n.<\/p>\n<p>El trabajador de Ford, a la calle<\/p>\n<p>El incidente ya se ha cobrado su primera pieza: TJ Sabula ha sido suspendido de su puesto en Ford mientras se investiga lo ocurrido. El \u00abhombre com\u00fan\u00bb paga el pato, mientras el presidente sigue su gira electoral hacia 2026 como si nada. Sin embargo, la incomodidad de los anfitriones era evidente. Bill Ford, presidente ejecutivo de la marca, no sab\u00eda d\u00f3nde meterse: calific\u00f3 lo ocurrido de \u00ablamentable\u00bb y admiti\u00f3 estar \u00abavergonzado\u00bb por un momento que, en apenas seis segundos, arruin\u00f3 una visita de una hora.<\/p>\n<p>Este estallido de ira no es casualidad. Trump encara la campa\u00f1a especialmente tenso tras las filtraciones de 2025, que volvieron a poner el foco en su relaci\u00f3n con Jeffrey Epstein y sugirieron que sab\u00eda mucho m\u00e1s de lo que admit\u00eda. Esa sombra le persigue y, por lo visto en Michigan, le hace perder los estribos a la m\u00ednima.<\/p>\n<p>Al final, entre selfis y aplausos de sus incondicionales, lo que queda es la imagen de un presidente que se pone al nivel de un patio de colegio. Una cosa es ser un pol\u00edtico sin filtros y otra, muy distinta, es no estar a la altura del respeto que exige el cargo que ocupa.<\/p>\n","protected":false},"excerpt":{"rendered":"Hay l\u00edneas que un presidente, por pura dignidad institucional, no deber\u00eda cruzar. Pero Donald Trump ha vuelto a&hellip;\n","protected":false},"author":2,"featured_media":340061,"comment_status":"","ping_status":"","sticky":false,"template":"","format":"standard","meta":{"footnotes":""},"categories":[42],"tags":[17,18,6947,13,14,11,61,62,63,64,19,20,9,10,15,16,40689,3457,12,11791,936,21,22,65,66,67],"class_list":{"0":"post-340060","1":"post","2":"type-post","3":"status-publish","4":"format-standard","5":"has-post-thumbnail","7":"category-internacional","8":"tag-breaking-news","9":"tag-breakingnews","10":"tag-escuchar","11":"tag-featured-news","12":"tag-featurednews","13":"tag-headlines","14":"tag-internacional","15":"tag-international","16":"tag-international-news","17":"tag-internationalnews","18":"tag-latest-news","19":"tag-latestnews","20":"tag-news","21":"tag-noticias","22":"tag-noticias-destacadas","23":"tag-noticiasdestacadas","24":"tag-papeles","25":"tag-pierde","26":"tag-titulares","27":"tag-trabajador","28":"tag-trump","29":"tag-ultimas-noticias","30":"tag-ultimasnoticias","31":"tag-world","32":"tag-world-news","33":"tag-worldnews"},"share_on_mastodon":{"url":"https:\/\/pubeurope.com\/@es\/115893012025104907","error":""},"_links":{"self":[{"href":"https:\/\/www.europesays.com\/es\/wp-json\/wp\/v2\/posts\/340060","targetHints":{"allow":["GET"]}}],"collection":[{"href":"https:\/\/www.europesays.com\/es\/wp-json\/wp\/v2\/posts"}],"about":[{"href":"https:\/\/www.europesays.com\/es\/wp-json\/wp\/v2\/types\/post"}],"author":[{"embeddable":true,"href":"https:\/\/www.europesays.com\/es\/wp-json\/wp\/v2\/users\/2"}],"replies":[{"embeddable":true,"href":"https:\/\/www.europesays.com\/es\/wp-json\/wp\/v2\/comments?post=340060"}],"version-history":[{"count":0,"href":"https:\/\/www.europesays.com\/es\/wp-json\/wp\/v2\/posts\/340060\/revisions"}],"wp:featuredmedia":[{"embeddable":true,"href":"https:\/\/www.europesays.com\/es\/wp-json\/wp\/v2\/media\/340061"}],"wp:attachment":[{"href":"https:\/\/www.europesays.com\/es\/wp-json\/wp\/v2\/media?parent=340060"}],"wp:term":[{"taxonomy":"category","embeddable":true,"href":"https:\/\/www.europesays.com\/es\/wp-json\/wp\/v2\/categories?post=340060"},{"taxonomy":"post_tag","embeddable":true,"href":"https:\/\/www.europesays.com\/es\/wp-json\/wp\/v2\/tags?post=340060"}],"curies":[{"name":"wp","href":"https:\/\/api.w.org\/{rel}","templated":true}]}}