{"id":340062,"date":"2026-01-14T10:36:11","date_gmt":"2026-01-14T10:36:11","guid":{"rendered":"https:\/\/www.europesays.com\/es\/340062\/"},"modified":"2026-01-14T10:36:11","modified_gmt":"2026-01-14T10:36:11","slug":"el-hospital-publico-12-de-octubre-participa-en-62-atenciones-y-traslados-de-ninos-en-estado-critico-de-otras-autonomias-conectados-con-el-sistema-ecmo-2","status":"publish","type":"post","link":"https:\/\/www.europesays.com\/es\/340062\/","title":{"rendered":"El Hospital p\u00fablico 12 de Octubre participa en 62 atenciones y traslados de ni\u00f1os en estado cr\u00edtico de otras autonom\u00edas, conectados con el sistema ECMO"},"content":{"rendered":"<p>Tres de estos traslados se han producido desde julio de 2025, fecha en la que el Hospital 12 de Octubre ha conseguido el reconocimiento por el Ministerio de Sanidad como centro de referencia nacional (CSUR), junto con el SUMMA 112. Uno de ellos ha tenido un car\u00e1cter singular y se ha producido poco antes de las campanadas de Nochevieja en Galicia, a pocos minutos de las 23:00 horas del 31 de diciembre. Los profesionales del Hospital 12 de Octubre, conjuntamente con un equipo del SUMMA 112, han viajado hasta esta Comunidad Aut\u00f3noma para atender a un beb\u00e9 de tres meses ingresado en el Hospital Universitario de Santiago de Compostela. All\u00ed le han conectado al sistema ECMO pedi\u00e1trico y han procedido a su traslado hasta el Complejo Hospitalario Universitario de A Coru\u00f1a.\u00a0<\/p>\n<p>El operativo moviliz\u00f3 a un total de 13 profesionales, entre pediatras, cirujanos, perfusionistas, enfermeros de emergencias y T\u00e9cnicos en Emergencias Sanitarias, y recorri\u00f3 cerca de 1.200 kil\u00f3metros en 22 horas, incluyendo las fases de preparaci\u00f3n, desplazamiento y canulaci\u00f3n del paciente.<\/p>\n<p>El Hospital 12 de Octubre fue reconocido en julio de 2025 por el Ministerio de Sanidad como Centro de Referencia en el Sistema Nacional de Salud, conjuntamente con el SUMMA 112 y otros dos hospitales espa\u00f1oles situados en el norte y sur del pa\u00eds respectivamente, para la asistencia y el transporte intercomunitario de reci\u00e9n nacidos y ni\u00f1os en estado cr\u00edtico conectados a oxigenaci\u00f3n por membrana extracorp\u00f3rea (ECMO). Este sistema act\u00faa como un coraz\u00f3n y un pulm\u00f3n artificiales, permitiendo que estos \u00f3rganos del paciente descansen mientras se recupera.<\/p>\n<p><strong>VIAJE HASTA EL HOSPITAL DE ORIGEN<\/strong><\/p>\n<p>En todos los casos, excepto en el paciente de Galicia, los profesionales del hospital han viajado hasta el hospital de origen en el que est\u00e1 ingresado el paciente, lo han conectado al sistema ECMO y lo han trasladado en la mayor\u00eda de los casos con este dispositivo hasta el 12 de Octubre, centro en el que contin\u00faa su ingreso, primero en cuidados intensivos y con posterioridad en hospitalizaci\u00f3n pedi\u00e1trica si la evoluci\u00f3n es satisfactoria, hasta recibir el alta.<\/p>\n<p>Las intervenciones en las que ha participado el <a href=\"https:\/\/www.comunidad.madrid\/hospital\/12octubre\/\" target=\"_blank\" title=\"Hospital Universitario 12 de Octubre\" rel=\"nofollow noopener\">Hospital 12 de Octubre<\/a> desde julio de 2025 -Galicia, Oviedo y Salamanca- han supuesto la atenci\u00f3n de tres pacientes con edades comprendidas entre las ocho horas de vida y los cinco meses, todos ellos en estado muy cr\u00edtico. En todos los casos, los procedimientos se desarrollaron con \u00e9xito y los menores evolucionaron favorablemente.<\/p>\n<p>Cada uno de estos operativos requiri\u00f3 el despliegue de un dispositivo sanitario de alta complejidad que cont\u00f3 asimismo con el apoyo de las Fuerzas y Cuerpos de Seguridad del Estado para garantizar la seguridad y la agilidad de los desplazamientos.<\/p>\n<p>De acuerdo con el protocolo asistencial, una vez activado un traslado ECMO intercomunitario, se dispone de un m\u00e1ximo de 120 minutos para iniciar el desplazamiento hacia el hospital de origen en el que est\u00e1 ingresado el paciente. En este contexto, la rapidez en la movilizaci\u00f3n, la coordinaci\u00f3n interinstitucional y la alta capacitaci\u00f3n de los profesionales resultan determinantes para el \u00e9xito del proceso.<\/p>\n","protected":false},"excerpt":{"rendered":"Tres de estos traslados se han producido desde julio de 2025, fecha en la que el Hospital 12&hellip;\n","protected":false},"author":2,"featured_media":339999,"comment_status":"","ping_status":"","sticky":false,"template":"","format":"standard","meta":{"footnotes":""},"categories":[8],"tags":[17,18,25,24,13,14,11,19,20,9,10,15,16,23,12,21,22],"class_list":{"0":"post-340062","1":"post","2":"type-post","3":"status-publish","4":"format-standard","5":"has-post-thumbnail","7":"category-espana","8":"tag-breaking-news","9":"tag-breakingnews","10":"tag-es","11":"tag-espana","12":"tag-featured-news","13":"tag-featurednews","14":"tag-headlines","15":"tag-latest-news","16":"tag-latestnews","17":"tag-news","18":"tag-noticias","19":"tag-noticias-destacadas","20":"tag-noticiasdestacadas","21":"tag-spain","22":"tag-titulares","23":"tag-ultimas-noticias","24":"tag-ultimasnoticias"},"share_on_mastodon":{"url":"https:\/\/pubeurope.com\/@es\/115893015912446256","error":""},"_links":{"self":[{"href":"https:\/\/www.europesays.com\/es\/wp-json\/wp\/v2\/posts\/340062","targetHints":{"allow":["GET"]}}],"collection":[{"href":"https:\/\/www.europesays.com\/es\/wp-json\/wp\/v2\/posts"}],"about":[{"href":"https:\/\/www.europesays.com\/es\/wp-json\/wp\/v2\/types\/post"}],"author":[{"embeddable":true,"href":"https:\/\/www.europesays.com\/es\/wp-json\/wp\/v2\/users\/2"}],"replies":[{"embeddable":true,"href":"https:\/\/www.europesays.com\/es\/wp-json\/wp\/v2\/comments?post=340062"}],"version-history":[{"count":0,"href":"https:\/\/www.europesays.com\/es\/wp-json\/wp\/v2\/posts\/340062\/revisions"}],"wp:featuredmedia":[{"embeddable":true,"href":"https:\/\/www.europesays.com\/es\/wp-json\/wp\/v2\/media\/339999"}],"wp:attachment":[{"href":"https:\/\/www.europesays.com\/es\/wp-json\/wp\/v2\/media?parent=340062"}],"wp:term":[{"taxonomy":"category","embeddable":true,"href":"https:\/\/www.europesays.com\/es\/wp-json\/wp\/v2\/categories?post=340062"},{"taxonomy":"post_tag","embeddable":true,"href":"https:\/\/www.europesays.com\/es\/wp-json\/wp\/v2\/tags?post=340062"}],"curies":[{"name":"wp","href":"https:\/\/api.w.org\/{rel}","templated":true}]}}