{"id":340063,"date":"2026-01-14T10:37:10","date_gmt":"2026-01-14T10:37:10","guid":{"rendered":"https:\/\/www.europesays.com\/es\/340063\/"},"modified":"2026-01-14T10:37:10","modified_gmt":"2026-01-14T10:37:10","slug":"montero-y-puente-cobran-29-000-euros-al-ano-del-congreso-para-vivienda-aunque-residen-en-casas-oficiales","status":"publish","type":"post","link":"https:\/\/www.europesays.com\/es\/340063\/","title":{"rendered":"Montero y Puente cobran 29.000 euros al a\u00f1o del Congreso para vivienda aunque residen en casas oficiales"},"content":{"rendered":"<p style=\"\">Mar\u00eda Jes\u00fas Montero, vicepresidenta primera del Gobierno y ministra de Hacienda, y \u00d3scar Puente, ministro de Transportes y Movilidad Sostenible, son diputados electos por las circunscripciones de Sevilla y Valladolid, respectivamente. Perciben los salarios correspondientes como miembros del Gobierno, al que no se suma la  &#8230; n\u00f3mina de diputado, pero s\u00ed est\u00e1n cobrando la indemnizaci\u00f3n mensual que fija la C\u00e1mara Baja para gastos en la capital, principalmente los de vivienda. <\/p>\n<p class=\"voc-p\" style=\"\">Se trata de <strong>una cuant\u00eda mensual de 2.078,92 euros (en realidad m\u00e1s, pues se cobran 14 pagas)<\/strong>. Los diputados electos por Madrid reciben menos de la mitad, 992,31 euros, pero en su caso sobrepasan los 2.000 euros porque el Congreso entiende que los diputados en cuesti\u00f3n tienen que asumir gastos de alojamiento en la capital de Espa\u00f1a. Pero se da la circunstancia de que la vicepresidenta primera de Pedro S\u00e1nchez y el ministro de Transportes tienen todos sus gastos cubiertos como ministros. Ambos residen en casas propiedad de Patrimonio del Estado. En el caso de Montero es una vivienda habilitada dentro de las dependencias del Ministerio de Hacienda, mientras que <a href=\"https:\/\/www.abc.es\/espana\/cataluna\/generalitat-gobierno-formalizan-gestion-compartida-rodalies-promesas-20260112133527-nt.html\" target=\"_self\" data-voc-vtm-id=\"in-text-traffic\" title=\"\u00d3scar Puente\" rel=\"nofollow noopener\">\u00d3scar Puente<\/a> habita un lujoso \u00e1tico cerca del Congreso de los Diputados, como public\u00f3 ABC. <\/p>\n<p class=\"voc-p\" style=\"\">Los m\u00e1s de 2.000 euros mensuales de dieta para gastos son libres de impuestos porque el art\u00edculo 17.2 b) de la Ley 35\/2006 de 28 de noviembre establece que<strong> \u00abes una cantidad dedicada, pues, a cubrir gastos y por ello exenta de tributaci\u00f3n\u00bb<\/strong>. <\/p>\n<p class=\"voc-p\" style=\"\">En ambos casos se da esta duplicidad porque ni Montero ni Puente renunciaron a su condici\u00f3n de diputados, como s\u00ed hicieron otros ministros, y, por ley, <strong>les corresponde la indemnizaci\u00f3n mensual<\/strong>, aunque no tengan que trasladarse desde Sevilla y Valladolid a Madrid para sus tareas pol\u00edticas. La \u00fanica manera de no cobrar esta dieta libre de impuestos ser\u00eda renunciando a ella.<\/p>\n<p class=\"voc-p\" style=\"\">Fuentes del gabinete de \u00d3scar Puente confirman a ABC que el ministro percibe los 2.078,92 euros mensuales \u201429.104,88 al a\u00f1o en catorce pagas\u2014 y defienden que as\u00ed sea. <strong>\u00abEs legal y la cobra como cualquier otro diputado que no es de Madrid\u00bb<\/strong>, dicen las fuentes consultadas, que aseveran que ese dinero no tiene que ser necesariamente para vivienda, sino para gastarlo \u00aben lo que considere\u00bb. Sostienen que el asunto \u00abno tiene trascendencia\u00bb y a\u00f1aden que en el pasado ha habido \u00abotros casos\u00bb. <\/p>\n<p class=\"voc-p\" style=\"\">Estas indemnizaciones que abona el Congreso llevan a\u00f1os generando pol\u00e9mica, pues hay decenas de diputados, de todo signo pol\u00edtico, que residen en Madrid desde hace diez, veinte o treinta a\u00f1os, pero cuando llegan las elecciones generales <strong>se presentan por las circunscripciones de sus provincias de origen<\/strong>, para liderar esas listas y para garantizarse la elecci\u00f3n, pues no todos saldr\u00edan en la de Madrid. Resultan electos y reciben los 2.000 euros mensuales aunque vivan en su casa de la capital. Pero en el caso de \u00d3scar Puente y<a href=\"https:\/\/www.abc.es\/espana\/andalucia\/andaluces-ahorrado-1000-millones-impuestos-montero-quiere-20260113065708-nts.html\" target=\"_self\" data-voc-vtm-id=\"in-text-traffic\" title=\" Mar\u00eda Jes\u00fas Montero\" rel=\"nofollow noopener\"> Mar\u00eda Jes\u00fas Montero<\/a> se da la circunstancia de que son tambi\u00e9n ministros y han optado por residencias oficiales que dependen, precisamente, del Ministerio de Hacienda, que es quien gestiona Patrimonio del Estado y corre con todos los gastos, incluidos los consumos de electricidad, gas y agua. <\/p>\n<p class=\"voc-p\" style=\"\"><strong>Mar\u00eda Jes\u00fas Montero cobra 123.994,70 euros a\u00f1o<\/strong>, de los que 94.889,82 son su salario como vicepresidenta del Gobierno, que se complementan con los 29.104,88 de la indemnizaci\u00f3n del Congreso, seg\u00fan datos recabados por Newtral. Por su parte, <strong>\u00d3scar Puente ingresa 110.941,72 euros brutos al a\u00f1o<\/strong>, 81.836,84 euros como ministro de Transportes y las dietas del Congreso libres de impuestos.<\/p>\n<p class=\"voc-p\" style=\"\">El pol\u00edtico vallisoletano reside actualmente en un lujoso \u00e1tico en el que el Ministerio de Hacienda invirti\u00f3 m\u00e1s de un mill\u00f3n de euros para su reforma integral. Con una superficie construida de 575 metros cuadrados, <strong>Patrimonio del Estado lo dividi\u00f3 en dos viviendas de 270 y 239 metros cuadrados<\/strong>, adem\u00e1s de 66 de elementos comunes, una adscrita al Ministerio de Transportes y la otra al de Igualdad, que la ocupa su actual ministra, Ana Redondo.<\/p>\n<p class=\"voc-p\" style=\"\">Se trata de la quinta planta de un inmueble se\u00f1orial ubicado en una de las mejores zonas de Madrid, entre el paseo del Prado y el Congreso de los Diputados. Las obras se ejecutaron en el \u00e1tico, que cuenta con dos entradas. <\/p>\n<p class=\"voc-p\" style=\"\">El contrato fue adjudicado en julio de 2023, aunque la Plataforma de Contrataci\u00f3n del Sector P\u00fablico lo public\u00f3 ya en diciembre de ese a\u00f1o. Las obras terminaron hace unos meses, seg\u00fan fuentes conocedoras de la reforma. El importe de la adjudicaci\u00f3n ascendi\u00f3 a 1.067.082,59 euros, impuestos incluidos, aunque durante la ejecuci\u00f3n hubo una desviaci\u00f3n al alza de no menos de cien mil euros, extremo que no ha podido ser confirmado oficialmente.<\/p>\n<p class=\"voc-p\" style=\"\">El contrato lo adjudic\u00f3 la Subsecretar\u00eda de Hacienda y Funci\u00f3n P\u00fablica, de quien depende la<strong> Direcci\u00f3n General del Patrimonio del Estado<\/strong>, y la ha ejecutado Fern\u00e1ndez Molina Obras y Servicios, una empresa l\u00edder en grandes reformas y rehabilitaciones y la \u00fanica que present\u00f3 oferta en el concurso p\u00fablico. Cuenta en su porfolio con restauraciones tan emblem\u00e1ticas como la de la Puerta de Alcal\u00e1, la Fuente de Cibeles, el Templo de Debod o la reforma del zagu\u00e1n del Banco de Espa\u00f1a.<\/p>\n<p class=\"voc-p\" style=\"\">Las fuentes consultadas por este diario aseveran que la obra como tal comenz\u00f3 en torno a junio de 2024, despu\u00e9s de la etapa correspondiente a los trabajos de arquitectura, y se prolong\u00f3 durante un a\u00f1o, aproximadamente. Ambos pisos fueron <strong>remozados en su totalidad y se han utilizado materiales de primera calidad<\/strong>. Solo el apartado de climatizaci\u00f3n ascendi\u00f3 a \u00ab200.000 euros\u00bb, dicen fuentes oficiosas.<\/p>\n<p class=\"voc-p\" style=\"\">El pliego de prescripciones t\u00e9cnicas particulares, de 95 p\u00e1ginas, recoge detalles que van desde la demolici\u00f3n de tabiques hasta la carpinter\u00eda de madera y aluminios, pasando por aislamientos, revestimientos y distintas instalaciones.<\/p>\n<p class=\"voc-p\" style=\"\">Seg\u00fan su \u00faltima declaraci\u00f3n de bienes oficial presentada en el Congreso de los Diputados,<strong> \u00d3scar Puente es propietario de seis inmuebles<\/strong>, en concreto cuatro casas y dos garajes. En Valladolid posee dos viviendas y dos garajes al 50 por ciento y una tercera vivienda al 25 por ciento. La cuarta casa, la m\u00e1s reciente, la adquiri\u00f3 Puente en Alicante este mismo a\u00f1o y es propietario de la mitad.<\/p>\n<p class=\"voc-p\" style=\"\">Por su parte, la vicepresidenta primera del Gobierno es propietaria de tres viviendas, un local y un garaje. Todos los inmuebles est\u00e1n ubicados en Sevilla y los posee al 50 por ciento. <\/p>\n<p class=\"voc-p\" style=\"\">Al margen de la vivienda y otros gastos de sus se\u00f1or\u00edas que sufraga el Congreso con la indemnizaci\u00f3n mensual, los diputados tienen cubiertos los costes de transporte. En este caso no se les entrega una cantidad fija sino que se le abona directamente el billete a la empresa transportista, salvo que usen su propio coche, en cuyo caso se les abona el kilometraje. Para moverse por la ciudad de Madrid se les entrega una tarjeta para pagar taxis con un l\u00edmite anual de 3.000 euros. En los casos de Mar\u00eda Jes\u00fas Montero y \u00d3scar Puente, al ser ministros, no necesitan estos servicios, pues disponen de veh\u00edculos oficiales y sus respectivos ministerios organizan y abonan los viajes fuera de la capital.<\/p>\n","protected":false},"excerpt":{"rendered":"Mar\u00eda Jes\u00fas Montero, vicepresidenta primera del Gobierno y ministra de Hacienda, y \u00d3scar Puente, ministro de Transportes y&hellip;\n","protected":false},"author":2,"featured_media":340064,"comment_status":"","ping_status":"","sticky":false,"template":"","format":"standard","meta":{"footnotes":""},"categories":[5],"tags":[996,17,18,3738,11555,11866,25,24,1557,13,14,11,19,20,1970,2466,9,10,15,16,691,2497,40994,23,12,21,22,3633],"class_list":{"0":"post-340063","1":"post","2":"type-post","3":"status-publish","4":"format-standard","5":"has-post-thumbnail","7":"category-titulares","8":"tag-996","9":"tag-breaking-news","10":"tag-breakingnews","11":"tag-casas","12":"tag-cobran","13":"tag-congreso","14":"tag-es","15":"tag-espana","16":"tag-euros","17":"tag-featured-news","18":"tag-featurednews","19":"tag-headlines","20":"tag-latest-news","21":"tag-latestnews","22":"tag-mes","23":"tag-montero","24":"tag-news","25":"tag-noticias","26":"tag-noticias-destacadas","27":"tag-noticiasdestacadas","28":"tag-oficiales","29":"tag-puente","30":"tag-residen","31":"tag-spain","32":"tag-titulares","33":"tag-ultimas-noticias","34":"tag-ultimasnoticias","35":"tag-vivienda"},"share_on_mastodon":{"url":"https:\/\/pubeurope.com\/@es\/115893019784857980","error":""},"_links":{"self":[{"href":"https:\/\/www.europesays.com\/es\/wp-json\/wp\/v2\/posts\/340063","targetHints":{"allow":["GET"]}}],"collection":[{"href":"https:\/\/www.europesays.com\/es\/wp-json\/wp\/v2\/posts"}],"about":[{"href":"https:\/\/www.europesays.com\/es\/wp-json\/wp\/v2\/types\/post"}],"author":[{"embeddable":true,"href":"https:\/\/www.europesays.com\/es\/wp-json\/wp\/v2\/users\/2"}],"replies":[{"embeddable":true,"href":"https:\/\/www.europesays.com\/es\/wp-json\/wp\/v2\/comments?post=340063"}],"version-history":[{"count":0,"href":"https:\/\/www.europesays.com\/es\/wp-json\/wp\/v2\/posts\/340063\/revisions"}],"wp:featuredmedia":[{"embeddable":true,"href":"https:\/\/www.europesays.com\/es\/wp-json\/wp\/v2\/media\/340064"}],"wp:attachment":[{"href":"https:\/\/www.europesays.com\/es\/wp-json\/wp\/v2\/media?parent=340063"}],"wp:term":[{"taxonomy":"category","embeddable":true,"href":"https:\/\/www.europesays.com\/es\/wp-json\/wp\/v2\/categories?post=340063"},{"taxonomy":"post_tag","embeddable":true,"href":"https:\/\/www.europesays.com\/es\/wp-json\/wp\/v2\/tags?post=340063"}],"curies":[{"name":"wp","href":"https:\/\/api.w.org\/{rel}","templated":true}]}}