{"id":340065,"date":"2026-01-14T10:42:08","date_gmt":"2026-01-14T10:42:08","guid":{"rendered":"https:\/\/www.europesays.com\/es\/340065\/"},"modified":"2026-01-14T10:42:08","modified_gmt":"2026-01-14T10:42:08","slug":"zarazua-muestra-las-quemaduras-del-sol-de-australia-no-es-una-broma","status":"publish","type":"post","link":"https:\/\/www.europesays.com\/es\/340065\/","title":{"rendered":"Zaraz\u00faa muestra las quemaduras del sol de Australia: \u201cNo es una broma\u201d"},"content":{"rendered":"<p class=\"\"><b>El mundo del tenis ya se prepara para el primer Grand Slam de la temporada, el Open de Australia, <\/b>donde un a\u00f1o m\u00e1s el calor y las altas temperaturas del verano australiano volver\u00e1n a ser protagonistas y supondr\u00e1n un desgaste a\u00fan mayor para los tenistas durante los partidos.<\/p>\n<p class=\"\">Sin embargo, el calor no ser\u00e1 el \u00fanico riesgo para los tenistas, ya que tambi\u00e9n <b>deber\u00e1n hacer frente en muchos casos a los intensos rayos de sol, como le ha sucedido a la tenista mexicana Renata Zaraz\u00faa<\/b> durante el torneo de Hobart (Australia).<\/p>\n<p class=\"\">Zaraz\u00faa jug\u00f3 en el primer turno de la jornada de este lunes ante la estadounidense <b>Hailey Baptiste por 6-7 (5), 6-3 y 6-3<\/b> tras una batalla de casi tres horas y que termin\u00f3 sobre las 14:00 hora local.<\/p>\n<p><img decoding=\"async\" src=\"https:\/\/www.europesays.com\/es\/wp-content\/uploads\/2026\/01\/S4DBGZ527VGJDCLNZFRQWSP5HQ.jpeg\" alt=\"Zaraz\u00faa muestra las quemaduras del sol de Australia: \u201cNo es una broma\u201d\" height=\"1599\" width=\"911\"   loading=\"lazy\"\/>La tenista mexicana Renata Zaraz\u00faa muestra las quemaduras en la espalda a causa del sol en el torneo de Hobart (Australia).Instagram @renazarazua<\/p>\n<p class=\"\">Tras el partido la propia Zaraz\u00faa quiso compartir en sus redes sociales c\u00f3mo qued\u00f3<b> su espalda totalmente enrojecida a la altura de los hombreos con numerosas quemaduras a causa del impacto del sol. \u201cEl sol de Australia no es ninguna broma\u201d<\/b>, lamentaba la tenista mexicana junto a la imagen, mostrando otro de los grandes peligros a los que se enfrentar\u00e1n los tenistas en el Open de Australia, el primer Grand Slam de la temporada.<\/p>\n<p>Noticias relacionadas<\/p>\n<p class=\"\"><b>\u00a1Tus opiniones importan!<\/b> Comenta en los art\u00edculos y suscr\u00edbete gratis a nuestra <a href=\"https:\/\/asfan.as.com\/newsletters\/\" target=\"_blank\" rel=\"nofollow noopener\" title=\"https:\/\/asfan.as.com\/newsletters\/\">newsletter<\/a> y a las alertas informativas en la <a href=\"https:\/\/as.com\/aplicacion-de-as-n\/\" target=\"_blank\" rel=\"nofollow noopener\" title=\"https:\/\/as.com\/aplicacion-de-as-n\/\">App<\/a> o el canal de <a href=\"https:\/\/www.whatsapp.com\/channel\/0029VaAasdA7j6g745nz9M10\" target=\"_blank\" rel=\"nofollow noopener\" title=\"https:\/\/www.whatsapp.com\/channel\/0029VaAasdA7j6g745nz9M10\">WhatsApp<\/a>.<\/p>\n<p class=\"\">\u00bfBuscas licenciar contenido? Haz clic <a href=\"https:\/\/profesional.elpais.com\/soluciones-sindicacion?utm_medium=interno&amp;utm_source=crosslinking&amp;utm_campaign=sindicacion_as_pie_articulos\" target=\"_blank\" rel=\"nofollow noopener\" title=\"https:\/\/profesional.elpais.com\/soluciones-sindicacion?utm_medium=interno&amp;utm_source=crosslinking&amp;utm_campaign=sindicacion_as_pie_articulos\">aqu\u00ed<\/a><\/p>\n","protected":false},"excerpt":{"rendered":"El mundo del tenis ya se prepara para el primer Grand Slam de la temporada, el Open de&hellip;\n","protected":false},"author":2,"featured_media":340066,"comment_status":"","ping_status":"","sticky":false,"template":"","format":"standard","meta":{"footnotes":""},"categories":[274],"tags":[168,25,24,23,167,327,326],"class_list":{"0":"post-340065","1":"post","2":"type-post","3":"status-publish","4":"format-standard","5":"has-post-thumbnail","7":"category-tenis","8":"tag-deportes","9":"tag-es","10":"tag-espana","11":"tag-spain","12":"tag-sports","13":"tag-tenis","14":"tag-tennis"},"share_on_mastodon":{"url":"https:\/\/pubeurope.com\/@es\/115893039684839017","error":""},"_links":{"self":[{"href":"https:\/\/www.europesays.com\/es\/wp-json\/wp\/v2\/posts\/340065","targetHints":{"allow":["GET"]}}],"collection":[{"href":"https:\/\/www.europesays.com\/es\/wp-json\/wp\/v2\/posts"}],"about":[{"href":"https:\/\/www.europesays.com\/es\/wp-json\/wp\/v2\/types\/post"}],"author":[{"embeddable":true,"href":"https:\/\/www.europesays.com\/es\/wp-json\/wp\/v2\/users\/2"}],"replies":[{"embeddable":true,"href":"https:\/\/www.europesays.com\/es\/wp-json\/wp\/v2\/comments?post=340065"}],"version-history":[{"count":0,"href":"https:\/\/www.europesays.com\/es\/wp-json\/wp\/v2\/posts\/340065\/revisions"}],"wp:featuredmedia":[{"embeddable":true,"href":"https:\/\/www.europesays.com\/es\/wp-json\/wp\/v2\/media\/340066"}],"wp:attachment":[{"href":"https:\/\/www.europesays.com\/es\/wp-json\/wp\/v2\/media?parent=340065"}],"wp:term":[{"taxonomy":"category","embeddable":true,"href":"https:\/\/www.europesays.com\/es\/wp-json\/wp\/v2\/categories?post=340065"},{"taxonomy":"post_tag","embeddable":true,"href":"https:\/\/www.europesays.com\/es\/wp-json\/wp\/v2\/tags?post=340065"}],"curies":[{"name":"wp","href":"https:\/\/api.w.org\/{rel}","templated":true}]}}