{"id":340073,"date":"2026-01-14T10:47:08","date_gmt":"2026-01-14T10:47:08","guid":{"rendered":"https:\/\/www.europesays.com\/es\/340073\/"},"modified":"2026-01-14T10:47:08","modified_gmt":"2026-01-14T10:47:08","slug":"da-mucho-que-hablar-desde-el-primer-segundo","status":"publish","type":"post","link":"https:\/\/www.europesays.com\/es\/340073\/","title":{"rendered":"da mucho que hablar desde el primer segundo"},"content":{"rendered":"<p><b>El presentador de televisi\u00f3n Jes\u00fas V\u00e1zquez<\/b> visit\u00f3 este martes <a href=\"https:\/\/www.huffingtonpost.es\/virales\/david-broncano-le-recuerda-jesus-vazquez-la-revuelta-espanaa-eurovision-el-responde-breve-directo-mas-claro-imposible-f202601.html\" rel=\"nofollow noopener\" target=\"_blank\">el programa de La Revuelta de TVE<\/a> y dej\u00f3 un momento que est\u00e1 provocando mucho revuelo en redes sociales. No fue a ra\u00edz de ninguna pregunta como tal, ni las cl\u00e1sicas, y s\u00ed al ense\u00f1ar varias im\u00e1genes de la galer\u00eda de su m\u00f3vil.\u00a0<\/p>\n<p><b>V\u00e1zquez, que ha dejado Mediaset tras m\u00e1s de 25 a\u00f1os, ha firmado por RTVE<\/b> para, entre otras cosas, presentar el <a href=\"https:\/\/www.huffingtonpost.es\/life\/cultura\/bachata-flamenco-pop-urbano-rock-mamarrachadas-escucha-18-canciones-benidorm-fest-2026-f202512.html\" rel=\"nofollow noopener\" target=\"_blank\">Benidorm Fest 2026<\/a>, el festival de m\u00fasica que conducir\u00e1 junto a Javier Ambrossi, In\u00e9s Hernand y Lalachus y que se celebrar\u00e1 en Alicante el 10, 12 y 14 de febrero.<\/p>\n<p>En uno de los retos que le plante\u00f3 Broncano durante el programa <b>le coment\u00f3 si se atrev\u00eda a mostrar el \u00e1lbum de fotos de su m\u00f3vil<\/b>. El nuevo presentador de la Corporaci\u00f3n P\u00fablica afirm\u00f3\u00a0 no tener miedo y se lanz\u00f3 a pedir el m\u00f3vil y mirar las im\u00e1genes que tiene en el m\u00f3vil.<\/p>\n<p><b>\u00abGente valiente o gente que tiene dos m\u00f3viles\u00bb<\/b>, ironiz\u00f3 Ricardo Castella, uno de directores del espacio.<\/p>\n<p>Las im\u00e1genes de V\u00e1zquez<\/p>\n<p>A continuaci\u00f3n Broncano cogi\u00f3 el m\u00f3vil de Jes\u00fas V\u00e1zquez y mir\u00f3 las im\u00e1genes que ten\u00eda el presentador. <b>Mostr\u00f3 estas cuatro:<\/b><\/p>\n<ul>\n<li>El nieto de su cocinera, que acaba de nacer.<\/li>\n<li>Una captura de Wikipedia con los nombres de los colaboradores de La Revuelta: \u00abEra por si acaso, por si se me olvida alg\u00fan nombre en el directo\u00bb.<\/li>\n<li>Una captura de un titular de F\u00f3rmula TV en el que se le\u00eda \u00abAll\u00e1 t\u00fa se estrena con un 7,5% en la tarde de Telecinco y Aria celebra su final subiendo a un 9,2%\u00bb.<\/li>\n<li>Una imagen de Jorge Cadaval con la que le felicita cada d\u00eda.\u00a0<\/li>\n<\/ul>\n<p>El momento &#8216;F\u00f3rmula TV&#8217;<\/p>\n<p>Respecto a la imagen de F\u00f3rmula TV, el presentador pidi\u00f3 primero que no lo ense\u00f1aran. \u00abEsa no que es recochineo. <b>Es mucho recochineo, me hunde, no me lo hagas\u00bb<\/b>, le dijo a Broncano, poni\u00e9ndose de rodillas para evitar que la ense\u00f1ara, mientras ambos no paraban de re\u00edr.<\/p>\n<p>Al final, V\u00e1zquez cambi\u00f3 de opini\u00f3n y no le import\u00f3 que la ense\u00f1ara. \u00abEs una captura del otro d\u00eda que<b> se estren\u00f3 All\u00e1 t\u00fa y pone que se estrena con un 7,5% en Telecinco<\/b>\u00ab, cont\u00f3 el c\u00f3mico andaluz.\u00a0<\/p>\n<p>Tras ello, V\u00e1zquez decidi\u00f3 mostrar su apoyo al programa y mand\u00f3 un mensaje de \u00e1nimo: \u00abQue os vaya muy bien, \u00e1nimo, lo digo en serio, <b>amo ese programa, me ha dado la vida,<\/b> parte de mi carrera es gracias a ese programa y es una cosa muy loca, sin guiones\u00bb.\u00a0<\/p>\n","protected":false},"excerpt":{"rendered":"El presentador de televisi\u00f3n Jes\u00fas V\u00e1zquez visit\u00f3 este martes el programa de La Revuelta de TVE y dej\u00f3&hellip;\n","protected":false},"author":2,"featured_media":340074,"comment_status":"","ping_status":"","sticky":false,"template":"","format":"standard","meta":{"footnotes":""},"categories":[174],"tags":[255,146,147,25,24,256,38778,29956,23,6052],"class_list":{"0":"post-340073","1":"post","2":"type-post","3":"status-publish","4":"format-standard","5":"has-post-thumbnail","7":"category-famosos","8":"tag-celebrities","9":"tag-entertainment","10":"tag-entretenimiento","11":"tag-es","12":"tag-espana","13":"tag-famosos","14":"tag-jesus-vazquez","15":"tag-la-revuelta","16":"tag-spain","17":"tag-twitter"},"share_on_mastodon":{"url":"https:\/\/pubeurope.com\/@es\/115893059161457487","error":""},"_links":{"self":[{"href":"https:\/\/www.europesays.com\/es\/wp-json\/wp\/v2\/posts\/340073","targetHints":{"allow":["GET"]}}],"collection":[{"href":"https:\/\/www.europesays.com\/es\/wp-json\/wp\/v2\/posts"}],"about":[{"href":"https:\/\/www.europesays.com\/es\/wp-json\/wp\/v2\/types\/post"}],"author":[{"embeddable":true,"href":"https:\/\/www.europesays.com\/es\/wp-json\/wp\/v2\/users\/2"}],"replies":[{"embeddable":true,"href":"https:\/\/www.europesays.com\/es\/wp-json\/wp\/v2\/comments?post=340073"}],"version-history":[{"count":0,"href":"https:\/\/www.europesays.com\/es\/wp-json\/wp\/v2\/posts\/340073\/revisions"}],"wp:featuredmedia":[{"embeddable":true,"href":"https:\/\/www.europesays.com\/es\/wp-json\/wp\/v2\/media\/340074"}],"wp:attachment":[{"href":"https:\/\/www.europesays.com\/es\/wp-json\/wp\/v2\/media?parent=340073"}],"wp:term":[{"taxonomy":"category","embeddable":true,"href":"https:\/\/www.europesays.com\/es\/wp-json\/wp\/v2\/categories?post=340073"},{"taxonomy":"post_tag","embeddable":true,"href":"https:\/\/www.europesays.com\/es\/wp-json\/wp\/v2\/tags?post=340073"}],"curies":[{"name":"wp","href":"https:\/\/api.w.org\/{rel}","templated":true}]}}