{"id":340091,"date":"2026-01-14T10:57:09","date_gmt":"2026-01-14T10:57:09","guid":{"rendered":"https:\/\/www.europesays.com\/es\/340091\/"},"modified":"2026-01-14T10:57:09","modified_gmt":"2026-01-14T10:57:09","slug":"el-ayuntamiento-presenta-el-decimo-de-loteria-nacional-que-conmemora-el-50-aniversario-de-tussam-actualidad","status":"publish","type":"post","link":"https:\/\/www.europesays.com\/es\/340091\/","title":{"rendered":"El Ayuntamiento presenta el d\u00e9cimo de Loter\u00eda Nacional que conmemora el 50 aniversario de Tussam \u2014 Actualidad"},"content":{"rendered":"<p>El delegado de Movilidad y presidente de Tussam, \u00c1lvaro Pimentel, ha presentado hoy en la Casa Consistorial la edici\u00f3n del d\u00e9cimo de Loter\u00eda Nacional dedicado al 50 aniversario de la empresa p\u00fablica de transportes de Sevilla, que se jugar\u00e1 este jueves, 15 de enero, y que ya puede adquirirse en las administraciones de loter\u00eda de toda Espa\u00f1a.<\/p>\n<p>En el acto, en el que tambi\u00e9n ha estado presente la Delegada de Loter\u00edas y Apuestas del Estado en Sevilla, Anabel Arciniega, Pimentel ha destacado que este d\u00e9cimo \u00abno solo reconoce la trayectoria de nuestra empresa municipal, sino que va a proyectar su historia a todos los rincones de Espa\u00f1a\u00bb, y ha explicado que su dise\u00f1o, que combina un autob\u00fas hist\u00f3rico con un tranv\u00eda moderno, \u00abdemuestra la evoluci\u00f3n que ha vivido Sevilla en estas cinco d\u00e9cadas en materia de transporte p\u00fablico\u00bb.<\/p>\n<p>En este sentido, el delegado ha recordado que Tussam \u00abes el modo de transporte m\u00e1s utilizado por los sevillanos, el que m\u00e1s confianza genera y el que mejor refleja la identidad de una ciudad que apuesta por la movilidad sostenible y por el transporte p\u00fablico como eje de futuro. En esa l\u00ednea trabaja el equipo de gobierno de Jos\u00e9 Luis Sanz y los datos de usuarios m\u00e1s recientes est\u00e1n reforzando que vamos en la senda adecuada\u00bb.<\/p>\n<p>Para el sorteo del 15 de enero, se pondr\u00e1n a la venta 6 millones de d\u00e9cimos en toda la red comercial de Loter\u00edas, lo que permitir\u00e1 dar una gran difusi\u00f3n al 50 aniversario de los Transportes P\u00fablicos de Sevilla. Este sorteo de Loter\u00eda Nacional repartir\u00e1 12,6 millones de euros en premios, entre los que destacan un primer premio de 300 000 euros por serie y un segundo premio de 60 000 euros por serie.<\/p>\n","protected":false},"excerpt":{"rendered":"El delegado de Movilidad y presidente de Tussam, \u00c1lvaro Pimentel, ha presentado hoy en la Casa Consistorial la&hellip;\n","protected":false},"author":2,"featured_media":340092,"comment_status":"","ping_status":"","sticky":false,"template":"","format":"standard","meta":{"footnotes":""},"categories":[80],"tags":[82,95,94,25,24,23],"class_list":{"0":"post-340091","1":"post","2":"type-post","3":"status-publish","4":"format-standard","5":"has-post-thumbnail","7":"category-economia","8":"tag-business","9":"tag-economia","10":"tag-economy","11":"tag-es","12":"tag-espana","13":"tag-spain"},"share_on_mastodon":{"url":"https:\/\/pubeurope.com\/@es\/115893098470595462","error":""},"_links":{"self":[{"href":"https:\/\/www.europesays.com\/es\/wp-json\/wp\/v2\/posts\/340091","targetHints":{"allow":["GET"]}}],"collection":[{"href":"https:\/\/www.europesays.com\/es\/wp-json\/wp\/v2\/posts"}],"about":[{"href":"https:\/\/www.europesays.com\/es\/wp-json\/wp\/v2\/types\/post"}],"author":[{"embeddable":true,"href":"https:\/\/www.europesays.com\/es\/wp-json\/wp\/v2\/users\/2"}],"replies":[{"embeddable":true,"href":"https:\/\/www.europesays.com\/es\/wp-json\/wp\/v2\/comments?post=340091"}],"version-history":[{"count":0,"href":"https:\/\/www.europesays.com\/es\/wp-json\/wp\/v2\/posts\/340091\/revisions"}],"wp:featuredmedia":[{"embeddable":true,"href":"https:\/\/www.europesays.com\/es\/wp-json\/wp\/v2\/media\/340092"}],"wp:attachment":[{"href":"https:\/\/www.europesays.com\/es\/wp-json\/wp\/v2\/media?parent=340091"}],"wp:term":[{"taxonomy":"category","embeddable":true,"href":"https:\/\/www.europesays.com\/es\/wp-json\/wp\/v2\/categories?post=340091"},{"taxonomy":"post_tag","embeddable":true,"href":"https:\/\/www.europesays.com\/es\/wp-json\/wp\/v2\/tags?post=340091"}],"curies":[{"name":"wp","href":"https:\/\/api.w.org\/{rel}","templated":true}]}}