{"id":340099,"date":"2026-01-14T11:05:07","date_gmt":"2026-01-14T11:05:07","guid":{"rendered":"https:\/\/www.europesays.com\/es\/340099\/"},"modified":"2026-01-14T11:05:07","modified_gmt":"2026-01-14T11:05:07","slug":"carlos-alcaraz-hablara-ante-los-medios-este-viernes","status":"publish","type":"post","link":"https:\/\/www.europesays.com\/es\/340099\/","title":{"rendered":"Carlos Alcaraz hablar\u00e1 ante los medios este viernes"},"content":{"rendered":"<p data-mrf-recirculation=\"Links P\u00e1rrafos\" class=\"ue-c-article__paragraph paragraph ue-c-article--first-letter-highlighted\"><strong>Carlos Alcaraz ha completado este mi\u00e9rcoles su cuarta jornada de entrenamientos en las pistas del Melbourne Park<\/strong>. Se ejercit\u00f3 el domingo con Rafa J\u00f3dar y despu\u00e9s le siguieron tres &#8216;top10&#8217; de la talla de <strong>Felix Auger-Aliassime, Taylor Fritz y Alexander Zverev<\/strong>.\u00a0<\/p>\n<p data-mrf-recirculation=\"Links P\u00e1rrafos\" class=\"ue-c-article__paragraph paragraph\">Alcaraz, primer favorito del cuadro masculino y que aspira a ser el m\u00e1s joven en completar el &#8216;Grand Slam&#8217; en la pr\u00f3xima edici\u00f3n del Open de Australia, <strong>ya tiene fecha para su esperada comparecencia ante los medios de comunicaci\u00f3n llegados de todo el mundo<\/strong>.<\/p>\n<p data-mrf-recirculation=\"Links P\u00e1rrafos\" class=\"ue-c-article__paragraph paragraph\"><strong>El n\u00famero uno mundial, tal y como ha podido saber MARCA, se sentar\u00e1 por primera vez delante de los periodista este viernes<\/strong>. La \u00faltima vez que habl\u00f3 en rueda de prensa fue el pasado 16 de noviembre a la conclusi\u00f3n de la final de las ATP Finals de Tur\u00edn con Jannik Sinner.\u00a0<\/p>\n<p data-mrf-recirculation=\"Links P\u00e1rrafos\" class=\"ue-c-article__paragraph paragraph\">Desde entonces ha habido la novedad en el banquillo de la entrada de Samuel L\u00f3pez como primer entrenador en sustituci\u00f3n de Juan Carlos Ferrero. El pasado 10 de enero <strong><a href=\"https:\/\/www.marca.com\/tenis\/2026\/01\/10\/alcaraz-gana-sinner-corea-da-aviso-open-australia.html#:~:text=Tenis-,Alcaraz%20gana%20a%20Sinner%20en%20Corea%20y%20da,para%20el%20Open%20de%20Australia&amp;text=Alcaraz%20pega%20de%20derecha.&amp;text=Carlos%20Alcaraz%20dio%20primero%20en,una%20hora%20y%2048%20minutos\" target=\"_blank\" rel=\"nofollow noopener\">jug\u00f3 y gan\u00f3 un amistoso en Corea del Sur contra Jannik Sinner<\/a><\/strong>.\u00a0<\/p>\n<blockquote class=\"ue-c-article__blockquote\">\n<p>Necesito a\u00f1adir nuevas armas para mantenerme arriba<\/p>\n<p>Carlos Alcaraz<\/p><\/blockquote>\n<p>Estrella del &#8216;1 Point Slam&#8217;<br \/>\u200b<\/p>\n<p data-mrf-recirculation=\"Links P\u00e1rrafos\" class=\"ue-c-article__paragraph paragraph\">El campe\u00f3n de seis grandes, una de las estrellas invitadas este mi\u00e9rcoles del &#8216;1 Point Slam&#8217;, se las ver\u00e1 dentro de 24 horas con el \u00eddolo local, Alex de Mi\u00f1aur. <strong>Antes jugar\u00e1 al pickleball con los jugadores de f\u00fatbol del equipo de Melbourne en una acci\u00f3n de YoPro, uno de los productos de los que Carlitos es imagen<\/strong>.<\/p>\n","protected":false},"excerpt":{"rendered":"Carlos Alcaraz ha completado este mi\u00e9rcoles su cuarta jornada de entrenamientos en las pistas del Melbourne Park. Se&hellip;\n","protected":false},"author":2,"featured_media":340100,"comment_status":"","ping_status":"","sticky":false,"template":"","format":"standard","meta":{"footnotes":""},"categories":[274],"tags":[168,25,24,23,167,327,326],"class_list":{"0":"post-340099","1":"post","2":"type-post","3":"status-publish","4":"format-standard","5":"has-post-thumbnail","7":"category-tenis","8":"tag-deportes","9":"tag-es","10":"tag-espana","11":"tag-spain","12":"tag-sports","13":"tag-tenis","14":"tag-tennis"},"share_on_mastodon":{"url":"https:\/\/pubeurope.com\/@es\/115893129961512174","error":""},"_links":{"self":[{"href":"https:\/\/www.europesays.com\/es\/wp-json\/wp\/v2\/posts\/340099","targetHints":{"allow":["GET"]}}],"collection":[{"href":"https:\/\/www.europesays.com\/es\/wp-json\/wp\/v2\/posts"}],"about":[{"href":"https:\/\/www.europesays.com\/es\/wp-json\/wp\/v2\/types\/post"}],"author":[{"embeddable":true,"href":"https:\/\/www.europesays.com\/es\/wp-json\/wp\/v2\/users\/2"}],"replies":[{"embeddable":true,"href":"https:\/\/www.europesays.com\/es\/wp-json\/wp\/v2\/comments?post=340099"}],"version-history":[{"count":0,"href":"https:\/\/www.europesays.com\/es\/wp-json\/wp\/v2\/posts\/340099\/revisions"}],"wp:featuredmedia":[{"embeddable":true,"href":"https:\/\/www.europesays.com\/es\/wp-json\/wp\/v2\/media\/340100"}],"wp:attachment":[{"href":"https:\/\/www.europesays.com\/es\/wp-json\/wp\/v2\/media?parent=340099"}],"wp:term":[{"taxonomy":"category","embeddable":true,"href":"https:\/\/www.europesays.com\/es\/wp-json\/wp\/v2\/categories?post=340099"},{"taxonomy":"post_tag","embeddable":true,"href":"https:\/\/www.europesays.com\/es\/wp-json\/wp\/v2\/tags?post=340099"}],"curies":[{"name":"wp","href":"https:\/\/api.w.org\/{rel}","templated":true}]}}