{"id":340125,"date":"2026-01-14T11:20:14","date_gmt":"2026-01-14T11:20:14","guid":{"rendered":"https:\/\/www.europesays.com\/es\/340125\/"},"modified":"2026-01-14T11:20:14","modified_gmt":"2026-01-14T11:20:14","slug":"superavit-comercial-chino-record-en-2025-pese-a-aranceles","status":"publish","type":"post","link":"https:\/\/www.europesays.com\/es\/340125\/","title":{"rendered":"Super\u00e1vit comercial chino r\u00e9cord en 2025 pese a aranceles"},"content":{"rendered":"<p><a class=\"internal-link\" href=\"https:\/\/www.dw.com\/es\/china\/t-17411734\" rel=\"nofollow noopener\" target=\"_blank\">China<\/a>\u00a0reporta un super\u00e1vit comercial r\u00e9cord de 1,2 billones de d\u00f3lares en 2025, pese al declive en sus exportaciones a Estados Unidos tras los <a class=\"internal-link\" href=\"https:\/\/www.dw.com\/es\/trump-y-la-ola-de-aranceles\/t-42846675\" rel=\"nofollow noopener\" target=\"_blank\">aranceles<\/a> impuestos por el presidente <a class=\"internal-link\" href=\"https:\/\/www.dw.com\/es\/donald-trump\/t-19445010\" rel=\"nofollow noopener\" target=\"_blank\">Donald Trump<\/a>.<\/p>\n<p>La <a class=\"internal-link\" href=\"https:\/\/www.dw.com\/es\/guerra-comercial-golpea-con-fuerza-intercambios-entre-china-y-eeuu\/a-72841145\" rel=\"nofollow noopener\" target=\"_blank\">guerra comercial<\/a> del a\u00f1o pasado entre China y Estados Unidos caus\u00f3 una ca\u00edda de 20% interanual en las exportaciones del gigante asi\u00e1tico a la primera potencia mundial y una baja de 14,6% en las importaciones, seg\u00fan datos oficiales chinos.<\/p>\n<p>Sin embargo, otros socios comerciales cubrieron la brecha, lo que llev\u00f3 a un aumento global de 5,5% en las exportaciones generales chinas en 2025.<\/p>\n<p>Un nuevo m\u00e1ximo hist\u00f3rico<\/p>\n<p>En general, el comercio exterior chino alcanz\u00f3 en 2025 un aumento de 3,8% interanual.<\/p>\n<p>\u00abEn 2025, el valor total de las importaciones y exportaciones de China alcanz\u00f3 45.470 billones de yuanes (6,55 billones de d\u00f3lares), o sea un incremento de 3,8%\u00bb, declar\u00f3 en conferencia de prensa Wang Jun, viceministro de Aduanas.<\/p>\n<p>\u00abLa cifra super\u00f3 por primera vez los 45 billones de yuanes, marcando un nuevo m\u00e1ximo hist\u00f3rico\u00bb, agreg\u00f3.<\/p>\n<p>Las exportaciones, que hist\u00f3ricamente representan un impulsor econ\u00f3mico de la segunda econom\u00eda mundial, alcanzaron 26,99 billones de yuanes, un aumento de 6,1%.<\/p>\n<p>\u00a0En tanto, las importaciones sumaron 18,48 billones de yuanes en 2025, 0,5% m\u00e1s que el a\u00f1o previo.<\/p>\n<p>China\u00a0\u00abse abrir\u00e1 m\u00e1s\u00bb al comercio en 2026<\/p>\n<p>Pek\u00edn ha impulsado el comercio como motor de crecimiento ante la <a class=\"internal-link\" href=\"https:\/\/www.dw.com\/es\/por-qu\u00e9-china-quiere-mantener-la-crisis-inmobiliaria-en-secreto\/a-75170744\" rel=\"nofollow noopener\" target=\"_blank\">prolongada ca\u00edda del mercado inmobiliario<\/a> y la lenta demanda interna.<\/p>\n<p>Es probable que el super\u00e1vit r\u00e9cord inquiete a los <a class=\"internal-link\" href=\"https:\/\/www.dw.com\/es\/senado-de-m\u00e9xico-aprueba-aumentar-aranceles-a-china\/a-75100232\" rel=\"nofollow noopener\" target=\"_blank\">mercados extranjeros<\/a>, ya preocupados por las <a class=\"internal-link\" href=\"https:\/\/www.dw.com\/es\/china-anuncia-cuotas-y-aranceles-adicionales-al-vacuno\/a-75348036\" rel=\"nofollow noopener\" target=\"_blank\">pr\u00e1cticas comerciales de China<\/a> y su propia <a class=\"internal-link\" href=\"https:\/\/www.dw.com\/es\/china-suspende-un-a\u00f1o-restricciones-a-las-tierras-raras\/a-74662942\" rel=\"nofollow noopener\" target=\"_blank\">dependencia de los productos chinos<\/a>.<\/p>\n<p>\u00abAlg\u00fan pa\u00eds ha politizado los temas comerciales y limitado las exportaciones de alta tecnolog\u00eda a China, de lo contrario, habr\u00edamos importado m\u00e1s\u00bb, indic\u00f3 Wang, refiri\u00e9ndose a <a class=\"internal-link\" href=\"https:\/\/www.dw.com\/es\/china-y-ee-uu-mantienen-negociaciones-muy-constructivas-en-malasia\/a-74495450\" rel=\"nofollow noopener\" target=\"_blank\">Estados Unidos, enfrascado en una disputa comercial con China<\/a> desde el regreso de Trump al poder el a\u00f1o pasado.<\/p>\n<p>\u00a0En 2026 el mercado chino \u00abse abrir\u00e1 m\u00e1s\u00bb y \u00abseguir\u00e1 siendo una oportunidad para el mundo\u00bb, agreg\u00f3.<\/p>\n<p>EE. UU.: \u00bfHacia un capitalismo de Estado? <video id=\"video-74457787\" controls=\"\" playsinline=\"\" preload=\"none\" poster=\"data:image\/png;base64,iVBORw0KGgoAAAANSUhEUgAAAAEAAAABCAQAAAC1HAwCAAAAC0lEQVR42mNkYAAAAAYAAjCB0C8AAAAASUVORK5CYII=\" data-id=\"74457787\" data-posterurl=\"https:\/\/static.dw.com\/image\/66798947_605.webp\" data-duration=\"12:54\"><\/p>\n<p class=\"vjs-no-js\">To view this video please enable JavaScript, and consider upgrading to a web browser that <a href=\"https:\/\/videojs.com\/html5-video-support\/\" target=\"_blank\" rel=\"nofollow noopener\">supports HTML5 video<\/a><\/p>\n<p><\/video><\/p>\n<p>rml (afp, ap, reuters)<\/p>\n","protected":false},"excerpt":{"rendered":"China\u00a0reporta un super\u00e1vit comercial r\u00e9cord de 1,2 billones de d\u00f3lares en 2025, pese al declive en sus exportaciones&hellip;\n","protected":false},"author":2,"featured_media":340126,"comment_status":"","ping_status":"","sticky":false,"template":"","format":"standard","meta":{"footnotes":""},"categories":[80],"tags":[82,95,94,25,24,23],"class_list":{"0":"post-340125","1":"post","2":"type-post","3":"status-publish","4":"format-standard","5":"has-post-thumbnail","7":"category-economia","8":"tag-business","9":"tag-economia","10":"tag-economy","11":"tag-es","12":"tag-espana","13":"tag-spain"},"share_on_mastodon":{"url":"https:\/\/pubeurope.com\/@es\/115893188945450451","error":""},"_links":{"self":[{"href":"https:\/\/www.europesays.com\/es\/wp-json\/wp\/v2\/posts\/340125","targetHints":{"allow":["GET"]}}],"collection":[{"href":"https:\/\/www.europesays.com\/es\/wp-json\/wp\/v2\/posts"}],"about":[{"href":"https:\/\/www.europesays.com\/es\/wp-json\/wp\/v2\/types\/post"}],"author":[{"embeddable":true,"href":"https:\/\/www.europesays.com\/es\/wp-json\/wp\/v2\/users\/2"}],"replies":[{"embeddable":true,"href":"https:\/\/www.europesays.com\/es\/wp-json\/wp\/v2\/comments?post=340125"}],"version-history":[{"count":0,"href":"https:\/\/www.europesays.com\/es\/wp-json\/wp\/v2\/posts\/340125\/revisions"}],"wp:featuredmedia":[{"embeddable":true,"href":"https:\/\/www.europesays.com\/es\/wp-json\/wp\/v2\/media\/340126"}],"wp:attachment":[{"href":"https:\/\/www.europesays.com\/es\/wp-json\/wp\/v2\/media?parent=340125"}],"wp:term":[{"taxonomy":"category","embeddable":true,"href":"https:\/\/www.europesays.com\/es\/wp-json\/wp\/v2\/categories?post=340125"},{"taxonomy":"post_tag","embeddable":true,"href":"https:\/\/www.europesays.com\/es\/wp-json\/wp\/v2\/tags?post=340125"}],"curies":[{"name":"wp","href":"https:\/\/api.w.org\/{rel}","templated":true}]}}