{"id":340127,"date":"2026-01-14T11:21:08","date_gmt":"2026-01-14T11:21:08","guid":{"rendered":"https:\/\/www.europesays.com\/es\/340127\/"},"modified":"2026-01-14T11:21:08","modified_gmt":"2026-01-14T11:21:08","slug":"crue-expresa-su-firme-condena-ante-la-intervencion-militar-del-6-de-enero-en-la-universidad-palestina-de-birzeit","status":"publish","type":"post","link":"https:\/\/www.europesays.com\/es\/340127\/","title":{"rendered":"CRUE expresa su firme condena ante la intervenci\u00f3n militar del 6 de enero en la Universidad palestina de Birzeit"},"content":{"rendered":"<p><img loading=\"lazy\" decoding=\"async\" width=\"250\" height=\"200\" src=\"https:\/\/www.europesays.com\/es\/wp-content\/uploads\/2026\/01\/lofo-crue-imagen-destacada-1.jpg\" alt=\"Logo Crue Imagen Destacada\" class=\"wp-image-23473\"\/><\/p>\n<p><strong>Madrid, 14 de enero de 2026.<\/strong> La Conferencia de Rectores y Rectoras de las Universidades Espa\u00f1olas (CRUE) expresa su profunda preocupaci\u00f3n y su firme condena por los hechos sucedidos el pasado 6 de enero en la Universidad de Birzeit, en Cisjordania, relativos a una actuaci\u00f3n militar del ej\u00e9rcito israel\u00ed que tuvo lugar en el campus de la instituci\u00f3n universitaria durante el desarrollo de la actividad acad\u00e9mica y que, seg\u00fan la informaci\u00f3n disponible, se sald\u00f3 con personas heridas.<\/p>\n<p>Las instituciones universitarias representan \u00e1mbitos fundamentales para el desarrollo del conocimiento, la educaci\u00f3n superior y el ejercicio de la libertad acad\u00e9mica. Cualquier acci\u00f3n que altere por la fuerza el normal funcionamiento de estos espacios supone una amenaza directa al derecho a la educaci\u00f3n y a los principios que sustentan la misi\u00f3n universitaria a nivel internacional.<\/p>\n<p>CRUE recuerda que la protecci\u00f3n de los espacios educativos y de quienes los integran constituye una obligaci\u00f3n recogida en el marco del derecho internacional, y subraya la necesidad de garantizar la seguridad, la integridad y la autonom\u00eda de las universidades, al margen de los contextos de conflicto o tensi\u00f3n pol\u00edtica en los que puedan encontrarse.<\/p>\n<p>La Conferencia expresa su solidaridad con la Universidad de Birzeit, con su estudiantado, profesorado y personal, y traslada su apoyo a todas las personas afectadas por estos acontecimientos, reiterando su compromiso con la defensa de la educaci\u00f3n superior como bien p\u00fablico, con la cooperaci\u00f3n acad\u00e9mica internacional y con los valores de paz, respeto a los derechos humanos y convivencia que deben regir la vida universitaria.<\/p>\n","protected":false},"excerpt":{"rendered":"Madrid, 14 de enero de 2026. La Conferencia de Rectores y Rectoras de las Universidades Espa\u00f1olas (CRUE) expresa&hellip;\n","protected":false},"author":2,"featured_media":340128,"comment_status":"","ping_status":"","sticky":false,"template":"","format":"standard","meta":{"footnotes":""},"categories":[42],"tags":[17,18,14699,8147,13,14,11,61,62,63,64,19,20,9,10,15,16,12,21,22,77564,65,66,67],"class_list":{"0":"post-340127","1":"post","2":"type-post","3":"status-publish","4":"format-standard","5":"has-post-thumbnail","7":"category-internacional","8":"tag-breaking-news","9":"tag-breakingnews","10":"tag-comunicado","11":"tag-crue","12":"tag-featured-news","13":"tag-featurednews","14":"tag-headlines","15":"tag-internacional","16":"tag-international","17":"tag-international-news","18":"tag-internationalnews","19":"tag-latest-news","20":"tag-latestnews","21":"tag-news","22":"tag-noticias","23":"tag-noticias-destacadas","24":"tag-noticiasdestacadas","25":"tag-titulares","26":"tag-ultimas-noticias","27":"tag-ultimasnoticias","28":"tag-universidad-de-birzeit","29":"tag-world","30":"tag-world-news","31":"tag-worldnews"},"share_on_mastodon":{"url":"https:\/\/pubeurope.com\/@es\/115893193046810685","error":""},"_links":{"self":[{"href":"https:\/\/www.europesays.com\/es\/wp-json\/wp\/v2\/posts\/340127","targetHints":{"allow":["GET"]}}],"collection":[{"href":"https:\/\/www.europesays.com\/es\/wp-json\/wp\/v2\/posts"}],"about":[{"href":"https:\/\/www.europesays.com\/es\/wp-json\/wp\/v2\/types\/post"}],"author":[{"embeddable":true,"href":"https:\/\/www.europesays.com\/es\/wp-json\/wp\/v2\/users\/2"}],"replies":[{"embeddable":true,"href":"https:\/\/www.europesays.com\/es\/wp-json\/wp\/v2\/comments?post=340127"}],"version-history":[{"count":0,"href":"https:\/\/www.europesays.com\/es\/wp-json\/wp\/v2\/posts\/340127\/revisions"}],"wp:featuredmedia":[{"embeddable":true,"href":"https:\/\/www.europesays.com\/es\/wp-json\/wp\/v2\/media\/340128"}],"wp:attachment":[{"href":"https:\/\/www.europesays.com\/es\/wp-json\/wp\/v2\/media?parent=340127"}],"wp:term":[{"taxonomy":"category","embeddable":true,"href":"https:\/\/www.europesays.com\/es\/wp-json\/wp\/v2\/categories?post=340127"},{"taxonomy":"post_tag","embeddable":true,"href":"https:\/\/www.europesays.com\/es\/wp-json\/wp\/v2\/tags?post=340127"}],"curies":[{"name":"wp","href":"https:\/\/api.w.org\/{rel}","templated":true}]}}