{"id":340131,"date":"2026-01-14T11:23:09","date_gmt":"2026-01-14T11:23:09","guid":{"rendered":"https:\/\/www.europesays.com\/es\/340131\/"},"modified":"2026-01-14T11:23:09","modified_gmt":"2026-01-14T11:23:09","slug":"el-ayuntamiento-de-montilla-comienza-las-obras-de-mejora-integral-y-accesibilidad-en-la-calle-san-jose","status":"publish","type":"post","link":"https:\/\/www.europesays.com\/es\/340131\/","title":{"rendered":"El Ayuntamiento de Montilla comienza las obras de mejora integral y accesibilidad en la calle San Jos\u00e9"},"content":{"rendered":"<p style=\"text-align: justify\"><strong>\u00a0La actuaci\u00f3n, con una inversi\u00f3n de 198.042,83 euros y un plazo de ejecuci\u00f3n de cinco meses, transformar\u00e1 este tramo en una plataforma \u00fanica peatonal, mejorando las infraestructuras subterr\u00e1neas y la calidad del espacio p\u00fablico.<\/strong><\/p>\n<p class=\"p1\" style=\"text-align: justify\">El Ayuntamiento de Montilla ha visitado esta ma\u00f1ana el <strong>inicio de las obras de reurbanizaci\u00f3n de la calle San Jos\u00e9,<\/strong> en el tramo comprendido entre el n\u00famero 20 y la calle Altillos, una intervenci\u00f3n demandada por el vecindario que permitir\u00e1 mejorar de forma integral tanto las infraestructuras subterr\u00e1neas como la accesibilidad y el uso peatonal de este viario.<\/p>\n<p class=\"p1\" style=\"text-align: justify\">El <strong>alcalde de Montilla, Rafael Llamas,<\/strong> ha explicado que esta actuaci\u00f3n responde a la necesidad de \u201cdar soluci\u00f3n a los importantes problemas que ven\u00eda presentando la infraestructura, especialmente en la red de saneamiento, que estaban generando hundimientos, dificultades en el tr\u00e1nsito rodado e incluso afecciones en el interior de algunas viviendas\u201d. En este sentido, el primer edil ha subrayado que \u201cseguimos trabajando desde el Ayuntamiento de Montilla para mejorar nuestros espacios p\u00fablicos, entendiendo que deben estar siempre al servicio de la ciudadan\u00eda\u201d.<\/p>\n<p class=\"p1\" style=\"text-align: justify\">La obra contempla la renovaci\u00f3n completa de las redes de saneamiento y abastecimiento, sustituyendo el antiguo colector por uno nuevo de PVC de 400 mil\u00edmetros de di\u00e1metro y reemplazando las conducciones de fibrocemento por tuber\u00edas de fundici\u00f3n d\u00factil, adem\u00e1s de dejar previstas canalizaciones para futuras instalaciones el\u00e9ctricas y de telecomunicaciones. La superficie total de actuaci\u00f3n alcanza los 747 metros cuadrados, a lo largo de 148,5 metros lineales.<\/p>\n<p class=\"p1\" style=\"text-align: justify\">Por su parte, la <strong>delegada de Infraestructuras, Raquel Casado,<\/strong> ha detallado que las obras, iniciadas hace escasos d\u00edas, \u201cpermitir\u00e1n una renovaci\u00f3n integral del pavimento y la creaci\u00f3n de una plataforma \u00fanica de car\u00e1cter peatonal, eliminando barreras arquitect\u00f3nicas y adaptando las rasantes a los accesos a las viviendas, en cumplimiento de la normativa de accesibilidad vigente\u201d. El nuevo pavimento combinar\u00e1 hormig\u00f3n armado con adoquines de granito en rigolas y encuentros, incorporando adem\u00e1s tratamientos antideslizantes y fono-reductores para minimizar el ruido.<\/p>\n<p class=\"p1\" style=\"text-align: justify\">Casado ha destacado igualmente que \u201cla actuaci\u00f3n se est\u00e1 ejecutando por administraci\u00f3n, con personal contratado espec\u00edficamente por el Ayuntamiento\u201d, complementado con la licitaci\u00f3n de materiales y maquinaria, \u201ccon el objetivo de realizar una gesti\u00f3n m\u00e1s eficiente y eficaz de unos recursos municipales que son limitados\u201d.<\/p>\n<p class=\"p1\" style=\"text-align: justify\">El presupuesto total de la obra asciende a 198.042,83 euros y cuenta con un plazo de ejecuci\u00f3n estimado de cinco meses. A esta inversi\u00f3n se suma la participaci\u00f3n y colaboraci\u00f3n de <strong>Aguas de Montilla,<\/strong> que aporta m\u00e1s de 48.000 euros destinados a la mejora de las infraestructuras hidr\u00e1ulicas, una cooperaci\u00f3n que ha sido valorada de forma muy positiva por el Consistorio.<\/p>\n<p class=\"p1\" style=\"text-align: justify\">Finalmente, tanto el alcalde como la delegada han pedido disculpas al vecindario por las molestias que puedan derivarse del desarrollo de los trabajos, confiando en que \u201cel resultado final ser\u00e1 muy satisfactorio, mejorando la accesibilidad, el tr\u00e1nsito y, sobre todo, la calidad de vida de los vecinos y vecinas de la calle San Jos\u00e9\u201d, enmarcando esta actuaci\u00f3n dentro del plan municipal de mejora progresiva y equilibrada de las v\u00edas p\u00fablicas de Montilla.<\/p>\n","protected":false},"excerpt":{"rendered":"\u00a0La actuaci\u00f3n, con una inversi\u00f3n de 198.042,83 euros y un plazo de ejecuci\u00f3n de cinco meses, transformar\u00e1 este&hellip;\n","protected":false},"author":2,"featured_media":340132,"comment_status":"","ping_status":"","sticky":false,"template":"","format":"standard","meta":{"footnotes":""},"categories":[5],"tags":[17,18,25,24,13,14,11,19,20,9,10,15,16,23,12,21,22],"class_list":{"0":"post-340131","1":"post","2":"type-post","3":"status-publish","4":"format-standard","5":"has-post-thumbnail","7":"category-titulares","8":"tag-breaking-news","9":"tag-breakingnews","10":"tag-es","11":"tag-espana","12":"tag-featured-news","13":"tag-featurednews","14":"tag-headlines","15":"tag-latest-news","16":"tag-latestnews","17":"tag-news","18":"tag-noticias","19":"tag-noticias-destacadas","20":"tag-noticiasdestacadas","21":"tag-spain","22":"tag-titulares","23":"tag-ultimas-noticias","24":"tag-ultimasnoticias"},"share_on_mastodon":{"url":"https:\/\/pubeurope.com\/@es\/115893200629459623","error":""},"_links":{"self":[{"href":"https:\/\/www.europesays.com\/es\/wp-json\/wp\/v2\/posts\/340131","targetHints":{"allow":["GET"]}}],"collection":[{"href":"https:\/\/www.europesays.com\/es\/wp-json\/wp\/v2\/posts"}],"about":[{"href":"https:\/\/www.europesays.com\/es\/wp-json\/wp\/v2\/types\/post"}],"author":[{"embeddable":true,"href":"https:\/\/www.europesays.com\/es\/wp-json\/wp\/v2\/users\/2"}],"replies":[{"embeddable":true,"href":"https:\/\/www.europesays.com\/es\/wp-json\/wp\/v2\/comments?post=340131"}],"version-history":[{"count":0,"href":"https:\/\/www.europesays.com\/es\/wp-json\/wp\/v2\/posts\/340131\/revisions"}],"wp:featuredmedia":[{"embeddable":true,"href":"https:\/\/www.europesays.com\/es\/wp-json\/wp\/v2\/media\/340132"}],"wp:attachment":[{"href":"https:\/\/www.europesays.com\/es\/wp-json\/wp\/v2\/media?parent=340131"}],"wp:term":[{"taxonomy":"category","embeddable":true,"href":"https:\/\/www.europesays.com\/es\/wp-json\/wp\/v2\/categories?post=340131"},{"taxonomy":"post_tag","embeddable":true,"href":"https:\/\/www.europesays.com\/es\/wp-json\/wp\/v2\/tags?post=340131"}],"curies":[{"name":"wp","href":"https:\/\/api.w.org\/{rel}","templated":true}]}}