{"id":340142,"date":"2026-01-14T11:34:47","date_gmt":"2026-01-14T11:34:47","guid":{"rendered":"https:\/\/www.europesays.com\/es\/340142\/"},"modified":"2026-01-14T11:34:47","modified_gmt":"2026-01-14T11:34:47","slug":"asi-es-el-salon-ideal-si-vives-en-un-piso-pequeno-4-interioristas-coinciden","status":"publish","type":"post","link":"https:\/\/www.europesays.com\/es\/340142\/","title":{"rendered":"As\u00ed es el sal\u00f3n ideal si vives en un piso peque\u00f1o: 4 interioristas coinciden"},"content":{"rendered":"<p><strong>Vivir en un <a href=\"https:\/\/www.elmueble.com\/casas\/pequenas\/diez-pisos-pequenos-con-las-mejores-ideas-para-aprovechar-espacio_40495\" rel=\"nofollow noopener\" target=\"_blank\">piso peque\u00f1o<\/a><\/strong> obliga, casi sin darnos cuenta, a repensar cada decisi\u00f3n decorativa. El sal\u00f3n deja de ser solo una estancia para recibir o descansar y se convierte en un espacio multifunci\u00f3n donde todo cuenta:<strong> la luz, el color, la distribuci\u00f3n y hasta el tama\u00f1o de una mesa auxiliar.<\/strong> Y aunque cada casa es un mundo, hay algo que se repite cuando un sal\u00f3n peque\u00f1o funciona de verdad:<strong> transmite calma, orden visual y sensaci\u00f3n de amplitud<\/strong>, incluso aunque los metros sean limitados.<\/p>\n<p>En los \u00faltimos a\u00f1os, muchos interioristas han coincidido en alejarse de soluciones recargadas o excesivamente protagonistas para apostar por <strong>ambientes m\u00e1s serenos, pensados para vivirlos a largo plazo<\/strong>. Ya no se trata de \u00abdecorar para la foto\u00bb, sino de crear espacios c\u00f3modos, luminosos y coherentes, donde el ojo descanse y el cuerpo tambi\u00e9n. En <a href=\"https:\/\/www.elmueble.com\/estancias\/salones-pequenos-y-confortables_18306\" rel=\"nofollow noopener\" target=\"_blank\"><strong>salones peque\u00f1os<\/strong><\/a><strong>, esta filosof\u00eda se vuelve todav\u00eda m\u00e1s importante.<\/strong><\/p>\n<p>Al analizar distintos proyectos y discursos profesionales, hay una idea que se repite con claridad. Cuatro interioristas &#8211;<strong> Pia Capdevila, Sigrid Z\u00fa\u00f1iga, Meritxell Rib\u00e9 y Alberto Torres <\/strong>&#8211; con estilos distintos, pero una mirada muy afinada, coinciden en c\u00f3mo deber\u00eda ser el sal\u00f3n ideal cuando los metros escasean. Y todos parten del mismo punto: una base neutra, relajada y bien pensada.<\/p>\n<p>&#13;<img decoding=\"async\" src=\"https:\/\/www.europesays.com\/es\/wp-content\/uploads\/2026\/01\/iker-jimenez_29f6d63b_260112153309_600x600.webp.webp\" alt=\"Iker Jim\u00e9nez\" class=\"image lazyload\"\/><\/p>\n<p class=\"epigraph\">\u00bfOpinas igual?<\/p>\n<p><a href=\"https:\/\/www.elmueble.com\/orden-limpieza-ahorro\/iker-jimenez-feliz-que-soy-yo-mi-rutina-veces-uno-dice-madre-mia-ahora-me-doy-cuenta-maravillosa-que-era-mi-rutina-cuando-yo-soy-verdad-feliz-es-mis-pequenas-grandes-cosas_63423\" rel=\"nofollow noopener\" target=\"_blank\">El secreto de la felicidad seg\u00fan Iker Jim\u00e9nez<\/a><br \/>\nLa base com\u00fan: tonos neutros para ganar luz, calma y amplitud<img loading=\"lazy\" decoding=\"async\" src=\"https:\/\/www.europesays.com\/es\/wp-content\/uploads\/2026\/01\/cuadro-en-salon-00533317_alt_00001648_00000000_b0739e11_260111172058_1000x1359.webp.webp\" alt=\"Cuadro en sal\u00f3n 00533317_ALT_00001648\" class=\"lazyload\" width=\"1000\" height=\"1359\" data-aspectratio=\"1000\/1359\"\/>&#13;El Mueble<\/p>\n<p>Antes de entrar en matices personales, hay un consenso claro entre los cuatro interioristas: los colores neutros son la base imprescindible de un sal\u00f3n peque\u00f1o bien resuelto. <strong>Blancos, beiges, crudos, tostados suaves, grises claros <\/strong>o <strong>tonos inspirados en la naturaleza<\/strong> ayudan a unificar visualmente el espacio, reflejar mejor la luz y evitar cortes innecesarios.<\/p>\n<p>Esta paleta crom\u00e1tica serena no implica renunciar al car\u00e1cter. Al contrario: permite que <strong>el sal\u00f3n respire y que los acentos <\/strong>(ya sean textiles, piezas de dise\u00f1o o peque\u00f1os contrastes oscuros)\u00a0<strong>destaquen sin saturar.<\/strong> En pisos peque\u00f1os, los tonos neutros funcionan como un lienzo continuo que ampl\u00eda visualmente el espacio y crea una sensaci\u00f3n de orden casi inmediata.<\/p>\n<p>Adem\u00e1s, esta elecci\u00f3n crom\u00e1tica suele ir acompa\u00f1ada de<strong> materiales naturales, texturas agradables y una iluminaci\u00f3n bien estudiada.<\/strong> El objetivo no es solo que el sal\u00f3n parezca m\u00e1s grande, sino que se sienta m\u00e1s habitable, m\u00e1s equilibrado y m\u00e1s f\u00e1cil de vivir en el d\u00eda a d\u00eda.<\/p>\n<p><img loading=\"lazy\" decoding=\"async\" src=\"https:\/\/www.europesays.com\/es\/wp-content\/uploads\/2026\/01\/salon-00600066_c8b5496c_00600066_260111172345_1000x1500.webp.webp\" alt=\"salon 00600066\" class=\"lazyload\" width=\"1000\" height=\"1500\" data-aspectratio=\"1000\/1500\"\/>&#13;El Mueble<br \/>\nP\u00eda Capdevila: neutros que unifican y ampl\u00edan<\/p>\n<p>Para Pia Capdevila, una de las <a href=\"https:\/\/www.elmueble.com\/decoracion\/mejores-salones-pequenos-pia-capdevila_59178\" rel=\"nofollow noopener\" target=\"_blank\">claves fundamentales para agrandar visualmente un sal\u00f3n<\/a> es clara: \u00abUna de las claves para agrandar un sal\u00f3n es decorarlo <strong>con colores neutros en paredes, techos y mobiliario.<\/strong> Unifican, ampl\u00edan e iluminan\u00bb. En sus proyectos, blancos, crudos, beiges y tostados se combinan para crear espacios coherentes y luminosos, donde nada compite entre s\u00ed.<\/p>\n<p>En salones peque\u00f1os, adem\u00e1s, cuida especialmente el centro del espacio. Para no restar metros \u00fatiles, apuesta por mesas auxiliares ligeras, como \u00abunas <strong>mesitas redondas y met\u00e1licas tipo nido<\/strong> que pueden juntarse o separarse, seg\u00fan necesidad\u00bb. El color, explica, llega despu\u00e9s, a trav\u00e9s de los complementos: \u00abcojines, plaids, cortinas\u2026\u00bb, elementos f\u00e1ciles de cambiar que aportan dinamismo sin comprometer la amplitud.<\/p>\n<p><img loading=\"lazy\" decoding=\"async\" src=\"https:\/\/www.europesays.com\/es\/wp-content\/uploads\/2026\/01\/salon-00597677_fff9a222_00597677_260111172458_1000x1500.webp.webp\" alt=\"salon 00597677\" class=\"lazyload\" width=\"1000\" height=\"1500\" data-aspectratio=\"1000\/1500\"\/>&#13;El Mueble<br \/>\nSigrid Z\u00fa\u00f1iga: paletas naturales con car\u00e1cter contenido<\/p>\n<p>Sigrid Z\u00fa\u00f1iga tambi\u00e9n parte de una base neutra, <a href=\"https:\/\/www.elmueble.com\/decoracion\/sigrid-zuniga-interiorista-salones-pequenos-necesitan-respirar-yo-apuesto-por-pocos-elementos-pero-muy-bien-elegidos-texturas-naturales-iluminacion-suave_61337\" rel=\"nofollow noopener\" target=\"_blank\">pero pone el acento en las texturas<\/a>. Su f\u00f3rmula combina \u00abpaleta neutra con texturas naturales. <strong>Blancos, beiges, maderas claras, fibras\u2026 <\/strong>y <strong>alg\u00fan contraste negro o met\u00e1lico <\/strong>para dar car\u00e1cter sin recargar\u00bb.<\/p>\n<p>En su enfoque, los tonos neutros no son solo una elecci\u00f3n est\u00e9tica, sino una forma de vivir el espacio con intenci\u00f3n. La clave est\u00e1 en<strong> introducir peque\u00f1os acentos oscuros o met\u00e1licos<\/strong> que aporten profundidad sin romper la serenidad del conjunto. El resultado son salones equilibrados, actuales y muy funcionales, donde cada elemento tiene un porqu\u00e9.<\/p>\n<p><img loading=\"lazy\" decoding=\"async\" src=\"https:\/\/www.europesays.com\/es\/wp-content\/uploads\/2026\/01\/salon-00594140_bcac8047_00594140_260111172945_1000x1500.webp.webp\" alt=\"salon 00594140\" class=\"lazyload\" width=\"1000\" height=\"1500\" data-aspectratio=\"1000\/1500\"\/>&#13;El Mueble<br \/>\nMeritxell Rib\u00e9: serenidad como punto de partida<\/p>\n<p>Para Meritxell Rib\u00e9, <a href=\"https:\/\/www.elmueble.com\/estancias\/meritxell-ribe-interiorista-salon-pequeno-pon-muebles-grandes-contrario-es-error-que-empenece-espacio_60250\" rel=\"nofollow noopener\" target=\"_blank\">el color influye de manera decisiva<\/a> en c\u00f3mo se percibe un sal\u00f3n peque\u00f1o.<strong> \u00abMe gusta darle una base neutra y serena\u00bb<\/strong>, explica. Parte siempre de techos blancos y paredes claras o de colores suaves que recuerden a la naturaleza en los muebles principales.<\/p>\n<p>Eso s\u00ed, su neutralidad no es plana. La interiorista aclara que <strong>huye \u00abde los beiges y los acabados brillantes\u00bb<\/strong>, pero <strong>se siente especialmente c\u00f3moda<\/strong> con<strong> \u00ablos tostados, verdosos, azulados, gris\u00e1ceos\u2026\u00bb<\/strong>. El dinamismo llega despu\u00e9s, a trav\u00e9s de \u201ccojines alegres, l\u00e1mparas y objetos de dise\u00f1o\u201d, que aportan personalidad sin alterar la armon\u00eda general del espacio.<\/p>\n<p>&#13;<img decoding=\"async\" src=\"https:\/\/www.europesays.com\/es\/wp-content\/uploads\/2026\/01\/uhagon-019-1920_0ea3e46e_251221180048_600x600.webp.webp\" alt=\"UHAGON 019 1920\" class=\"image lazyload\"\/><\/p>\n<p class=\"epigraph\">LARGO PLAZO<\/p>\n<p><a href=\"https:\/\/www.elmueble.com\/decoracion\/4-expertas-en-reformas-coinciden-la-casa-ideal-a-los-65-anos-debe-ser-flexible-luminosa-y-facil-de-habitar_63233\" rel=\"nofollow noopener\" target=\"_blank\">La casa ideal para vivir c\u00f3modamente y con estilo a los 65 a\u00f1os <\/a><br \/>\n<img loading=\"lazy\" decoding=\"async\" src=\"https:\/\/www.europesays.com\/es\/wp-content\/uploads\/2026\/01\/salon-00599938_525b07cf_00599938_260111172902_1000x1500.webp.webp\" alt=\"salon 00599938\" class=\"lazyload\" width=\"1000\" height=\"1500\" data-aspectratio=\"1000\/1500\"\/>&#13;El Mueble<br \/>\nAlberto Torres: luz, continuidad y peque\u00f1os gestos<\/p>\n<p>Alberto Torres pone el foco en <a href=\"https:\/\/www.elmueble.com\/decoracion\/alberto-torres-interiorista-problema-salones-pequenos-espacios-paso_62163\" rel=\"nofollow noopener\" target=\"_blank\">la relaci\u00f3n directa entre color y luz<\/a>. En pisos peque\u00f1os, insiste en que \u00abel color y la luz son aliados imprescindibles cuando los metros escasean\u00bb. Por eso recomienda <strong>usar colores claros y uniformes en paredes y suelos para crear continuidad visual.<\/strong><\/p>\n<p>Adem\u00e1s, apuesta por recursos sencillos pero muy efectivos, como <strong>colocar espejos frente a las ventanas para duplicar la luz natural<\/strong>. \u201cSon peque\u00f1os gestos que cambian la sensaci\u00f3n del espacio\u201d, asegura. Completa la propuesta con cortinas vaporosas de techo a suelo, que elevan visualmente la altura, y alfombras grandes que ayudan a unificar todo el sal\u00f3n.<\/p>\n<p>Con \u00e9l, ya son cuatro miradas distintas, pero un mismo punto de partida. En pisos peque\u00f1os, el sal\u00f3n ideal no grita: susurra calma, coherencia y luz. Y casi siempre empieza con una paleta neutra bien elegida.<\/p>\n","protected":false},"excerpt":{"rendered":"Vivir en un piso peque\u00f1o obliga, casi sin darnos cuenta, a repensar cada decisi\u00f3n decorativa. El sal\u00f3n deja&hellip;\n","protected":false},"author":2,"featured_media":340143,"comment_status":"","ping_status":"","sticky":false,"template":"","format":"standard","meta":{"footnotes":""},"categories":[173],"tags":[229,233,231,230,232,234,146,147,25,24,23],"class_list":{"0":"post-340142","1":"post","2":"type-post","3":"status-publish","4":"format-standard","5":"has-post-thumbnail","7":"category-arte-y-diseno","8":"tag-arte","9":"tag-arte-y-diseno","10":"tag-arts","11":"tag-arts-and-design","12":"tag-design","13":"tag-diseno","14":"tag-entertainment","15":"tag-entretenimiento","16":"tag-es","17":"tag-espana","18":"tag-spain"},"share_on_mastodon":{"url":"https:\/\/pubeurope.com\/@es\/115893248046361024","error":""},"_links":{"self":[{"href":"https:\/\/www.europesays.com\/es\/wp-json\/wp\/v2\/posts\/340142","targetHints":{"allow":["GET"]}}],"collection":[{"href":"https:\/\/www.europesays.com\/es\/wp-json\/wp\/v2\/posts"}],"about":[{"href":"https:\/\/www.europesays.com\/es\/wp-json\/wp\/v2\/types\/post"}],"author":[{"embeddable":true,"href":"https:\/\/www.europesays.com\/es\/wp-json\/wp\/v2\/users\/2"}],"replies":[{"embeddable":true,"href":"https:\/\/www.europesays.com\/es\/wp-json\/wp\/v2\/comments?post=340142"}],"version-history":[{"count":0,"href":"https:\/\/www.europesays.com\/es\/wp-json\/wp\/v2\/posts\/340142\/revisions"}],"wp:featuredmedia":[{"embeddable":true,"href":"https:\/\/www.europesays.com\/es\/wp-json\/wp\/v2\/media\/340143"}],"wp:attachment":[{"href":"https:\/\/www.europesays.com\/es\/wp-json\/wp\/v2\/media?parent=340142"}],"wp:term":[{"taxonomy":"category","embeddable":true,"href":"https:\/\/www.europesays.com\/es\/wp-json\/wp\/v2\/categories?post=340142"},{"taxonomy":"post_tag","embeddable":true,"href":"https:\/\/www.europesays.com\/es\/wp-json\/wp\/v2\/tags?post=340142"}],"curies":[{"name":"wp","href":"https:\/\/api.w.org\/{rel}","templated":true}]}}