{"id":340162,"date":"2026-01-14T11:45:39","date_gmt":"2026-01-14T11:45:39","guid":{"rendered":"https:\/\/www.europesays.com\/es\/340162\/"},"modified":"2026-01-14T11:45:39","modified_gmt":"2026-01-14T11:45:39","slug":"la-comision-europea-reconoce-al-comercio-local-de-fuenlabrada-14-01-2026","status":"publish","type":"post","link":"https:\/\/www.europesays.com\/es\/340162\/","title":{"rendered":"La Comision Europea reconoce al comercio local de Fuenlabrada 14-01-2026"},"content":{"rendered":"\n<p><strong>El organismo europeo ha situado a la ciudad como una de las tres \u00e1reas urbanas que mejor trabajan para el peque\u00f1o comercio dentro de la categor\u00eda \u2018Ciudades Vibrantes\u2019<\/strong><\/p>\n<p>La Comisi\u00f3n Europea ha situado a Fuenlabrada entre las ciudades europeas con una mayor vitalidad en su peque\u00f1o comercio, as\u00ed como por el impacto de este a la hora del propio desarrollo de la ciudad.<\/p>\n<p>En ese sentido, el organismo europeo ha situado a Fuenlabrada entre las tres m\u00e1s destacables en la categor\u00eda \u2018Ciidades vibrantes\u2019, junto con Braga y Caldas da Rainha (Portugal). Se trata de la \u00fanica espa\u00f1ola que ha logrado llegar a la final en esta categor\u00eda.<\/p>\n<p>Este reconocimiento supone un aval europeo al dinamismo y vitalidad de la ciudad, cuya candidatura ha sido posible gracias al apoyo de entidades y asociaciones empresariales locales que han respaldado la propuesta.<\/p>\n<p>Las ciudades elegidas han sido seleccionadas por sus enfoques \u00fanicos de sostenibilidad, digitalizaci\u00f3n, emprendimiento, participaci\u00f3n de la comunidad y vitalidad urbana. La fase final se celebrar\u00e1 en Bruselas el pr\u00f3ximo 28 de enero, donde se anunciar\u00e1n las ciudades ganadoras en cada una de las categor\u00edas: Vanguardia, Vibrante y Visionaria.<\/p>\n<p>El alcalde Javier Ayala ha destacado que, independientemente del resultado, \u201cel hecho de ser finalista ya es un motivo de orgullo colectivo y supone el reconocimiento europeo al papel de Fuenlabrada en el comercio de proximidad\u201d.<\/p>\n<p>Tambi\u00e9n ha se\u00f1alado que \u201ceste logro refuerza la proyecci\u00f3n internacional de la ciudad y la sit\u00faa en el mapa europeo de ciudades din\u00e1micas y vibrantes\u201d.<\/p>\n<p>\u00a0<\/p>\n<p>\n          Declaraciones de Javier Bokesa, concejal de\u00a0Desarrollo Econ\u00f3mico, Empleo, Comercio\u00a0y Cooperaci\u00f3n Exterior\n         <\/p>\n","protected":false},"excerpt":{"rendered":"El organismo europeo ha situado a la ciudad como una de las tres \u00e1reas urbanas que mejor trabajan&hellip;\n","protected":false},"author":2,"featured_media":340163,"comment_status":"","ping_status":"","sticky":false,"template":"","format":"standard","meta":{"footnotes":""},"categories":[8],"tags":[17,18,25,24,13,14,11,19,20,9,10,15,16,23,12,21,22],"class_list":{"0":"post-340162","1":"post","2":"type-post","3":"status-publish","4":"format-standard","5":"has-post-thumbnail","7":"category-espana","8":"tag-breaking-news","9":"tag-breakingnews","10":"tag-es","11":"tag-espana","12":"tag-featured-news","13":"tag-featurednews","14":"tag-headlines","15":"tag-latest-news","16":"tag-latestnews","17":"tag-news","18":"tag-noticias","19":"tag-noticias-destacadas","20":"tag-noticiasdestacadas","21":"tag-spain","22":"tag-titulares","23":"tag-ultimas-noticias","24":"tag-ultimasnoticias"},"share_on_mastodon":{"url":"https:\/\/pubeurope.com\/@es\/115893287132101418","error":""},"_links":{"self":[{"href":"https:\/\/www.europesays.com\/es\/wp-json\/wp\/v2\/posts\/340162","targetHints":{"allow":["GET"]}}],"collection":[{"href":"https:\/\/www.europesays.com\/es\/wp-json\/wp\/v2\/posts"}],"about":[{"href":"https:\/\/www.europesays.com\/es\/wp-json\/wp\/v2\/types\/post"}],"author":[{"embeddable":true,"href":"https:\/\/www.europesays.com\/es\/wp-json\/wp\/v2\/users\/2"}],"replies":[{"embeddable":true,"href":"https:\/\/www.europesays.com\/es\/wp-json\/wp\/v2\/comments?post=340162"}],"version-history":[{"count":0,"href":"https:\/\/www.europesays.com\/es\/wp-json\/wp\/v2\/posts\/340162\/revisions"}],"wp:featuredmedia":[{"embeddable":true,"href":"https:\/\/www.europesays.com\/es\/wp-json\/wp\/v2\/media\/340163"}],"wp:attachment":[{"href":"https:\/\/www.europesays.com\/es\/wp-json\/wp\/v2\/media?parent=340162"}],"wp:term":[{"taxonomy":"category","embeddable":true,"href":"https:\/\/www.europesays.com\/es\/wp-json\/wp\/v2\/categories?post=340162"},{"taxonomy":"post_tag","embeddable":true,"href":"https:\/\/www.europesays.com\/es\/wp-json\/wp\/v2\/tags?post=340162"}],"curies":[{"name":"wp","href":"https:\/\/api.w.org\/{rel}","templated":true}]}}