{"id":340174,"date":"2026-01-14T12:00:07","date_gmt":"2026-01-14T12:00:07","guid":{"rendered":"https:\/\/www.europesays.com\/es\/340174\/"},"modified":"2026-01-14T12:00:07","modified_gmt":"2026-01-14T12:00:07","slug":"nunca-he-tenido-esa-imagen-de-el","status":"publish","type":"post","link":"https:\/\/www.europesays.com\/es\/340174\/","title":{"rendered":"Nunca he tenido esa imagen de \u00e9l"},"content":{"rendered":"<p class=\"L6-news-detail__text\"><b><a title=\"Dos extrabajadoras han acusado a Julio Iglesias de acoso sexual\" href=\"https:\/\/www.lasexta.com\/noticias\/cultura\/dos-extrabajadoras-mansiones-julio-iglesias-acusan-cantante-agredirlas-sexualmente_202601136965e608384d9f038d8528ea.html\" target=\"_blank\" rel=\"nofollow noopener\">Dos extrabajadoras han acusado a Julio Iglesias de acoso sexual<\/a><\/b>. Los hechos que relataban habr\u00edan ocurrido no hace mucho tiempo, en 2021, cuando el cantante ten\u00eda 77 a\u00f1os, en sus <b>mansiones de Punta Cana y Bahamas<\/b>. Los <b><a title=\"testimonios de las v\u00edctimas\" href=\"https:\/\/www.lasexta.com\/programas\/lasexta-clave\/mujeres-denunciantes-julio-iglesias-cuentan-que-llevaba-hacerse-analisis-transmision-sexual-recibia-resultados_202601146966d3355b0f022699622351.html\" target=\"_blank\" rel=\"nofollow noopener\">testimonios de las v\u00edctimas<\/a><\/b>, recogidos por &#8216;elDiario.es&#8217; tras una investigaci\u00f3n de tres a\u00f1os, junto a Univisi\u00f3n, son realmente estremecedores.<\/p>\n<p class=\"L6-news-detail__text\"><b>Miguel \u00c1ngel Pastor,<\/b> que conoce al artista desde los a\u00f1os 70, fue durante a\u00f1os su jefe de prensa, admite estar \u00absorprendido\u00bb por todo lo que hemos conocido acerca del que fuera nuestro cantante m\u00e1s internacional. Y as\u00ed se lo confiesa a Jokin Castell\u00f3n, en el programa especial de laSexta Clave de este martes, 13 de enero.<\/p>\n<p class=\"L6-news-detail__text\">\u00ab<b>Me ha sorprendido porque yo jam\u00e1s he tenido esa imagen de Julio<\/b> (&#8230;) En ning\u00fan momento he visto una actitud que pudiera demostrar o indicar que hubiera cometido alg\u00fan tipo de maltrato hacia el personal de su servicio\u00bb, afirma Pastor, quien admite no haber hablado con \u00e9l porque \u00absupongo que es un momento que le preocupa y en el que se le viene encima algo gordo\u00bb.<\/p>\n<p class=\"L6-news-detail__text\">De este modo, asegura Pastor que todav\u00eda no hay nada, tras escuchar estos testimonios, que le est\u00e9 haciendo cambiar de opini\u00f3n con respecto al cantante. \u00abTodav\u00eda no. <b>El Julio que conozco no tiene nada que ver con lo que estoy escuchando<\/b> y me cuesta much\u00edsimo entender cu\u00e1l es la raz\u00f3n que ha llevado a estas mujeres a denunciar\u00bb.<\/p>\n<p class=\"L6-news-detail__text\">Ahora bien, aclara que no puedo decir si es falso o no, porque, \u00abal final y al cabo esto se va a judicializar y ser\u00e1 la Justicia quien acaba decidiendo. Por lo que a m\u00ed respecta, Julio no ha mantenido esa actitud de este tipo, que yo sepa, con la gente de su entorno\u00bb, asegura Pastor. Ahora bien, insiste en que \u00abevidentemente ni yo ni nadie hemos estado presente, ante la posibilidad de que esto hubiera ocurrido\u00bb. En el v\u00eddeo podemos ver al completo su intervenci\u00f3n en el programa.<\/p>\n<p class=\"L6-news-detail__text\"><b><a title=\"*Sigue a laSexta en Google. Toda la actualidad y el mejor contenido aqu\u00ed.\" href=\"https:\/\/profile.google.com\/cp\/CgkvbS8wZG5xejA\" target=\"_blank\" rel=\"nofollow noopener\">*Sigue a laSexta en Google. Toda la actualidad y el mejor contenido aqu\u00ed.<\/a><\/b><\/p>\n<p class=\"L6-support-news-video__title\">Especial Julio Iglesias<\/p>\n<p>            <a href=\"https:\/\/www.lasexta.com\/programas\/lasexta-clave\/paloma-garciapelayo-vaticina-que-julio-iglesias-volvera-espana-lleva-muchos-anos-venir-nunca-sentido-bien-tratado-prensa-espanola_202601146966e0ed384d9f038d873ee8.html\" class=\"L6-news__link\" rel=\"nofollow noopener\" target=\"_blank\"><br \/>\n                Paloma Garc\u00eda.-Pelayo vaticina que Julio Iglesias no volver\u00e1 a Espa\u00f1a: \u00abLleva muchos a\u00f1os sin venir y nunca se ha sentido bien tratado por la prensa espa\u00f1ola\u00bb<\/p>\n<p class=\"recirculation-video-desc\">La periodista tambi\u00e9n ha explicado que si bien hay que esperar a las resoluciones judiciales y las novedades que se puedan ir conociendo, \u00abun proceso como este (\u2026) pasa por una pena terrible de los medios\u00bb.<\/p>\n<p>            <\/a><\/p>\n","protected":false},"excerpt":{"rendered":"Dos extrabajadoras han acusado a Julio Iglesias de acoso sexual. Los hechos que relataban habr\u00edan ocurrido no hace&hellip;\n","protected":false},"author":2,"featured_media":340175,"comment_status":"","ping_status":"","sticky":false,"template":"","format":"standard","meta":{"footnotes":""},"categories":[174],"tags":[255,146,147,25,24,256,23],"class_list":{"0":"post-340174","1":"post","2":"type-post","3":"status-publish","4":"format-standard","5":"has-post-thumbnail","7":"category-famosos","8":"tag-celebrities","9":"tag-entertainment","10":"tag-entretenimiento","11":"tag-es","12":"tag-espana","13":"tag-famosos","14":"tag-spain"},"share_on_mastodon":{"url":"https:\/\/pubeurope.com\/@es\/115893346246703093","error":""},"_links":{"self":[{"href":"https:\/\/www.europesays.com\/es\/wp-json\/wp\/v2\/posts\/340174","targetHints":{"allow":["GET"]}}],"collection":[{"href":"https:\/\/www.europesays.com\/es\/wp-json\/wp\/v2\/posts"}],"about":[{"href":"https:\/\/www.europesays.com\/es\/wp-json\/wp\/v2\/types\/post"}],"author":[{"embeddable":true,"href":"https:\/\/www.europesays.com\/es\/wp-json\/wp\/v2\/users\/2"}],"replies":[{"embeddable":true,"href":"https:\/\/www.europesays.com\/es\/wp-json\/wp\/v2\/comments?post=340174"}],"version-history":[{"count":0,"href":"https:\/\/www.europesays.com\/es\/wp-json\/wp\/v2\/posts\/340174\/revisions"}],"wp:featuredmedia":[{"embeddable":true,"href":"https:\/\/www.europesays.com\/es\/wp-json\/wp\/v2\/media\/340175"}],"wp:attachment":[{"href":"https:\/\/www.europesays.com\/es\/wp-json\/wp\/v2\/media?parent=340174"}],"wp:term":[{"taxonomy":"category","embeddable":true,"href":"https:\/\/www.europesays.com\/es\/wp-json\/wp\/v2\/categories?post=340174"},{"taxonomy":"post_tag","embeddable":true,"href":"https:\/\/www.europesays.com\/es\/wp-json\/wp\/v2\/tags?post=340174"}],"curies":[{"name":"wp","href":"https:\/\/api.w.org\/{rel}","templated":true}]}}