{"id":340176,"date":"2026-01-14T12:01:07","date_gmt":"2026-01-14T12:01:07","guid":{"rendered":"https:\/\/www.europesays.com\/es\/340176\/"},"modified":"2026-01-14T12:01:07","modified_gmt":"2026-01-14T12:01:07","slug":"asi-es-el-edificio-de-casa-decor-2026-expansion","status":"publish","type":"post","link":"https:\/\/www.europesays.com\/es\/340176\/","title":{"rendered":"As\u00ed es el edificio de Casa Decor 2026 &#8211; Expansi\u00f3n"},"content":{"rendered":"<ol>\n<li><a href=\"https:\/\/news.google.com\/rss\/articles\/CBMilwFBVV95cUxNajdUQTh2eGE1OElNclZualBodWNfclBsamxPdFB5NXlpeXMtQktKS2ZJSzNYekhUUDN5Vkt1TXo2d25kSk4zX3ktdExyYmY0TWJyYTY0VkVUcldvcGhaWnFFQUc4S3E2N29xLTFlTW9qYlNaVFpLX3lmOEVoUlBkWWNPTTN1SVJzN3VWOGpvSlN0R2tuRjFJ0gGXAUFVX3lxTE9IQzNSTlNpRmx3SFNoR1l4cEI3NnBiMTdzLTVuRjN2WjZxS01ydGVMOGlReWxUbC1tWlcxek81Vl95b2pnYUNYM2MzN1NXMWxYYzhZcEJmLVZ3WFhBSVRLX0x1TG5HekRReTUxc2tMckZ3c28tWFp2bVJoTHkyZE15TEdlTEoxOExyN3BNTXdGUTBIZE5lUFU?oc=5\" target=\"_blank\" rel=\"nofollow noopener\">As\u00ed es el edificio de Casa Decor 2026<\/a>&nbsp;&nbsp;Expansi\u00f3n<\/li>\n<li><a href=\"https:\/\/news.google.com\/rss\/articles\/CBMiaEFVX3lxTE1OOTItMjJibnlGQlRDZXlqaFRsNTd6Z2JDYnRzYXp5QnlXQ1c0NEsyTzVVNG1yZ1ZBRjdDaG9pa1hIRVBJWDhiTnNxWHBfU0ZrYjR0a0VYY01USnR1Vng3d1cwR3hpVERo?oc=5\" target=\"_blank\" rel=\"nofollow noopener\">En este edificio de 1895 y estilo clasicista se celebrar\u00e1 Casa Decor 2026<\/a>&nbsp;&nbsp;Diariodesign<\/li>\n<li><a href=\"https:\/\/news.google.com\/rss\/articles\/CBMijgFBVV95cUxObXdMdkVjREVxdUxId2txdTB3dnd0RWFZaTFtRXFlaS11eGRxT3kzTU1tMm9aRGsyU1JZRFl5OU83R0xjOTdRWGZrTy10R2FNRk11Wm1kYXJUckxDSHVHVjhGNl9BQVlQV0JfOEhUUVJ5Uzl1a212ZzhLaE90RFJtNkFjc1pNZlEtSVBsQXBB?oc=5\" target=\"_blank\" rel=\"nofollow noopener\">Episodio 118<\/a>&nbsp;&nbsp;COAM<\/li>\n<li><a href=\"https:\/\/news.google.com\/rss\/articles\/CBMilAFBVV95cUxPWi1UcGo3VUsyUklScnBjYkRjSkRsdmVYNFZpVlNvMy1naUtoY3dLSzhsVTFIVjU5TjdXbVdoNFBoWWpCUXU3dUphRDdYbkp1djktR1VuSURUeFRLSHpqTGwxYWp0cVcwREN2UFROdVJKa1ZyZHBoTjljMFJ5dGxfdi1Ma1dDNy1aM2R4YXRQMnVKN2xK?oc=5\" target=\"_blank\" rel=\"nofollow noopener\">As\u00ed es el interior del palacete que albergar\u00e1 Casa Decor 2026<\/a>&nbsp;&nbsp;Focus Piedra<\/li>\n<li><a href=\"https:\/\/news.google.com\/rss\/articles\/CBMiywFBVV95cUxQZVZBMFdrcUxpbDR4aFl6MTlXaGlNUVhEa1ZXTy1OelFrbEd6d1FNSzRLcmxsRE9jMEcyQmc5STJwdmVReHFleS0tTUd4SVExUnBFZDZ1ZDF0cWFlNWhMb3FyUVdQZ3ZRN1RMVjJzS3hpN0hUV0JrelVibXduZVEyNVZFRVExNGxHWU5NaEZlWFhUN2UyOUJpdXZkeDZpNjFpb2JDVnVmSDNRLTJlWWpLS3VlVHBNZW8xSERIaGQzaHZIMHV4ZG13akNpa9IB0AFBVV95cUxOTHRDeDhLTFFiSzJ3dDdzZXg5dFhpbWdWajhCdjREYnZTMzE5RnNZc2EzSXBJNXhGb3htZDhRS1ljLVZWTFJaQkx4eUl2MGNfMS1HVk0zYzI4SzVKZGNLT0V6d2V1RWJESXhtSThTMFZuSmNjR3ZiZTlyRFhvckJrU052VHZmVXdRUDY2dHJuamZQdWtwSmVnYUJRVlg5WDAtRUgtS09iSTRBZmxTQkhkUnBUdGlEb3p0eFRRRFlrbXR2RE5OY0Y2WXJHeXZoTUJx?oc=5\" target=\"_blank\" rel=\"nofollow noopener\">Casa Decor 2026 transforma un hist\u00f3rico palacete del Barrio de las Letras en el nuevo icono del dise\u00f1o madrile\u00f1o<\/a>&nbsp;&nbsp;El Diario de Madrid<\/li>\n<\/ol>\n","protected":false},"excerpt":{"rendered":"As\u00ed es el edificio de Casa Decor 2026&nbsp;&nbsp;Expansi\u00f3n En este edificio de 1895 y estilo clasicista se celebrar\u00e1&hellip;\n","protected":false},"author":2,"featured_media":340177,"comment_status":"","ping_status":"","sticky":false,"template":"","format":"standard","meta":{"footnotes":""},"categories":[173],"tags":[229,233,231,230,232,234,146,147,25,24,11170,34549,23],"class_list":{"0":"post-340176","1":"post","2":"type-post","3":"status-publish","4":"format-standard","5":"has-post-thumbnail","7":"category-arte-y-diseno","8":"tag-arte","9":"tag-arte-y-diseno","10":"tag-arts","11":"tag-arts-and-design","12":"tag-design","13":"tag-diseno","14":"tag-entertainment","15":"tag-entretenimiento","16":"tag-es","17":"tag-espana","18":"tag-fuera-de-serie","19":"tag-fueradeserie-arquitectura","20":"tag-spain"},"share_on_mastodon":{"url":"https:\/\/pubeurope.com\/@es\/115893350071291914","error":""},"_links":{"self":[{"href":"https:\/\/www.europesays.com\/es\/wp-json\/wp\/v2\/posts\/340176","targetHints":{"allow":["GET"]}}],"collection":[{"href":"https:\/\/www.europesays.com\/es\/wp-json\/wp\/v2\/posts"}],"about":[{"href":"https:\/\/www.europesays.com\/es\/wp-json\/wp\/v2\/types\/post"}],"author":[{"embeddable":true,"href":"https:\/\/www.europesays.com\/es\/wp-json\/wp\/v2\/users\/2"}],"replies":[{"embeddable":true,"href":"https:\/\/www.europesays.com\/es\/wp-json\/wp\/v2\/comments?post=340176"}],"version-history":[{"count":0,"href":"https:\/\/www.europesays.com\/es\/wp-json\/wp\/v2\/posts\/340176\/revisions"}],"wp:featuredmedia":[{"embeddable":true,"href":"https:\/\/www.europesays.com\/es\/wp-json\/wp\/v2\/media\/340177"}],"wp:attachment":[{"href":"https:\/\/www.europesays.com\/es\/wp-json\/wp\/v2\/media?parent=340176"}],"wp:term":[{"taxonomy":"category","embeddable":true,"href":"https:\/\/www.europesays.com\/es\/wp-json\/wp\/v2\/categories?post=340176"},{"taxonomy":"post_tag","embeddable":true,"href":"https:\/\/www.europesays.com\/es\/wp-json\/wp\/v2\/tags?post=340176"}],"curies":[{"name":"wp","href":"https:\/\/api.w.org\/{rel}","templated":true}]}}