{"id":340180,"date":"2026-01-14T12:04:12","date_gmt":"2026-01-14T12:04:12","guid":{"rendered":"https:\/\/www.europesays.com\/es\/340180\/"},"modified":"2026-01-14T12:04:12","modified_gmt":"2026-01-14T12:04:12","slug":"critica-de-haches-poesias-desafinadas","status":"publish","type":"post","link":"https:\/\/www.europesays.com\/es\/340180\/","title":{"rendered":"Cr\u00edtica de Haches: Poes\u00edas desafinadas"},"content":{"rendered":"<p style=\"text-align: center;\">Primero fue <a target=\"_blank\" href=\"https:\/\/mariskalrock.com\/criticas\/critica-de-haches-canciones-para-ti\/\" rel=\"nofollow noopener\"><strong>\u2018Canciones para ti\u2019<\/strong><\/a> (2021), despu\u00e9s <a target=\"_blank\" href=\"https:\/\/mariskalrock.com\/criticas\/critica-de-haches-la-vida-que-nos-pasa\/\" rel=\"nofollow noopener\"><strong>\u2018La vida que nos pasa\u2019<\/strong><\/a> (2022) y ahora siguen caminando de la mano de <a target=\"_blank\" href=\"https:\/\/mariskalrock.com\/actualidad\/haches-lanzara-un-nuevo-disco-en-2026-con-el-que-seguira-reivindicando-su-pasion-por-el-rock-urbano\/\" rel=\"nofollow noopener\"><strong>este tercer trabajo<\/strong><\/a> de t\u00edtulo tan particular y marca de la casa. Dicho esto, me planteo, para empezar, si se pueden desafinar las poes\u00edas. Es decir, \u00bfse puede verbalizar y musicalizar la nostalgia? \u00bfSe puede conseguir el equilibrio entre el rock duro con un punto de pop rock algo m\u00e1s comercial? En definitiva, \u00bfse puede mezclar el rock callejero con el hard rock cl\u00e1sico y el heavy metal, y las tem\u00e1ticas y sonidos urbanos, haci\u00e9ndolo agradable y accesible?<\/p>\n<p data-start=\"250\" data-end=\"748\">Se puede, cuando se sabe hacer, cuando eres bueno, cuando sabes de qu\u00e9 hablas en ambos \u201cmundos\u201d, y cuando tienes ese mojo especial y esa trayectoria de tres discos que te pone en un punto de comodidad y seguridad en la que mezclas sin riesgo tu zona de confort con la amplitud de miras. Eso s\u00ed, ci\u00f1\u00e9ndote con naturalidad a tu esencia, sabiendo torcer el colmillo y dejarte acariciar el lomo a la vez. Y se hace cuando tienes entre ceja y ceja que funcione, pero a tu manera y yendo por tu camino.<\/p>\n<p data-start=\"750\" data-end=\"971\">Tras el speech de palabrer\u00eda semibarata, vamos a la descripci\u00f3n y al n\u00facleo del tercer \u00e1lbum de Haches, que ya lleva present\u00e1ndose un a\u00f1o a trav\u00e9s de los singles, y que ya tenemos aqu\u00ed el resultado final y completo.<\/p>\n<p data-start=\"973\" data-end=\"1520\">Un disco que apreciamos los de vieja escuela, y de los que deben aprender las nuevas generaciones: canciones (en la amplia extensi\u00f3n del t\u00e9rmino), experiencias, rock costumbrista y evocador del que nos gusta a los que echamos de menos lo que hubo hace 20, 30 y 40 a\u00f1os y seguimos luchando en el presente por volver a traerlo a la primera l\u00ednea. Viejos rockeros, que no rockeros viejos como me gusta decir a m\u00ed, haciendo rock de barrio (o \u201crock de Hortaleza\u201d, que es una definici\u00f3n en s\u00ed misma, o deber\u00eda), y consiguiendo que funcione, \u00a1muy bien!<\/p>\n<p style=\"text-align: center;\" data-start=\"973\" data-end=\"1520\">\n<p data-start=\"1522\" data-end=\"2173\">Sin prisas y disfrutando lo que hemos vivido, sin frenos, pero con los pies en la tierra, como dicen en uno de los temas m\u00e1s destacados. Y consiguiendo, como en los tiempos pret\u00e9ritos, la excelencia ya en el tercer LP, sonando ya 100% a ellos y consiguiendo que, desde la primera nota, la primera frase de Marcial y el primer tema, digas sin temor a dudas que esto es Haches.<\/p>\n<p data-start=\"1522\" data-end=\"2173\">Parece f\u00e1cil, como las canciones de AC\/DC, pero si es tan sencillo, \u00a1hazlo t\u00fa, listo! Y no, no lo es, que esto conlleva trabajo duro, fe, dedicaci\u00f3n, tes\u00f3n, calidad, constancia\u2026 y no perder la ilusi\u00f3n y la pasi\u00f3n, que a veces es inevitable que surjan las dudas.<\/p>\n<p data-start=\"2175\" data-end=\"2570\">En realidad, deber\u00eda ser f\u00e1cil, pero ah\u00ed est\u00e1 la diferencia entre los buenos y los mediocres: canciones directas, con gancho, con buenas letras, excelentes melod\u00edas, transmitiendo emociones y sensaciones a partes iguales, y saber hacerte mover los pies, la cabeza e incluso las caderas. Y no escatimes en cr\u00edtica social, como hacen acertadamente en \u201cVamos a romperlo todo\u201d o \u201cSu dignidad\u201d.<\/p>\n<p style=\"text-align: center;\" data-start=\"2175\" data-end=\"2570\">\n<p data-start=\"2572\" data-end=\"2949\">Ni en poner de relieve que esto es rock callejero y de barrio, como aparece sin rubor en \u201cSomos de Hortaleza\u201d (con sus buenos amigos de Porretas) o \u201cViviendo sin frenos\u201d, ni en recordar cuando \u00e9ramos los que m\u00e1s, aunque desde fuera nos hicieran de menos, como nos exponen clarito en \u201cTan fuerte\u201d, para m\u00ed el hit single del disco, si es que eso sigue existiendo hoy.<\/p>\n<p data-start=\"2951\" data-end=\"3508\">Haches lo han tenido siempre, pero ahora lo han hecho mejor que nunca, que la experiencia de m\u00e1s de cinco a\u00f1os con el grupo (m\u00e1s la anterior de los hermanos Ortiz y compa\u00f1\u00eda con otras bandas y proyectos previos) y la trayectoria de ya tres discos e innumerables conciertos a sus espaldas se tiene que notar.<\/p>\n<p data-start=\"2951\" data-end=\"3508\">Ahora han encajar de manera perfecta los temas duros, y los divertidos, con las canciones m\u00e1s reflexivas y personales como \u201cCansado\u201d o \u201cSolo una ilusi\u00f3n\u201d, so\u00f1ando siempre con el coraz\u00f3n, como en realidad siempre ha hecho en este grupo.<\/p>\n<p style=\"text-align: center;\" data-start=\"2951\" data-end=\"3508\">\n<p data-start=\"3510\" data-end=\"3912\">Liderados desde el comienzo por Marcial y Rub\u00e9n Ortiz, pero complementada de lujo la formaci\u00f3n con Manuel de la Fuente (guitarra, y que tambi\u00e9n lleva con ellos desde el comienzo), Paulo Tchilibass (bajo), Miguel Rodr\u00edguez (guitarra) y Roberto Feijoo (bater\u00eda), \u2018Poes\u00edas desafinadas\u2019 deber\u00eda ser el punto definitivo que les a\u00fape a la merecida primera l\u00ednea del rock nacional.<\/p>\n<p data-start=\"3914\" data-end=\"4245\">Ya sea urbano, cl\u00e1sico, o de Vallecas, Carabanchel y Hortaleza (si entendemos el gui\u00f1o, que seguro que s\u00ed), que es el rock que siempre han abrazado, ofrecido y propugnado Haches en sus canciones. En definitiva, m\u00fasica alegre, costumbrista, reivindicativa, de la nuestra, y de la que merece la pena redescubrir una y otra vez.<\/p>\n<p data-start=\"4247\" data-end=\"4503\">Rock con \u00d1 y Rock con H, algo que deber\u00eda ser ley. Y cuando el paso del tiempo desafine las poes\u00edas y desvirt\u00fae las canciones con las que hemos crecido, \u00e1brete un botell\u00edn, ponte un buen disco, como \u00e9ste, por ejemplo, y vete a un concierto de Haches.<\/p>\n<p data-start=\"4505\" data-end=\"4748\">Seguro que de repente la vida se ve de otra manera, sale el sol y te aparece una sonrisa. Yo solo te lo recomiendo, que ahora es cosa tuya hacerme caso o seguir triste y gru\u00f1\u00f3n pensando que el buen rock nacional se muri\u00f3 en el 84 o en el 93.<\/p>\n<p style=\"text-align: center;\">\n<p>                         <a target=\"_blank\" href=\"http:\/\/www.mariskalrock.com\" class=\"url\" title=\"David Esquitino\" rel=\"nofollow noopener\"> <img decoding=\"async\" src=\"https:\/\/www.europesays.com\/es\/wp-content\/uploads\/2025\/11\/david-esquitino-foto-cuadrada-1.jpg\" class=\"photo\" width=\"250\" alt=\"David Esquitino\"\/><\/a> M\u00e1s de 20 a\u00f1os de radio y presencia como periodista todoterreno en los principales medios duros le avalan. David Esquitino es un cl\u00e1sico del rock y el heavy metal en nuestro pa\u00eds, tanto a nivel de las ondas como de medios digitales y prensa escrita, sin olvidar su faceta como escritor, estudioso y analista de la historia de la m\u00fasica dura tanto nacional como internacional. Todo ello al servicio de MariskalRock.com de la mano de \u201c\u00bfHay alguien ah\u00ed?\u201d, prescribiendo Heavy Rock para todos ustedes: analizando la actualidad, repasando la historia de nuestra m\u00fasica favorita y entrevistando a sus protagonistas. <\/p>\n<p>Que no se pierda el legado y que juntos sigamos construyendo el camino. No puedes dejar el rock, y lo sabes\u2026 De lunes a jueves en MariskalRock Radio de 18:00 a 19:00, con repetici\u00f3n para los rezagados o nocturnos empedernidos a las 22:00. \u00bfNos escuchamos juntos?<\/p>\n<p> <a href=\"http:\/\/www.mariskalrock.com\" class=\"url\" target=\"_blank\" title=\"David Esquitino\" rel=\"nofollow noopener\"><img decoding=\"async\" src=\"https:\/\/www.europesays.com\/es\/wp-content\/uploads\/2025\/11\/david-esquitino-foto-cuadrada-1.jpg\" class=\"photo\" width=\"250\" alt=\"David Esquitino\"\/><\/a>\u00daltimas entradas de David Esquitino (<a target=\"_blank\" href=\"https:\/\/mariskalrock.com\/author\/david-esquitino\/\" rel=\"nofollow noopener\">ver todo<\/a>)  <\/p>\n","protected":false},"excerpt":{"rendered":"Primero fue \u2018Canciones para ti\u2019 (2021), despu\u00e9s \u2018La vida que nos pasa\u2019 (2022) y ahora siguen caminando de&hellip;\n","protected":false},"author":2,"featured_media":340181,"comment_status":"","ping_status":"","sticky":false,"template":"","format":"standard","meta":{"footnotes":""},"categories":[170],"tags":[77569,146,147,25,24,77570,77571,4622,184,185,77572,77573,23],"class_list":{"0":"post-340180","1":"post","2":"type-post","3":"status-publish","4":"format-standard","5":"has-post-thumbnail","7":"category-musica","8":"tag-canciones-para-ti","9":"tag-entertainment","10":"tag-entretenimiento","11":"tag-es","12":"tag-espana","13":"tag-haches","14":"tag-la-vida-que-nos-pasa","15":"tag-mr2022","16":"tag-music","17":"tag-musica","18":"tag-poesias-desafinadas","19":"tag-porretas","20":"tag-spain"},"share_on_mastodon":{"url":"https:\/\/pubeurope.com\/@es\/115893362052056727","error":""},"_links":{"self":[{"href":"https:\/\/www.europesays.com\/es\/wp-json\/wp\/v2\/posts\/340180","targetHints":{"allow":["GET"]}}],"collection":[{"href":"https:\/\/www.europesays.com\/es\/wp-json\/wp\/v2\/posts"}],"about":[{"href":"https:\/\/www.europesays.com\/es\/wp-json\/wp\/v2\/types\/post"}],"author":[{"embeddable":true,"href":"https:\/\/www.europesays.com\/es\/wp-json\/wp\/v2\/users\/2"}],"replies":[{"embeddable":true,"href":"https:\/\/www.europesays.com\/es\/wp-json\/wp\/v2\/comments?post=340180"}],"version-history":[{"count":0,"href":"https:\/\/www.europesays.com\/es\/wp-json\/wp\/v2\/posts\/340180\/revisions"}],"wp:featuredmedia":[{"embeddable":true,"href":"https:\/\/www.europesays.com\/es\/wp-json\/wp\/v2\/media\/340181"}],"wp:attachment":[{"href":"https:\/\/www.europesays.com\/es\/wp-json\/wp\/v2\/media?parent=340180"}],"wp:term":[{"taxonomy":"category","embeddable":true,"href":"https:\/\/www.europesays.com\/es\/wp-json\/wp\/v2\/categories?post=340180"},{"taxonomy":"post_tag","embeddable":true,"href":"https:\/\/www.europesays.com\/es\/wp-json\/wp\/v2\/tags?post=340180"}],"curies":[{"name":"wp","href":"https:\/\/api.w.org\/{rel}","templated":true}]}}