{"id":340195,"date":"2026-01-14T12:13:18","date_gmt":"2026-01-14T12:13:18","guid":{"rendered":"https:\/\/www.europesays.com\/es\/340195\/"},"modified":"2026-01-14T12:13:18","modified_gmt":"2026-01-14T12:13:18","slug":"el-ayuntamiento-organiza-visitas-guiadas-gratuitas-por-el-mostoles-monumental-un-domingo-al-mes","status":"publish","type":"post","link":"https:\/\/www.europesays.com\/es\/340195\/","title":{"rendered":"El Ayuntamiento organiza visitas guiadas gratuitas por el M\u00f3stoles Monumental un domingo al mes"},"content":{"rendered":"<ul>\n<li class=\" cmAlignjustify\"><strong>La primera de estas visitas para dar a conocer el patrimonio hist\u00f3rico del municipio tendr\u00e1 lugar el 25 de enero y comenzar\u00e1 a las 11:30 h en el Museo de la Ciudad.  <\/strong><\/li>\n<\/ul>\n<p class=\"cmParagraph cmAlignjustify\"><img loading=\"lazy\" decoding=\"async\" src=\"https:\/\/www.europesays.com\/es\/wp-content\/uploads\/2026\/01\/1430557-destacada Museo de la Ciudad01.jpg\" width=\"400\" height=\"267\" alt=\"destacada Museo de la Ciudad\"\/>El Ayuntamiento de M\u00f3stoles, a trav\u00e9s de la Concejal\u00eda de Cultura, Desarrollo y Promoci\u00f3n Tur\u00edstica, organizar\u00e1 visitas guiadas gratuitas por el M\u00f3stoles Monumental un domingo al mes, con el objetivo de divulgar la historia y el patrimonio de la ciudad. <\/p>\n<p class=\"cmParagraph cmAlignjustify\">La primera de estas visitas tendr\u00e1 lugar el pr\u00f3ximo 25 de enero. Un especialista realizar\u00e1 un recorrido por los principales edificios hist\u00f3ricos y puntos emblem\u00e1ticos de M\u00f3stoles para dar a conocer la ciudad en profundidad, su historia y curiosidades, de manera amena. <\/p>\n<p class=\"cmParagraph cmAlignjustify\">La visita comenzar\u00e1 a las 11:30 h, en el Museo de la Ciudad, ubicado en la calle Andr\u00e9s Torrej\u00f3n, 5. Posteriormente se visitar\u00e1 la Casa-Museo Andr\u00e9s Torrej\u00f3n, la Ermita de Nuestra Se\u00f1ora de los Santos, el monumento de Andr\u00e9s Torrej\u00f3n, la emblem\u00e1tica Fuente de los Peces y la Iglesia Nuestra Se\u00f1ora de la Asunci\u00f3n, considerada de estilo medieval mud\u00e9jar. <\/p>\n<p class=\"cmParagraph cmAlignjustify\">Un paseo por el casco hist\u00f3rico de M\u00f3stoles con el que el Ayuntamiento quiere poner en valor y dar a conocer a mostole\u00f1os y visitantes el patrimonio hist\u00f3rico municipal. <\/p>\n<p class=\"cmParagraph cmAlignjustify\">Las reservas se podr\u00e1n realizar a partir del jueves 15 de enero, a trav\u00e9s de <a href=\"https:\/\/www.mostoles.es\/es\/noticias\/mailto:visitasmostoles@gmail.com\" title=\"Este enlace se abrir\u00e1 en una ventana nueva.\" target=\"_blank\" rel=\"nofollow noopener\">visitasmostoles@gmail.com<\/a>.<\/p>\n","protected":false},"excerpt":{"rendered":"La primera de estas visitas para dar a conocer el patrimonio hist\u00f3rico del municipio tendr\u00e1 lugar el 25&hellip;\n","protected":false},"author":2,"featured_media":340196,"comment_status":"","ping_status":"","sticky":false,"template":"","format":"standard","meta":{"footnotes":""},"categories":[5],"tags":[1201,6853,1250,17,18,6854,777,2800,5509,25,24,13,14,11,6852,1928,6850,19,20,6849,9,10,15,16,4111,6851,23,12,21,22,6855],"class_list":{"0":"post-340195","1":"post","2":"type-post","3":"status-publish","4":"format-standard","5":"has-post-thumbnail","7":"category-titulares","8":"tag-alcalde","9":"tag-atencioacuten-ciudadana","10":"tag-ayuntamiento","11":"tag-breaking-news","12":"tag-breakingnews","13":"tag-callejero","14":"tag-ciudad","15":"tag-distritos","16":"tag-empleo","17":"tag-es","18":"tag-espana","19":"tag-featured-news","20":"tag-featurednews","21":"tag-headlines","22":"tag-inversioacuten","23":"tag-joven","24":"tag-juventud","25":"tag-latest-news","26":"tag-latestnews","27":"tag-moacutestoles","28":"tag-news","29":"tag-noticias","30":"tag-noticias-destacadas","31":"tag-noticiasdestacadas","32":"tag-presupuestos","33":"tag-sede-electroacutenica","34":"tag-spain","35":"tag-titulares","36":"tag-ultimas-noticias","37":"tag-ultimasnoticias","38":"tag-webs-municipales"},"share_on_mastodon":{"url":"","error":"Validation failed: Text character limit of 500 exceeded"},"_links":{"self":[{"href":"https:\/\/www.europesays.com\/es\/wp-json\/wp\/v2\/posts\/340195","targetHints":{"allow":["GET"]}}],"collection":[{"href":"https:\/\/www.europesays.com\/es\/wp-json\/wp\/v2\/posts"}],"about":[{"href":"https:\/\/www.europesays.com\/es\/wp-json\/wp\/v2\/types\/post"}],"author":[{"embeddable":true,"href":"https:\/\/www.europesays.com\/es\/wp-json\/wp\/v2\/users\/2"}],"replies":[{"embeddable":true,"href":"https:\/\/www.europesays.com\/es\/wp-json\/wp\/v2\/comments?post=340195"}],"version-history":[{"count":0,"href":"https:\/\/www.europesays.com\/es\/wp-json\/wp\/v2\/posts\/340195\/revisions"}],"wp:featuredmedia":[{"embeddable":true,"href":"https:\/\/www.europesays.com\/es\/wp-json\/wp\/v2\/media\/340196"}],"wp:attachment":[{"href":"https:\/\/www.europesays.com\/es\/wp-json\/wp\/v2\/media?parent=340195"}],"wp:term":[{"taxonomy":"category","embeddable":true,"href":"https:\/\/www.europesays.com\/es\/wp-json\/wp\/v2\/categories?post=340195"},{"taxonomy":"post_tag","embeddable":true,"href":"https:\/\/www.europesays.com\/es\/wp-json\/wp\/v2\/tags?post=340195"}],"curies":[{"name":"wp","href":"https:\/\/api.w.org\/{rel}","templated":true}]}}