{"id":340203,"date":"2026-01-14T12:21:08","date_gmt":"2026-01-14T12:21:08","guid":{"rendered":"https:\/\/www.europesays.com\/es\/340203\/"},"modified":"2026-01-14T12:21:08","modified_gmt":"2026-01-14T12:21:08","slug":"resumen-del-partido-lakers-141-116-hawks-13-de-ene-2026","status":"publish","type":"post","link":"https:\/\/www.europesays.com\/es\/340203\/","title":{"rendered":"Resumen del partido Lakers 141-116 Hawks (13 de Ene., 2026)"},"content":{"rendered":"<p>LOS \u00c1NGELES (AP) &#8212; LeBron James anot\u00f3 31 puntos, reparti\u00f3 diez asistencias y captur\u00f3 nueve rebotes por Los \u00c1ngeles Lakers, quienes rompieron enf\u00e1ticamente su racha de tres derrotas consecutivas el martes, al imponerse 141-116 sobre los Atlanta Hawks.<\/p>\n<p>Luka Doncic a\u00f1adi\u00f3 27 puntos y 12 asistencias a la causa de los Lakers, quienes tomaron una ventaja de 32 puntos al inicio de la segunda mitad y resistieron con \u00e9xito el meritorio intento de remontada tard\u00eda de los Hawks. Los \u00c1ngeles solo ha hilado cuatro derrotas una vez desde que adquiri\u00f3 a Doncic hace casi un a\u00f1o.<\/p>\n<p>En el segundo partido de sus primeras apariciones consecutivas durante su inigualable 23\u00aa temporada en la NBA, James se qued\u00f3 a las puertas de su primer triple-doble desde el pasado 1 de febrero en Nueva York, un d\u00eda m\u00e1s recordado por el impactante canje de los Lakers por Doncic esa misma noche.<\/p>\n<p>Nickeil Alexander-Walker anot\u00f3 26 puntos y CJ McCollum sum\u00f3 25 por los Hawks, quienes hab\u00edan ganado en las dos primeras paradas de su gira por la Costa Oeste.<\/p>\n<p>Corey Kispert anot\u00f3 19 puntos al lucir junto a McCollum en el segundo partido de ambos jugadores con Atlanta desde que fueron cedidos por Washington en un canje por Trae Young.<\/p>\n","protected":false},"excerpt":{"rendered":"LOS \u00c1NGELES (AP) &#8212; LeBron James anot\u00f3 31 puntos, reparti\u00f3 diez asistencias y captur\u00f3 nueve rebotes por Los&hellip;\n","protected":false},"author":2,"featured_media":340204,"comment_status":"","ping_status":"","sticky":false,"template":"","format":"standard","meta":{"footnotes":""},"categories":[269],"tags":[299,298,168,25,24,23,167],"class_list":{"0":"post-340203","1":"post","2":"type-post","3":"status-publish","4":"format-standard","5":"has-post-thumbnail","7":"category-baloncesto","8":"tag-baloncesto","9":"tag-basketball","10":"tag-deportes","11":"tag-es","12":"tag-espana","13":"tag-spain","14":"tag-sports"},"share_on_mastodon":{"url":"https:\/\/pubeurope.com\/@es\/115893428980711021","error":""},"_links":{"self":[{"href":"https:\/\/www.europesays.com\/es\/wp-json\/wp\/v2\/posts\/340203","targetHints":{"allow":["GET"]}}],"collection":[{"href":"https:\/\/www.europesays.com\/es\/wp-json\/wp\/v2\/posts"}],"about":[{"href":"https:\/\/www.europesays.com\/es\/wp-json\/wp\/v2\/types\/post"}],"author":[{"embeddable":true,"href":"https:\/\/www.europesays.com\/es\/wp-json\/wp\/v2\/users\/2"}],"replies":[{"embeddable":true,"href":"https:\/\/www.europesays.com\/es\/wp-json\/wp\/v2\/comments?post=340203"}],"version-history":[{"count":0,"href":"https:\/\/www.europesays.com\/es\/wp-json\/wp\/v2\/posts\/340203\/revisions"}],"wp:featuredmedia":[{"embeddable":true,"href":"https:\/\/www.europesays.com\/es\/wp-json\/wp\/v2\/media\/340204"}],"wp:attachment":[{"href":"https:\/\/www.europesays.com\/es\/wp-json\/wp\/v2\/media?parent=340203"}],"wp:term":[{"taxonomy":"category","embeddable":true,"href":"https:\/\/www.europesays.com\/es\/wp-json\/wp\/v2\/categories?post=340203"},{"taxonomy":"post_tag","embeddable":true,"href":"https:\/\/www.europesays.com\/es\/wp-json\/wp\/v2\/tags?post=340203"}],"curies":[{"name":"wp","href":"https:\/\/api.w.org\/{rel}","templated":true}]}}