{"id":340329,"date":"2026-01-14T13:51:15","date_gmt":"2026-01-14T13:51:15","guid":{"rendered":"https:\/\/www.europesays.com\/es\/340329\/"},"modified":"2026-01-14T13:51:15","modified_gmt":"2026-01-14T13:51:15","slug":"felipe-orts-y-sofia-rodriguez-revalidan-sus-titulos-nacionales","status":"publish","type":"post","link":"https:\/\/www.europesays.com\/es\/340329\/","title":{"rendered":"Felipe Orts y Sof\u00eda Rodr\u00edguez revalidan sus t\u00edtulos nacionales"},"content":{"rendered":"<p class=\"ft-text\"><strong>Felipe Orts<\/strong> (Ridley Racing), el aut\u00e9ntico rey de la especialidad, y <strong>Sof\u00eda Rodr\u00edguez <\/strong>(Nesta) revalidaron este domingo en Taranc\u00f3n (Cuenca) los t\u00edtulos de campeones de Espa\u00f1a <a class=\"ft-link ft-link--decoration\" href=\"https:\/\/www.sport.es\/es\/ciclismo\/\" rel=\"nofollow noopener\" target=\"_blank\">de ciclocr\u00f3s<\/a>.<\/p>\n<p class=\"ft-text\">El corredor alicantino logr\u00f3 su octava corona consecutiva de forma incontestable, <strong>sin dar opci\u00f3n a sus rivales<\/strong>. Aventaj\u00f3 en 1:05 a<strong> Kevin Su\u00e1rez (Nesta-MMR)<\/strong> y en 1:46 a<strong> Mario Junquera (Unicaja Gij\u00f3n), <\/strong>que apenas pudieron plantar batalla al campe\u00f3n en el circuito de la Ermita de la Virgen de Ri\u00e1nsares.<\/p>\n<p class=\"ft-text\">Orts, que se convierte en el corredor con m\u00e1s t\u00edtulos <strong>al superar a Aida Nu\u00f1o, que logr\u00f3 siete,<\/strong> hizo una carrera aparte del resto. Su\u00e1rez, de menos a m\u00e1s en la prueba, super\u00f3 a Junquera para alzarse con el subcampeonato.<\/p>\n<p> \u00c9xito del Nesta<\/p>\n<p class=\"ft-text\">En f\u00e9minas volvi\u00f3 a producirse un duelo entre <strong>Sof\u00eda Rodr\u00edguez (Nesta) y Luc\u00eda Gonz\u00e1lez (Nesta)<\/strong> despu\u00e9s de que ambas se deshicieran de la compa\u00f1\u00eda de Sara Cueto (Unicaja Gij\u00f3n).<\/p>\n<p class=\"ft-text\">Como el pasado a\u00f1o, <strong>Sof\u00eda Rodr\u00edguez dio el golpe de gracia a la prueba en la \u00faltima vuelta para vencer con 16 segundos de ventaja sobre Luc\u00eda Gonz\u00e1lez. <\/strong>Cueto cerr\u00f3 el podio a 0:31 y Lorena Pati\u00f1o, con el cuarto puesto, se proclam\u00f3 campeona sub-23.<\/p>\n","protected":false},"excerpt":{"rendered":"Felipe Orts (Ridley Racing), el aut\u00e9ntico rey de la especialidad, y Sof\u00eda Rodr\u00edguez (Nesta) revalidaron este domingo en&hellip;\n","protected":false},"author":2,"featured_media":340330,"comment_status":"","ping_status":"","sticky":false,"template":"","format":"standard","meta":{"footnotes":""},"categories":[273],"tags":[313,312,168,25,24,10642,56993,77593,416,11647,23,167],"class_list":["post-340329","post","type-post","status-publish","format-standard","has-post-thumbnail","category-ciclismo","tag-ciclismo","tag-cycling","tag-deportes","tag-es","tag-espana","tag-felipe","tag-orts","tag-revalidan","tag-rodriguez","tag-sofia","tag-spain","tag-sports"],"share_on_mastodon":{"url":"https:\/\/pubeurope.com\/@es\/115893782626217715","error":""},"_links":{"self":[{"href":"https:\/\/www.europesays.com\/es\/wp-json\/wp\/v2\/posts\/340329","targetHints":{"allow":["GET"]}}],"collection":[{"href":"https:\/\/www.europesays.com\/es\/wp-json\/wp\/v2\/posts"}],"about":[{"href":"https:\/\/www.europesays.com\/es\/wp-json\/wp\/v2\/types\/post"}],"author":[{"embeddable":true,"href":"https:\/\/www.europesays.com\/es\/wp-json\/wp\/v2\/users\/2"}],"replies":[{"embeddable":true,"href":"https:\/\/www.europesays.com\/es\/wp-json\/wp\/v2\/comments?post=340329"}],"version-history":[{"count":0,"href":"https:\/\/www.europesays.com\/es\/wp-json\/wp\/v2\/posts\/340329\/revisions"}],"wp:featuredmedia":[{"embeddable":true,"href":"https:\/\/www.europesays.com\/es\/wp-json\/wp\/v2\/media\/340330"}],"wp:attachment":[{"href":"https:\/\/www.europesays.com\/es\/wp-json\/wp\/v2\/media?parent=340329"}],"wp:term":[{"taxonomy":"category","embeddable":true,"href":"https:\/\/www.europesays.com\/es\/wp-json\/wp\/v2\/categories?post=340329"},{"taxonomy":"post_tag","embeddable":true,"href":"https:\/\/www.europesays.com\/es\/wp-json\/wp\/v2\/tags?post=340329"}],"curies":[{"name":"wp","href":"https:\/\/api.w.org\/{rel}","templated":true}]}}