{"id":340343,"date":"2026-01-14T14:00:17","date_gmt":"2026-01-14T14:00:17","guid":{"rendered":"https:\/\/www.europesays.com\/es\/340343\/"},"modified":"2026-01-14T14:00:17","modified_gmt":"2026-01-14T14:00:17","slug":"el-mal-de-juanma-bajo-ulloa-llega-a-los-cines-para-incomodarte-y-hacerte-pensar","status":"publish","type":"post","link":"https:\/\/www.europesays.com\/es\/340343\/","title":{"rendered":"&#8216;El Mal&#8217; de Juanma Bajo Ulloa llega a los cines para incomodarte y hacerte pensar"},"content":{"rendered":"<p>El director vitoriano Juanma Bajo Ulloa vuelve al cine con una pregunta inc\u00f3moda bajo el brazo, una duda que se te queda pegada. Su nueva pel\u00edcula, <strong>&#8216;El Mal&#8217;<\/strong>, se estrena<strong> este viernes 16 de enero,<\/strong> y propone un juego inquietante:<strong> mirar de frente a aquello que preferimos no reconocer de nosotros mismos.<\/strong><\/p>\n<p>\t\t\t\t\t\t\tPUBLICIDAD &#8211; SIGUE LEYENDO ABAJO<br \/>\n\t\t\t\t\t\t\t<a rel=\"noreferrer nofollow noopener\" href=\"https:\/\/gasteiz.ika.eus\/?utm_source=gasteizhoy&amp;utm_medium=banner_400x400&amp;utm_campaign=Matrikulazio_kanpaina_20252026_otsaila\" target=\"_blank\"><br \/>\n\t\t\t\t\t\t\t\t<img decoding=\"async\" width=\"400px\" height=\"400px\" layout=\"responsive\" data-category=\"banner-IKA\" id=\"segundoparr\" class=\"banclick\" src=\"https:\/\/www.europesays.com\/es\/wp-content\/uploads\/2026\/01\/publicidad-segundo-parrafo-65.gif\"\/><br \/>\n\t\t\t\t\t\t\t<\/a><\/p>\n<p>Rodada en Vitoria-Gasteiz y \u00c1lava la cinta supone el regreso de uno de los directores vascos m\u00e1s singulares a un terreno que domina bien: <strong>el suspense psicol\u00f3gico con carga moral.<\/strong><\/p>\n<p>Y es lo que desprende el argumento de la cinta. Elvira, una ambiciosa periodista, recibe una propuesta al l\u00edmite. Un personaje perturbador le sugiere que escriba un libro sobre <strong>\u00abel mayor asesino de la historia\u00bb.<\/strong> Una propuesta para alcanzar el \u00e9xito que siempre ha buscado. La narraci\u00f3n juega con esa tensi\u00f3n, lo que o\u00edmos y lo que imaginamos.<\/p>\n<p>Reparto internacional y local<\/p>\n<p>El reparto combina caras conocidas con talento en crecimiento. Entre los protagonistas est\u00e1n <strong>Natalia Tena<\/strong>, vista en Juego de Tronos y Harry Potter, <strong>Bel\u00e9n Fabra y Tony Dalton.<\/strong> Tambi\u00e9n participan Fernando Gil, Mar\u00eda Schwinning, Natalia Ruiz y Aritz Kortabarria.<\/p>\n<p>\t\t\t\t\t\tPUBLICIDAD &#8211; SIGUE LEYENDO ABAJO<br \/>\n\t\t\t\t\t\t<a rel=\"noreferrer nofollow noopener\" href=\"https:\/\/www.hyundai.es\/concesionarios\/autolasa\/blackweek-2025\" target=\"_blank\"><br \/>\n\t\t\t\t\t\t\t<img decoding=\"async\" width=\"400px\" height=\"400px\" layout=\"responsive\" data-category=\"banner-Hyundai-autolasa\" id=\"quintoparr\" class=\"banclick\" src=\"https:\/\/www.europesays.com\/es\/wp-content\/uploads\/2025\/12\/publicidad-quinto-parrafo-34.gif\"\/><br \/>\n\t\t\t\t\t\t<\/a><\/p>\n<p>La m\u00fasica corre a cargo de Koldo Uriarte, y el ojo para la fotograf\u00eda lo ha puesto <strong>Diego Trenas<\/strong> (La guitarra flamenca de Yerai Cort\u00e9s).<\/p>\n<p><img decoding=\"async\" fetchpriority=\"high\" class=\"aligncenter wp-image-280410 size-full\" title=\"natalia tena-el mal-estreno\" src=\"https:\/\/www.europesays.com\/es\/wp-content\/uploads\/2026\/01\/natalia-tena-el-mal-estreno.jpg.webp.jpeg\" alt=\"natalia tena-el mal-estreno\" width=\"791\" height=\"543\"  \/><\/p>\n<p>\u00bfQu\u00e9 busca Juanma Bajo Ulloa?<\/p>\n<p>Lejos de los t\u00edpicos thrillers con violencia gr\u00e1fica, Bajo Ulloa quiere que el espectador se pregunte<strong> hasta qu\u00e9 punto reconoce su propia oscuridad<\/strong>. &#8216;El Mal&#8217; tratar\u00e1 de ir m\u00e1s adentro, a la incapacidad de muchos de aceptar sus contradicciones internas.<\/p>\n<p>Esa ambici\u00f3n filos\u00f3fica no es nueva en su filmograf\u00eda, que incluye desde la comedia gamberra <strong><a href=\"https:\/\/www.gasteizhoy.com\/airbag-25-anos-version-extendida\/\" rel=\"nofollow noopener\" target=\"_blank\">&#8216;Airbag&#8217;<\/a><\/strong> hasta la exploraci\u00f3n psicol\u00f3gica de <a href=\"https:\/\/www.gasteizhoy.com\/baby-juanma-bajo-ulloa-estreno\/\" rel=\"nofollow noopener\" target=\"_blank\"><strong>&#8216;Baby&#8217;<\/strong><\/a>. Pero aqu\u00ed el tono es m\u00e1s sobrio y reflexivo.<\/p>\n<p>\t\t\t\t\t\t\tPUBLICIDAD &#8211; SIGUE LEYENDO ABAJO<br \/>\n\t\t\t\t\t\t\t<a rel=\"noreferrer nofollow noopener\" href=\"https:\/\/www.bakh.es\/\" target=\"_blank\"><br \/>\n\t\t\t\t\t\t\t\t<img decoding=\"async\" width=\"400px\" height=\"400px\" layout=\"responsive\" data-category=\"banner-bakh\" id=\"novparr\" class=\"banclick\" src=\"https:\/\/www.europesays.com\/es\/wp-content\/uploads\/2026\/01\/publicidad-noveno-parrafo-73.gif\"\/><br \/>\n\t\t\t\t\t\t\t<\/a><\/p>\n<p>El rodaje de &#8216;El Mal&#8217; fue a finales de 2024 en diferentes localizaciones del Pa\u00eds Vasco, con gran importancia en \u00c1lava y Vitoria. Y es que en el territorio se vive un clima de <strong>crecimiento del sector audiovisual<\/strong>, gracias en parte a los incentivos fiscales y pol\u00edticas de apoyo a las producciones.<\/p>\n<p>&#8216;El Mal&#8217; conf\u00eda en la inteligencia del p\u00fablico<\/p>\n<p>Con una duraci\u00f3n de <strong>2 horas<\/strong> y una propuesta menos convencional que otros estrenos de temporada, &#8216;El Mal&#8217; pone su confianza en la inteligencia del p\u00fablico. La pel\u00edcula trae <strong>suspense cl\u00e1sico<\/strong>, preguntas sobre lo que nos define como personas y un reparto de una calidad gigante.<\/p>\n<p>Puede que no te asuste de inmediato, y tampoco es la idea, aunque probablemente te deje pensando un rato despu\u00e9s de verla.<\/p>\n","protected":false},"excerpt":{"rendered":"El director vitoriano Juanma Bajo Ulloa vuelve al cine con una pregunta inc\u00f3moda bajo el brazo, una duda&hellip;\n","protected":false},"author":2,"featured_media":340344,"comment_status":"","ping_status":"","sticky":false,"template":"","format":"standard","meta":{"footnotes":""},"categories":[169],"tags":[177,77597,146,147,25,24,176,77596,175,23],"class_list":{"0":"post-340343","1":"post","2":"type-post","3":"status-publish","4":"format-standard","5":"has-post-thumbnail","7":"category-cine","8":"tag-cine","9":"tag-cine-alaves","10":"tag-entertainment","11":"tag-entretenimiento","12":"tag-es","13":"tag-espana","14":"tag-film","15":"tag-juanma-bajo-ulloa","16":"tag-movies","17":"tag-spain"},"share_on_mastodon":{"url":"https:\/\/pubeurope.com\/@es\/115893818381943701","error":""},"_links":{"self":[{"href":"https:\/\/www.europesays.com\/es\/wp-json\/wp\/v2\/posts\/340343","targetHints":{"allow":["GET"]}}],"collection":[{"href":"https:\/\/www.europesays.com\/es\/wp-json\/wp\/v2\/posts"}],"about":[{"href":"https:\/\/www.europesays.com\/es\/wp-json\/wp\/v2\/types\/post"}],"author":[{"embeddable":true,"href":"https:\/\/www.europesays.com\/es\/wp-json\/wp\/v2\/users\/2"}],"replies":[{"embeddable":true,"href":"https:\/\/www.europesays.com\/es\/wp-json\/wp\/v2\/comments?post=340343"}],"version-history":[{"count":0,"href":"https:\/\/www.europesays.com\/es\/wp-json\/wp\/v2\/posts\/340343\/revisions"}],"wp:featuredmedia":[{"embeddable":true,"href":"https:\/\/www.europesays.com\/es\/wp-json\/wp\/v2\/media\/340344"}],"wp:attachment":[{"href":"https:\/\/www.europesays.com\/es\/wp-json\/wp\/v2\/media?parent=340343"}],"wp:term":[{"taxonomy":"category","embeddable":true,"href":"https:\/\/www.europesays.com\/es\/wp-json\/wp\/v2\/categories?post=340343"},{"taxonomy":"post_tag","embeddable":true,"href":"https:\/\/www.europesays.com\/es\/wp-json\/wp\/v2\/tags?post=340343"}],"curies":[{"name":"wp","href":"https:\/\/api.w.org\/{rel}","templated":true}]}}