{"id":340369,"date":"2026-01-14T14:18:08","date_gmt":"2026-01-14T14:18:08","guid":{"rendered":"https:\/\/www.europesays.com\/es\/340369\/"},"modified":"2026-01-14T14:18:08","modified_gmt":"2026-01-14T14:18:08","slug":"la-reina-con-traje-color-vino-y-pendientes-con-mensaje","status":"publish","type":"post","link":"https:\/\/www.europesays.com\/es\/340369\/","title":{"rendered":"la Reina, con traje color vino y pendientes con mensaje"},"content":{"rendered":"\n<p> <strong>Los Reyes no son solo un matrimonio, tambi\u00e9n son un equipo que trabaja unido por el futuro de la Corona.<\/strong> Y eso lo demuestran en muchas ocasiones con sus elecciones de vestuario, como ha ocurrido este mi\u00e9rcoles en<strong> su visita a Valencia,<\/strong> la octava desde la DANA que devast\u00f3 parte de la provincia en 2024. Ambos vestidos con traje, <strong>han apostado por el color vino, la Reina con un nuevo sastre de ese color y el Rey con una corbata. <\/strong> <\/p>\n<p> Pero no solo eso. Durante su primer acto, la inauguraci\u00f3n de la exposici\u00f3n<strong> &#8216;La transformaci\u00f3n de Valencia 1866-2026&#8217;,<\/strong> con motivo del 160\u00ba aniversario del diario &#8216;Las Provincias&#8217;, hemos podido ver su uni\u00f3n en la sincron\u00eda de los gestos, ambos con los brazos cruzados mientras atend\u00edan a la explicaci\u00f3n. Una imagen, la de ellos en la misma postura y vestidos a juego, que refuerza la idea de equipo. <\/p>\n<p>               Los Reyes en la exposici\u00f3n. (Limited Pictures)             <\/p>\n<p> Como imagin\u00e1bamos, do\u00f1a Letizia ha apostado para la ocasi\u00f3n por un <strong>estilismo muy working, queriendo dejar m\u00e1s protagonismo al acto que a su ropa<\/strong>. Para ello ha estrenado un traje en color vino, un burdeos un poco m\u00e1s oscuro, formado por pantal\u00f3n de talle recto y una chaqueta entallada con bolsillos a la vista. Lo ha combinado con un jersey negro de cuello alto, aportando m\u00e1s discreci\u00f3n al estilismo. <\/p>\n<p> La Reina ha completado el look con u<strong>nos mocasines con tac\u00f3n ancho de Massimo Dutti, <\/strong>sus favoritos esta temporada ya que le aportan comodidad y bolso de Carolina Herrera, el modelo Victoria Insignia, del que tampoco se separa \u00faltimamente, incluso lo luci\u00f3 en la Pascua Militar. <\/p>\n<p>               Los Reyes a su llegada. (Limited Pictures)             <\/p>\n<p> Durante esos meses, han sido muchas las ocasiones en las que<strong> do\u00f1a Letizia ha apostado por firmas valencianas afectadas por la DANA <\/strong>para darles visibilidad y apoyo en estos complicados momentos. Y como no pod\u00eda ser de otra manera para esta nueva visita a Valencia ha lucido u<strong>na pieza de la joyer\u00eda Singularu, <\/strong>con sede en Picanya. <\/p>\n<p> <strong>La riada del 29 de octubre de 2024 destruy\u00f3 por completo su almac\u00e9n y oficinas, <\/strong>y aunque no hubo v\u00edctimas mortales, ya que no se encontraba ning\u00fan trabajador all\u00ed, s\u00ed hubo un gran destrozo a nivel de materiales. <a href=\"https:\/\/www.vanitatis.elconfidencial.com\/casas-reales\/2024-11-22\/letizia-reina-biocultura-jersey-sola-vestida-negro_4008889\/\" target=\"_self\" rel=\"nofollow noopener\">De ah\u00ed que desde entonces los cerca de 300 profesionales<\/a> que trabajan en la marca, junto con decenas de proveedores y f\u00e1bricas, se han unido en un esfuerzo a contrarreloj para minimizar las p\u00e9rdidas y restaurar el normal funcionamiento de la empresa. <\/p>\n<p>               La reina Letizia con pendientes Singularu. (Limited Pictures)             <\/p>\n<p> En concreto, <strong>do\u00f1a Letizia llevaba los pendientes modelo Aro Estella<\/strong>r, hechos en plata de ley 925, con una forma irregular recubierta de circonitas blancas. Su precio en estos momentos es de 24,99 euros, ya que se encuentran rebajados, y est\u00e1n a la venta en la web de la marca. <\/p>\n<p> Con su estilismo, do\u00f1a Letizia ha vuelto a demostrar que combina elegancia y sensibilidad social, apoyando a firmas locales afectadas por la DANA y mostrando una imagen de unidad junto al Rey. Cada elecci\u00f3n de vestuario, cuidadosamente pensada, refuerza no solo su estilo personal, sino tambi\u00e9n el mensaje de cercan\u00eda y compromiso con la sociedad que ambos proyectan en cada acto p\u00fablico. <\/p>\n<p> <strong>Los Reyes no son solo un matrimonio, tambi\u00e9n son un equipo que trabaja unido por el futuro de la Corona.<\/strong> Y eso lo demuestran en muchas ocasiones con sus elecciones de vestuario, como ha ocurrido este mi\u00e9rcoles en<strong> su visita a Valencia,<\/strong> la octava desde la DANA que devast\u00f3 parte de la provincia en 2024. Ambos vestidos con traje, <strong>han apostado por el color vino, la Reina con un nuevo sastre de ese color y el Rey con una corbata. <\/strong> <\/p>\n","protected":false},"excerpt":{"rendered":"Los Reyes no son solo un matrimonio, tambi\u00e9n son un equipo que trabaja unido por el futuro de&hellip;\n","protected":false},"author":2,"featured_media":340370,"comment_status":"","ping_status":"","sticky":false,"template":"","format":"standard","meta":{"footnotes":""},"categories":[174],"tags":[255,146,147,25,24,256,23],"class_list":{"0":"post-340369","1":"post","2":"type-post","3":"status-publish","4":"format-standard","5":"has-post-thumbnail","7":"category-famosos","8":"tag-celebrities","9":"tag-entertainment","10":"tag-entretenimiento","11":"tag-es","12":"tag-espana","13":"tag-famosos","14":"tag-spain"},"share_on_mastodon":{"url":"https:\/\/pubeurope.com\/@es\/115893888763309754","error":""},"_links":{"self":[{"href":"https:\/\/www.europesays.com\/es\/wp-json\/wp\/v2\/posts\/340369","targetHints":{"allow":["GET"]}}],"collection":[{"href":"https:\/\/www.europesays.com\/es\/wp-json\/wp\/v2\/posts"}],"about":[{"href":"https:\/\/www.europesays.com\/es\/wp-json\/wp\/v2\/types\/post"}],"author":[{"embeddable":true,"href":"https:\/\/www.europesays.com\/es\/wp-json\/wp\/v2\/users\/2"}],"replies":[{"embeddable":true,"href":"https:\/\/www.europesays.com\/es\/wp-json\/wp\/v2\/comments?post=340369"}],"version-history":[{"count":0,"href":"https:\/\/www.europesays.com\/es\/wp-json\/wp\/v2\/posts\/340369\/revisions"}],"wp:featuredmedia":[{"embeddable":true,"href":"https:\/\/www.europesays.com\/es\/wp-json\/wp\/v2\/media\/340370"}],"wp:attachment":[{"href":"https:\/\/www.europesays.com\/es\/wp-json\/wp\/v2\/media?parent=340369"}],"wp:term":[{"taxonomy":"category","embeddable":true,"href":"https:\/\/www.europesays.com\/es\/wp-json\/wp\/v2\/categories?post=340369"},{"taxonomy":"post_tag","embeddable":true,"href":"https:\/\/www.europesays.com\/es\/wp-json\/wp\/v2\/tags?post=340369"}],"curies":[{"name":"wp","href":"https:\/\/api.w.org\/{rel}","templated":true}]}}