{"id":340391,"date":"2026-01-14T14:31:22","date_gmt":"2026-01-14T14:31:22","guid":{"rendered":"https:\/\/www.europesays.com\/es\/340391\/"},"modified":"2026-01-14T14:31:22","modified_gmt":"2026-01-14T14:31:22","slug":"ayuntamiento-y-alcaidesa-marina-firman-un-convenio-para-gestionar-una-bolsa-de-empleo-de-hasta-400-puestos-de-trabajo-la-linea-de-la-concepcion","status":"publish","type":"post","link":"https:\/\/www.europesays.com\/es\/340391\/","title":{"rendered":"Ayuntamiento y Alcaidesa Marina firman un convenio para gestionar una bolsa de empleo de hasta 400 puestos de trabajo \u2013 La L\u00ednea de la Concepci\u00f3n"},"content":{"rendered":"<p><img fetchpriority=\"high\" decoding=\"async\" class=\"alignnone size-medium wp-image-34021\" src=\"https:\/\/www.europesays.com\/es\/wp-content\/uploads\/2026\/01\/Presentacion-empleo-300x225.jpeg\" alt=\"\" width=\"300\" height=\"225\"  \/><\/p>\n<p>La nueva zona comercial y de ocio del puerto deportivo prev\u00e9 su apertura entre septiembre y octubre con una inversi\u00f3n superior a los 15 millones de euros<\/p>\n<p>El Ayuntamiento de La L\u00ednea de la Concepci\u00f3n y el puerto deportivo Alcaidesa Marina han suscrito un convenio de colaboraci\u00f3n destinado a canalizar la demanda de empleo para el nuevo parque comercial del puerto deportivo. Este acuerdo permitir\u00e1 la creaci\u00f3n de entre 300 y 400 nuevos puestos de trabajo, cuya gesti\u00f3n inicial se realizar\u00e1 a trav\u00e9s de una plataforma digital habilitada en la web municipal.<br \/>La iniciativa se ha presentado hoy con la presencia de del alcalde, Juan Franco; el director de Alcaidesa Marina, Antonio Valbuena; la concejal delegada de Empleo, Iria Bello, y el director adjunto del puerto, Juan Jos\u00e9 Ruiz.<br \/>Esta idea surge ante la pr\u00f3xima inauguraci\u00f3n del complejo de ocio, restauraci\u00f3n y comercio que el grupo inversor Marinas del Mediterr\u00e1neo desarrolla en la ciudad. El alcalde ha destacado la relevancia de este proyecto para la econom\u00eda local, subrayando que la inversi\u00f3n total superar\u00e1 los 15 millones de euros y atraer\u00e1 a firmas de primer nivel. \u201cSe trata de uno de los focos de creaci\u00f3n de empleo m\u00e1s importantes de los \u00faltimos a\u00f1os en nuestro municipio. Ponemos los medios municipales a disposici\u00f3n de la empresa privada para que nuestros vecinos y vecinas puedan aportar su talento y optar a estos puestos de trabajo\u201d, se\u00f1al\u00f3 Juan Franco.<br \/>El procedimiento para inscribirse ya se encuentra activo en la web municipal, dentro del apartado denominado \u2018<a href=\"https:\/\/lalinea.es\/bolsa-empleo-alcaidesa-marina\/\" rel=\"nofollow noopener\" target=\"_blank\">Bolsa de Empleo<\/a>\u2019. Al acceder, las personas interesadas son redirigidas a un portal espec\u00edfico donde pueden inscribirse seg\u00fan los distintos sectores profesionales ofertados, adjuntando su experiencia, formaci\u00f3n, idiomas y curr\u00edculo. El sistema garantiza el cumplimiento de la normativa vigente en materia de protecci\u00f3n de datos, generando un fichero actualizado que ser\u00e1 remitido peri\u00f3dicamente a la empresa para la selecci\u00f3n final.<br \/>Por su parte, la concejal de Empleo, Iria Bello, ha precisado que el papel de la administraci\u00f3n local es el de informar y facilitar el acceso a la oportunidad laboral, asegurando que nadie quede excluido por falta de informaci\u00f3n. \u201cNuestro objetivo es mejorar la empleabilidad en la ciudad. Los datos registrados llegar\u00e1n al Instituto Municipal de Empleo y Formaci\u00f3n (IMEF) para su gesti\u00f3n y canalizaci\u00f3n, ofreciendo adem\u00e1s orientaci\u00f3n a los ciudadanos que tengan dudas sobre los perfiles demandados\u201d, explic\u00f3 la edil.<br \/>Desde la entidad privada, Antonio Valbuena ha agradecido la implicaci\u00f3n constante del Ayuntamiento, destacando que este proyecto busca generar valor en su entorno m\u00e1s cercano. Seg\u00fan sus palabras, la futura \u00e1rea comercial \u201cno es solo un nuevo espacio de servicios, sino una oportunidad real de empleo. Queremos priorizar el talento local y que este crecimiento vaya acompa\u00f1ado de estabilidad para muchas familias del municipio y de la comarca\u201d.<br \/>El Ayuntamiento reitera que, aunque la selecci\u00f3n final depender\u00e1 exclusivamente de los criterios de las empresas instaladas en el parque comercial, la colaboraci\u00f3n p\u00fablico-privada es la herramienta para garantizar que las oportunidades de empleo reviertan directamente en los residentes de la localidad.<\/p>\n","protected":false},"excerpt":{"rendered":"La nueva zona comercial y de ocio del puerto deportivo prev\u00e9 su apertura entre septiembre y octubre con&hellip;\n","protected":false},"author":2,"featured_media":340392,"comment_status":"","ping_status":"","sticky":false,"template":"","format":"standard","meta":{"footnotes":""},"categories":[5],"tags":[17,18,25,24,13,14,11,19,20,9,10,15,16,23,12,21,22],"class_list":{"0":"post-340391","1":"post","2":"type-post","3":"status-publish","4":"format-standard","5":"has-post-thumbnail","7":"category-titulares","8":"tag-breaking-news","9":"tag-breakingnews","10":"tag-es","11":"tag-espana","12":"tag-featured-news","13":"tag-featurednews","14":"tag-headlines","15":"tag-latest-news","16":"tag-latestnews","17":"tag-news","18":"tag-noticias","19":"tag-noticias-destacadas","20":"tag-noticiasdestacadas","21":"tag-spain","22":"tag-titulares","23":"tag-ultimas-noticias","24":"tag-ultimasnoticias"},"share_on_mastodon":{"url":"","error":""},"_links":{"self":[{"href":"https:\/\/www.europesays.com\/es\/wp-json\/wp\/v2\/posts\/340391","targetHints":{"allow":["GET"]}}],"collection":[{"href":"https:\/\/www.europesays.com\/es\/wp-json\/wp\/v2\/posts"}],"about":[{"href":"https:\/\/www.europesays.com\/es\/wp-json\/wp\/v2\/types\/post"}],"author":[{"embeddable":true,"href":"https:\/\/www.europesays.com\/es\/wp-json\/wp\/v2\/users\/2"}],"replies":[{"embeddable":true,"href":"https:\/\/www.europesays.com\/es\/wp-json\/wp\/v2\/comments?post=340391"}],"version-history":[{"count":0,"href":"https:\/\/www.europesays.com\/es\/wp-json\/wp\/v2\/posts\/340391\/revisions"}],"wp:featuredmedia":[{"embeddable":true,"href":"https:\/\/www.europesays.com\/es\/wp-json\/wp\/v2\/media\/340392"}],"wp:attachment":[{"href":"https:\/\/www.europesays.com\/es\/wp-json\/wp\/v2\/media?parent=340391"}],"wp:term":[{"taxonomy":"category","embeddable":true,"href":"https:\/\/www.europesays.com\/es\/wp-json\/wp\/v2\/categories?post=340391"},{"taxonomy":"post_tag","embeddable":true,"href":"https:\/\/www.europesays.com\/es\/wp-json\/wp\/v2\/tags?post=340391"}],"curies":[{"name":"wp","href":"https:\/\/api.w.org\/{rel}","templated":true}]}}