{"id":340395,"date":"2026-01-14T14:39:15","date_gmt":"2026-01-14T14:39:15","guid":{"rendered":"https:\/\/www.europesays.com\/es\/340395\/"},"modified":"2026-01-14T14:39:15","modified_gmt":"2026-01-14T14:39:15","slug":"la-euroliga-es-nuestra-pasion","status":"publish","type":"post","link":"https:\/\/www.europesays.com\/es\/340395\/","title":{"rendered":"\u201cLa Euroliga es nuestra pasi\u00f3n\u201d"},"content":{"rendered":"<p>\n        <strong>Paolo Galbiati<\/strong> ha comparecido este mi\u00e9rcoles en la previa al<strong> <\/strong>partido de<strong> Euroliga <\/strong>de este jueves ante el<strong> Anadolu Efes.<\/strong> Un encuentro que el <a href=\"https:\/\/www.noticiasdealava.eus\/baskonia\/\" title=\"Kosner Baskonia\" class=\"link copy\" rel=\"nofollow noopener\" target=\"_blank\"><strong>Kosner Baskonia<\/strong><\/a> disputar\u00e1 en Estambul a partir de las 18.30 horas.\n<\/p>\n<p class=\"article-body__text \">\n        Antes que nada, el t\u00e9cnico italiano ha desvelado <strong>la situaci\u00f3n de Markus Howard<\/strong> y si se encuentra disponible para el partido en Turqu\u00eda. \u201c<strong>Howard no va a estar ma\u00f1ana y parece que en el resto de esta semana tampoco.<\/strong> La que viene igual ya est\u00e1 disponible, pero tampoco lo s\u00e9 al 100%. <strong>Vamos a ver si de aqu\u00ed a dos semanas ya vuelve<\/strong>\u201d, ha comentado Galbiati.\n<\/p>\n<p>            <a href=\"https:\/\/www.noticiasdealava.eus\/baskonia\/2026\/01\/09\/howard-perdera-o-tres-partidos-baskonia-10555165.html\" title=\"Howard sufre una lesi\u00f3n muscular leve\" class=\"new__media\" rel=\"nofollow noopener\" target=\"_blank\"><\/p>\n<p>                <img alt=\"Howard sufre una lesi\u00f3n muscular leve\" data-src=\"https:\/\/www.europesays.com\/es\/wp-content\/uploads\/2025\/12\/7d4d3ccf-d002-4284-8e2d-fbd034618de5_16-9-aspect-ratio_default_0_x931y440.jpg\" class=\"lozad\"\/><\/p>\n<p>        <\/a><\/p>\n<p>        <a href=\"https:\/\/www.noticiasdealava.eus\/baskonia\/2026\/01\/09\/howard-perdera-o-tres-partidos-baskonia-10555165.html\" title=\"Howard sufre una lesi\u00f3n muscular leve\" class=\"new__headline\" rel=\"nofollow noopener\" target=\"_blank\"><br \/>\n            Howard sufre una lesi\u00f3n muscular leve<br \/>\n        <\/a><\/p>\n<p class=\"article-body__text \">\n        Cabe recordar que el escolta estadounidense sufre<strong>\u00a0una peque\u00f1a rotura muscular en la zona alta del muslo derecho.<\/strong> Un contratiempo que ya le ha hecho perderse <strong>dos partidos de Euroliga (ante el Bayern y el Asvel)<\/strong> <strong>y uno de ACB (la \u00faltima salida frente al Girona).<\/strong>\n<\/p>\n<p class=\"article-body__text \">\n        Adem\u00e1s, sobre la disponibilidad del resto de jugadores de la plantilla para este duelo, <strong>el entrenador azulgrana ha se\u00f1alado que tienen<\/strong> \u201c<strong>alguna situaci\u00f3n para controlar<\/strong>\u201d<strong>,<\/strong> hecho que resolver\u00e1n tras el \u00faltimo entrenamiento del equipo en Vitoria antes de viajar al pa\u00eds otomano.\n<\/p>\n<p>            <a href=\"https:\/\/www.noticiasdealava.eus\/baskonia\/2026\/01\/13\/trent-forrest-momento-pensar-renovacion-10567481.html\" title=\"Trent Forrest: &quot;A\u00fan no es momento para pensar en mi renovaci\u00f3n&quot;\" class=\"new__media\" rel=\"nofollow noopener\" target=\"_blank\"><\/p>\n<p>                <img alt=\"Trent Forrest: &quot;A\u00fan no es momento para pensar en mi renovaci\u00f3n&quot;\" data-src=\"https:\/\/www.europesays.com\/es\/wp-content\/uploads\/2026\/01\/35196537-43f5-44c5-a531-d9e860f70ff5_16-9-aspect-ratio_default_0_x1170y844.jpg\" class=\"lozad\"\/><\/p>\n<p>        <\/a><\/p>\n<p>        <a href=\"https:\/\/www.noticiasdealava.eus\/baskonia\/2026\/01\/13\/trent-forrest-momento-pensar-renovacion-10567481.html\" title=\"Trent Forrest: &quot;A\u00fan no es momento para pensar en mi renovaci\u00f3n&quot;\" class=\"new__headline\" rel=\"nofollow noopener\" target=\"_blank\"><br \/>\n            Trent Forrest: \u00abA\u00fan no es momento para pensar en mi renovaci\u00f3n\u00bb<br \/>\n        <\/a><\/p>\n<p class=\"article-body__text \">\n        El equipo tiene<strong> la obligaci\u00f3n de sumar su primer triunfo fuera de casa en la Euroliga<\/strong> si quiere seguir con opciones de llegar vivo a las \u00faltimas jornadas en<strong> la lucha por entrar en el <\/strong><strong>play-in.<\/strong> La mala racha en el Viejo Continente lejos de Vitoria se prolonga ya desde hace m\u00e1s de un a\u00f1o para el Kosner Baskonia desde la \u00faltima alegr\u00eda <strong>(el 17 de diciembre de 2024, victoria 85-95 ante el Maccabi).<\/strong>\n<\/p>\n<p class=\"article-body__text \">\n        Sin embargo, Galbiati ha asegurado que esta situaci\u00f3n no es algo que afecte mucho al equipo durante la semana: \u201c<strong>No nos afecta, ya que siempre competimos. Necesitamos ganar, s\u00ed, pero competimos en todas las canchas.<\/strong>\u00a0No es f\u00e1cil, pero tampoco afecta.\u00a0Ayer fue probablemente el mejor entrenamiento del a\u00f1o,\u00a0una sesi\u00f3n muy dura y muy buena\u201d.\n<\/p>\n<p>            <a href=\"https:\/\/www.noticiasdealava.eus\/baskonia\/2026\/01\/12\/kosner-baskonia-primer-bombo-copero-10565249.html\" title=\"El Kosner Baskonia, a por el primer bombo copero\" class=\"new__media\" rel=\"nofollow noopener\" target=\"_blank\"><\/p>\n<p>                <img alt=\"El Kosner Baskonia, a por el primer bombo copero\" data-src=\"https:\/\/www.europesays.com\/es\/wp-content\/uploads\/2026\/01\/d86b326f-4802-412f-a580-d07f0b553782_16-9-aspect-ratio_default_0_x1228y518.jpg\" class=\"lozad\"\/><\/p>\n<p>        <\/a><\/p>\n<p>        <a href=\"https:\/\/www.noticiasdealava.eus\/baskonia\/2026\/01\/12\/kosner-baskonia-primer-bombo-copero-10565249.html\" title=\"El Kosner Baskonia, a por el primer bombo copero\" class=\"new__headline\" rel=\"nofollow noopener\" target=\"_blank\"><br \/>\n            El Kosner Baskonia, a por el primer bombo copero<br \/>\n        <\/a><\/p>\n<p class=\"article-body__text \">\n        Precisamente el Kosner Baskonia ha podido<strong> descansar un poco m\u00e1s de lo habitual<\/strong> en esta semana en la que tan solo habr\u00e1<strong> un doble compromiso<\/strong>, y no una triple cita tal y como viene siendo habitual durante la temporada.\n<\/p>\n<p class=\"article-body__text \">\n        \u201cEl lunes pudimos descansar un poquito, s\u00ed, pero <strong>el martes ya pudimos entrenar que llev\u00e1bamos 10 d\u00edas sin la opci\u00f3n de hacerlo.<\/strong> No hay tres partidos en esta semana, es incre\u00edble, pero finalmente existe\u201d, ha declarado Galbiati visiblemente contento.\n<\/p>\n<p>            <a href=\"https:\/\/www.noticiasdealava.eus\/baskonia\/2026\/01\/13\/barca-refuerza-euroliga-semana-crucial-10568152.html\" title=\"El s\u00ed del Bar\u00e7a refuerza a la Euroliga en una semana crucial\" class=\"new__media\" rel=\"nofollow noopener\" target=\"_blank\"><\/p>\n<p>                <img alt=\"El s\u00ed del Bar\u00e7a refuerza a la Euroliga en una semana crucial\" data-src=\"https:\/\/www.europesays.com\/es\/wp-content\/uploads\/2026\/01\/0f6f06d4-6a83-4cb1-b64a-46987f6870cd_16-9-aspect-ratio_default_0_x2680y1290.jpg\" class=\"lozad\"\/><\/p>\n<p>        <\/a><\/p>\n<p>        <a href=\"https:\/\/www.noticiasdealava.eus\/baskonia\/2026\/01\/13\/barca-refuerza-euroliga-semana-crucial-10568152.html\" title=\"El s\u00ed del Bar\u00e7a refuerza a la Euroliga en una semana crucial\" class=\"new__headline\" rel=\"nofollow noopener\" target=\"_blank\"><br \/>\n            El s\u00ed del Bar\u00e7a refuerza a la Euroliga en una semana crucial<br \/>\n        <\/a><\/p>\n<p>  El talento del Efes<\/p>\n<p class=\"article-body__text \">\n        <strong>Mejorar la defensa<\/strong> ha sido el principal ajuste de estos d\u00edas en los entrenamientos del Kosner Baskonia. El t\u00e9cnico italiano ha comentado que <strong>el Efes es un equipo que <\/strong>\u201c<strong>exige mucho<\/strong>\u201d<strong> en situaciones como el <\/strong><strong>pick-and-roll,<\/strong> y de ah\u00ed su empe\u00f1o en hacer del equipo azulgrana un conjunto m\u00e1s s\u00f3lido, algo que no se est\u00e1 viendo en muchos de los partidos de Euroliga.\n<\/p>\n<p class=\"article-body__text \">\n        \u201c<strong>La defensa es una situaci\u00f3n que no es f\u00e1cil de entrenar cuando apenas tienes entrenamientos para hacerlo<\/strong>\u201d<strong>,<\/strong> ha recalcado un Galbiati que sobre el rival de este jueves no ha dudado en deshacerse en elogios.\n<\/p>\n<p>            <a href=\"https:\/\/www.noticiasdealava.eus\/baskonia\/2026\/01\/11\/galbiati-jugadores-han-dado-baskonia-girona-10561382.html\" title=\"Galbiati: &quot;Mis jugadores lo han dado todo&quot;\" class=\"new__media\" rel=\"nofollow noopener\" target=\"_blank\"><\/p>\n<p>                <img alt=\"Galbiati: &quot;Mis jugadores lo han dado todo&quot;\" data-src=\"https:\/\/www.europesays.com\/es\/wp-content\/uploads\/2026\/01\/55dabd34-fc44-4d21-a418-45bf48037259_16-9-aspect-ratio_default_0.jpg\" class=\"lozad\"\/><\/p>\n<p>        <\/a><\/p>\n<p>        <a href=\"https:\/\/www.noticiasdealava.eus\/baskonia\/2026\/01\/11\/galbiati-jugadores-han-dado-baskonia-girona-10561382.html\" title=\"Galbiati: &quot;Mis jugadores lo han dado todo&quot;\" class=\"new__headline\" rel=\"nofollow noopener\" target=\"_blank\"><br \/>\n            Galbiati: \u00abMis jugadores lo han dado todo\u00bb<br \/>\n        <\/a><\/p>\n<p class=\"article-body__text \">\n        \u201cEs una plantilla con mucho talento. <strong>Probablemente no van a tener a Larkin porque no est\u00e1 al 100%, pero es un equipo con jugadores incre\u00edbles en el per\u00edmetro.\u00a0Saben Lee,<\/strong> su \u00faltimo fichaje, es un jugador con mucho talento. Luego est\u00e1n<strong> Beaubois, Weiler-Babb, Dozier,<\/strong> que tienen un gran f\u00edsico y son muy atl\u00e9ticos.\u00a0Es un equipo muy completo, pero nosotros tenemos nuestras armas\u201d, ha analizado el italiano.\n<\/p>\n<p class=\"article-body__text \">\n        A su vez, al ser cuestionado sobre una leyenda baskonista como <strong>Pablo Laso,<\/strong> Galbiati ha admitido que es<strong> <\/strong>\u201c<strong>todo un honor<\/strong>\u201d<strong> poder enfrentarse a un t\u00e9cnico de la talla del vitoriano.<\/strong>\n<\/p>\n<p>            <a href=\"https:\/\/www.noticiasdealava.eus\/baskonia\/2026\/01\/12\/pablo-laso-pocima-exito-estambul-10565353.html\" title=\"Pablo Laso, sin la p\u00f3cima del \u00e9xito en Estambul\" class=\"new__media\" rel=\"nofollow noopener\" target=\"_blank\"><\/p>\n<p>                <img alt=\"Pablo Laso, sin la p\u00f3cima del \u00e9xito en Estambul\" data-src=\"https:\/\/www.europesays.com\/es\/wp-content\/uploads\/2026\/01\/0c0d314f-5039-46b1-8e3b-9c1f7bad8346_16-9-aspect-ratio_default_0.jpg\" class=\"lozad\"\/><\/p>\n<p>        <\/a><\/p>\n<p>        <a href=\"https:\/\/www.noticiasdealava.eus\/baskonia\/2026\/01\/12\/pablo-laso-pocima-exito-estambul-10565353.html\" title=\"Pablo Laso, sin la p\u00f3cima del \u00e9xito en Estambul\" class=\"new__headline\" rel=\"nofollow noopener\" target=\"_blank\"><br \/>\n            Pablo Laso, sin la p\u00f3cima del \u00e9xito en Estambul<br \/>\n        <\/a><\/p>\n<p class=\"article-body__text \">\n        La salida ante el Efes ser\u00e1 la primera de tres consecutivas en la Euroliga para el Kosner Baskonia, que m\u00e1s tarde <strong>visitar\u00e1 al Panathinaikos el d\u00eda 20 de enero y volver\u00e1 a Estambul para medirse al Fenerbahce el d\u00eda 23<\/strong> de este mismo mes.\n<\/p>\n<p class=\"article-body__text \">\n        \u201cLa Euroliga es nuestro trabajo, <strong>es nuestra pasi\u00f3n. <\/strong>No necesito motivar a los jugadores para ganar en la cancha del Efes, en el Buesa o en cualquier partido. <strong>La motivaci\u00f3n llega sola cuando t\u00fa ves que vas a jugar contra esos jugadores o entrenadores incre\u00edbles que hay en la Euroliga<\/strong>\u201d<strong>,<\/strong> ha respondido Galbiati al ser cuestionado sobre el hecho de si es dif\u00edcil mantener la motivaci\u00f3n con el equipo algo descolgado en la clasificaci\u00f3n.\n<\/p>\n<p>            <a href=\"https:\/\/www.noticiasdealava.eus\/baskonia\/2026\/01\/08\/ultimo-cuarto-le-indigesta-kosner-10552762.html\" title=\"El \u00faltimo cuarto se le indigesta al Kosner Baskonia\" class=\"new__media\" rel=\"nofollow noopener\" target=\"_blank\"><\/p>\n<p>                <img alt=\"El \u00faltimo cuarto se le indigesta al Kosner Baskonia\" data-src=\"https:\/\/www.europesays.com\/es\/wp-content\/uploads\/2026\/01\/50b8d6a5-7451-48ea-bd39-29cb896c9821_16-9-aspect-ratio_default_0_x963y582.jpg\" class=\"lozad\"\/><\/p>\n<p>        <\/a><\/p>\n<p>        <a href=\"https:\/\/www.noticiasdealava.eus\/baskonia\/2026\/01\/08\/ultimo-cuarto-le-indigesta-kosner-10552762.html\" title=\"El \u00faltimo cuarto se le indigesta al Kosner Baskonia\" class=\"new__headline\" rel=\"nofollow noopener\" target=\"_blank\"><br \/>\n            El \u00faltimo cuarto se le indigesta al Kosner Baskonia<br \/>\n        <\/a><\/p>\n<p>  Frisch y Nowell<\/p>\n<p class=\"article-body__text \">\n        En la recta final de su comparecencia, Galbiati ha sido cuestionado sobre<strong> dos jugadores en espec\u00edfico con los que quiz\u00e1 no est\u00e1 contando demasiado<\/strong> durante esta temporada. Estos son <strong>Cl\u00e9ment Frisch y Markquis Nowell,<\/strong> el descarte habitual en la ACB.\n<\/p>\n<p class=\"article-body__text \">\n        Sobre el ala-p\u00edvot franc\u00e9s, que complet\u00f3 <strong>una gran actuaci\u00f3n en el \u00faltimo duelo ante el Girona con 19 puntos y 8 rebotes,<\/strong> el entrenador del Kosner Baskonia ha se\u00f1alado: \u201cNo pienso que est\u00e9 faltando en la rotaci\u00f3n.<strong> Es joven, tiene 24 a\u00f1os y es un <\/strong><strong>rookie <\/strong><strong>para cada Copa<\/strong>\u201d<strong>.<\/strong>\n<\/p>\n<p>            <a href=\"https:\/\/www.noticiasdealava.eus\/baskonia\/2026\/01\/11\/1x1-kosner-baskonia-girona-mejor-10561212.html\" title=\"El 1x1 del Kosner Baskonia en Girona: La mejor tarde de Frisch\" class=\"new__media\" rel=\"nofollow noopener\" target=\"_blank\"><\/p>\n<p>                <img alt=\"El 1x1 del Kosner Baskonia en Girona: La mejor tarde de Frisch\" data-src=\"https:\/\/www.europesays.com\/es\/wp-content\/uploads\/2026\/01\/018bfc5d-1abc-4dbc-9d33-8d26127bba13_16-9-aspect-ratio_default_0.jpg\" class=\"lozad\"\/><\/p>\n<p>        <\/a><\/p>\n<p>        <a href=\"https:\/\/www.noticiasdealava.eus\/baskonia\/2026\/01\/11\/1x1-kosner-baskonia-girona-mejor-10561212.html\" title=\"El 1x1 del Kosner Baskonia en Girona: La mejor tarde de Frisch\" class=\"new__headline\" rel=\"nofollow noopener\" target=\"_blank\"><br \/>\n            El 1&#215;1 del Kosner Baskonia en Girona: La mejor tarde de Frisch<br \/>\n        <\/a><\/p>\n<p class=\"article-body__text \">\n        A\u00fan menos espec\u00edfico ha sido al ser cuestionado sobre el peque\u00f1o base estadounidense.<strong> Sin querer entrar en valorarle individualmente,<\/strong> Galbiati ha concluido una vez m\u00e1s asegurando que \u201c<strong>todos los jugadores son importantes<\/strong>\u201d para \u00e9l, recalcando adem\u00e1s que es una frase que ha dicho desde el primer d\u00eda.<\/p>\n","protected":false},"excerpt":{"rendered":"Paolo Galbiati ha comparecido este mi\u00e9rcoles en la previa al partido de Euroliga de este jueves ante el&hellip;\n","protected":false},"author":2,"featured_media":340396,"comment_status":"","ping_status":"","sticky":false,"template":"","format":"standard","meta":{"footnotes":""},"categories":[269],"tags":[299,298,4714,168,25,24,833,17490,13511,22611,23,167],"class_list":{"0":"post-340395","1":"post","2":"type-post","3":"status-publish","4":"format-standard","5":"has-post-thumbnail","7":"category-baloncesto","8":"tag-baloncesto","9":"tag-basketball","10":"tag-baskonia","11":"tag-deportes","12":"tag-es","13":"tag-espana","14":"tag-euroliga","15":"tag-galbiati","16":"tag-pasion","17":"tag-previa","18":"tag-spain","19":"tag-sports"},"share_on_mastodon":{"url":"https:\/\/pubeurope.com\/@es\/115893971535459367","error":""},"_links":{"self":[{"href":"https:\/\/www.europesays.com\/es\/wp-json\/wp\/v2\/posts\/340395","targetHints":{"allow":["GET"]}}],"collection":[{"href":"https:\/\/www.europesays.com\/es\/wp-json\/wp\/v2\/posts"}],"about":[{"href":"https:\/\/www.europesays.com\/es\/wp-json\/wp\/v2\/types\/post"}],"author":[{"embeddable":true,"href":"https:\/\/www.europesays.com\/es\/wp-json\/wp\/v2\/users\/2"}],"replies":[{"embeddable":true,"href":"https:\/\/www.europesays.com\/es\/wp-json\/wp\/v2\/comments?post=340395"}],"version-history":[{"count":0,"href":"https:\/\/www.europesays.com\/es\/wp-json\/wp\/v2\/posts\/340395\/revisions"}],"wp:featuredmedia":[{"embeddable":true,"href":"https:\/\/www.europesays.com\/es\/wp-json\/wp\/v2\/media\/340396"}],"wp:attachment":[{"href":"https:\/\/www.europesays.com\/es\/wp-json\/wp\/v2\/media?parent=340395"}],"wp:term":[{"taxonomy":"category","embeddable":true,"href":"https:\/\/www.europesays.com\/es\/wp-json\/wp\/v2\/categories?post=340395"},{"taxonomy":"post_tag","embeddable":true,"href":"https:\/\/www.europesays.com\/es\/wp-json\/wp\/v2\/tags?post=340395"}],"curies":[{"name":"wp","href":"https:\/\/api.w.org\/{rel}","templated":true}]}}