{"id":340399,"date":"2026-01-14T14:41:11","date_gmt":"2026-01-14T14:41:11","guid":{"rendered":"https:\/\/www.europesays.com\/es\/340399\/"},"modified":"2026-01-14T14:41:11","modified_gmt":"2026-01-14T14:41:11","slug":"lucia-rivera-felicita-a-su-padre-terremoto-con-una-foto-inedita-de-su-infancia","status":"publish","type":"post","link":"https:\/\/www.europesays.com\/es\/340399\/","title":{"rendered":"Luc\u00eda Rivera felicita a su \u00abpadre terremoto\u00bb con una foto in\u00e9dita de su infancia"},"content":{"rendered":"<p id=\"erUhzBsSjw\" data-wc=\"92\"><strong>Cayetano Rivera<\/strong> cumpli\u00f3 49 a\u00f1os el 13 de enero y una de las felicitaciones m\u00e1s especiales que recibi\u00f3, <a class=\"hm-link ho-link\" href=\"https:\/\/www.hola.com\/actualidad\/20260113877613\/la-carta-de-kiko-rivera-a-su-hermano-cayetano-por-su-cumple-y-la-reaccion-de-lucia-rivera\/\" data-mrf-recirculation=\"article-body-link\" rel=\"nofollow noopener\" target=\"_blank\">adem\u00e1s de la de su hermano Kiko<\/a>, fue la de <strong>su hija Luc\u00eda<\/strong>. \u00ab<strong>Feliz cumple, padre terremoto. Todav\u00eda pareces un ni\u00f1o<\/strong>\u00ab, escribi\u00f3 junto a esta foto en blanco y negro que refleja la infancia tan feliz que tuvo la modelo al lado del torero. Cayetano no dud\u00f3 en compartir la publicaci\u00f3n de su hijo en sus propias redes sociales junto a un coraz\u00f3n, demostrando la bonita relaci\u00f3n que existe entre ellos en estos momentos.<\/p>\n<p> <img src=\"https:\/\/www.europesays.com\/es\/wp-content\/uploads\/2026\/01\/fc6798d37434-cayetano-lucia.jpg\"   width=\"1024\" height=\"852\" loading=\"lazy\" decoding=\"async\" alt=\"La felicitaci\u00f3n de cumplea\u00f1os de Luc\u00eda Rivera a su padre Cayetano \" fetchpriority=\"auto\" class=\"image ho-image\"\/>\u00a9 luciariveraromeroLa felicitaci\u00f3n de cumplea\u00f1os de Luc\u00eda Rivera a su padre Cayetano <\/p>\n<p id=\"eQlgg2NjFb\" data-wc=\"96\">Luc\u00eda ten\u00eda solo tres a\u00f1os cuando su madre, la modelo y actriz <strong>Blanca Romero<\/strong>, comenz\u00f3 a salir con Cayetano. Desde el primer momento, la ni\u00f1a encontr\u00f3 en \u00e9l una figura paterna y, tras la boda, el torero la adopt\u00f3 legalmente. Desde entonces, Luc\u00eda pas\u00f3 a llevar el apellido Rivera y, aunque su relaci\u00f3n no siempre ha sido lineal, ambos han demostrado en numerosas ocasiones el cari\u00f1o que se tienen. La m\u00e1s reciente fue cuando\u00a0<a class=\"hm-link ho-link\" href=\"https:\/\/www.hola.com\/actualidad\/20251219873996\/asi-demuestra-cayetano-rivera-su-orgullo-por-la-portada-de-lucia-rivera-en-fashion-te-sorprendera\/\" data-mrf-recirculation=\"article-body-link\" rel=\"nofollow noopener\" target=\"_blank\">Cayetano demostr\u00f3 su orgullo por la portada de su hija en la revista FASHION<\/a>\u00a0con uno de sus talentos ocultos: el dibujo.\u00a0<\/p>\n<p> <img src=\"https:\/\/www.europesays.com\/es\/wp-content\/uploads\/2026\/01\/7eb7f7093dae-cayetanorivera.jpg\"   width=\"576\" height=\"1024\" loading=\"lazy\" decoding=\"async\" alt=\"Media Image\" fetchpriority=\"auto\" class=\"image ho-image\"\/>\u00a9 cayetanorivera<\/p>\n<p id=\"eFfju9vIPoC\" data-wc=\"45\">\u00ab<a class=\"hm-link ho-link\" href=\"https:\/\/www.hola.com\/actualidad\/20250721845515\/las-sorprendentes-palabras-de-lucia-rivera-sobre-cayetano-rivera\/\" data-mrf-recirculation=\"article-body-link\" rel=\"nofollow noopener\" target=\"_blank\">Mi padre es como mi hermano mayor<\/a>\u00ab, asegur\u00f3 Luc\u00eda en el programa Ra\u00edces, presentado por Isabel Jim\u00e9nez, destacando que, para ella, \u00ab<strong>mis padres son mis abuelos<\/strong>\u00ab. Tambi\u00e9n explic\u00f3 que le cuenta todo al torero, aunque \u00abcon cuidado\u00bb. \u00ab<strong>A lo mejor lo adorno un poquito<\/strong>\u00ab, brome\u00f3.\u00a0<\/p>\n<p> <img src=\"https:\/\/www.europesays.com\/es\/wp-content\/uploads\/2026\/01\/f6559e76241b-gettyimages-2212764415.jpg\"   width=\"1080\" height=\"1080\" loading=\"lazy\" decoding=\"async\" alt=\"Media Image\" fetchpriority=\"auto\" class=\"image ho-image\"\/>\u00a9 Europa Press<\/p>\n<p id=\"eumr30yzfIN\" data-wc=\"79\">Blanca, por su parte, asegur\u00f3 en el mismo programa que <a class=\"hm-link ho-link\" href=\"https:\/\/www.hola.com\/actualidad\/20231125352843\/cayetano-lucia-rivera-sevilla-viaje-padre-hija\/\" data-mrf-recirculation=\"article-body-link\" rel=\"nofollow noopener\" target=\"_blank\">Cayetano \u00absali\u00f3 con nota sobresaliente\u00bb como padre<\/a>, ya que <a class=\"hm-link ho-link\" href=\"https:\/\/www.hola.com\/actualidad\/2015081280412\/blanca-romero-lucia-revista-hola\/\" data-mrf-recirculation=\"article-body-link\" rel=\"nofollow noopener\" target=\"_blank\">el padre biol\u00f3gico de su hija<\/a> no quiso hacerse cargo de ella. \u00abLuc\u00eda no tuvo la suerte de tener un padre que la quisiera, comprometido, que fuera guay y que me ayudara a mantenerla\u00bb, confes\u00f3 la actriz. Por eso, respeta profundamente el v\u00ednculo que existe entre Cayetano y la joven. \u00ab<strong>Siguen teniendo relaci\u00f3n, no me meto. No me interesa<\/strong>\u00ab, afirm\u00f3.<\/p>\n<p> <img src=\"https:\/\/www.europesays.com\/es\/wp-content\/uploads\/2026\/01\/b69b8d49cd4d-dla00055064001.jpg\"   width=\"1080\" height=\"1800\" loading=\"lazy\" decoding=\"async\" alt=\"Blanca Romero pasea por las calles de Madrid junto a su hija Luc\u00eda, en carrito, y su entonces marido, el torero Cayetano Rivera Ord\u00f3\u00f1ez (Madrid, 07\/12\/2001) \" fetchpriority=\"auto\" class=\"image ho-image\"\/>\u00a9 GTRESBlanca Romero pasea por las calles de Madrid junto a su hija Luc\u00eda y su entonces marido, Cayetano Rivera (Madrid, 07\/12\/2001) <\/p>\n<p id=\"ekcIlROkqc\" data-wc=\"129\">Aunque la relaci\u00f3n de Cayetano y Luc\u00eda se enfri\u00f3 cuando el diestro estuvo casado con <strong>Eva Gonz\u00e1lez<\/strong>, actualmente padre e hija pasan m\u00e1s tiempo juntos, disfrutando de aficiones en com\u00fan como la moda o el tenis. \u00abS\u00e9 que al principio y a su manera, mi padre luch\u00f3 por m\u00ed. Y como era de esperar, rehizo su vida con una mujer, quien, al principio, para mi disgusto, solo disimul\u00f3 su desagrado hacia m\u00ed\u00bb, se\u00f1al\u00f3 Luc\u00eda en su libro, Nada es lo que parece, refiri\u00e9ndose a la presentadora de La Voz. \u00bbAunque he crecido encerrada en el qu\u00e9 dir\u00e1n, he comprendido que todos, hasta la ya exmujer de mi padre, de la que incomprensiblemente me habr\u00eda gustado recibir alguna migaja de cari\u00f1o, lo han hecho lo mejor que han podido\u00bb, a\u00f1adi\u00f3.<\/p>\n","protected":false},"excerpt":{"rendered":"Cayetano Rivera cumpli\u00f3 49 a\u00f1os el 13 de enero y una de las felicitaciones m\u00e1s especiales que recibi\u00f3,&hellip;\n","protected":false},"author":2,"featured_media":340400,"comment_status":"","ping_status":"","sticky":false,"template":"","format":"standard","meta":{"footnotes":""},"categories":[174],"tags":[517,1393,255,146,147,25,24,256,39789,23],"class_list":{"0":"post-340399","1":"post","2":"type-post","3":"status-publish","4":"format-standard","5":"has-post-thumbnail","7":"category-famosos","8":"tag-actualidad","9":"tag-cayetano-rivera","10":"tag-celebrities","11":"tag-entertainment","12":"tag-entretenimiento","13":"tag-es","14":"tag-espana","15":"tag-famosos","16":"tag-lucia-rivera","17":"tag-spain"},"share_on_mastodon":{"url":"https:\/\/pubeurope.com\/@es\/115893979291943801","error":""},"_links":{"self":[{"href":"https:\/\/www.europesays.com\/es\/wp-json\/wp\/v2\/posts\/340399","targetHints":{"allow":["GET"]}}],"collection":[{"href":"https:\/\/www.europesays.com\/es\/wp-json\/wp\/v2\/posts"}],"about":[{"href":"https:\/\/www.europesays.com\/es\/wp-json\/wp\/v2\/types\/post"}],"author":[{"embeddable":true,"href":"https:\/\/www.europesays.com\/es\/wp-json\/wp\/v2\/users\/2"}],"replies":[{"embeddable":true,"href":"https:\/\/www.europesays.com\/es\/wp-json\/wp\/v2\/comments?post=340399"}],"version-history":[{"count":0,"href":"https:\/\/www.europesays.com\/es\/wp-json\/wp\/v2\/posts\/340399\/revisions"}],"wp:featuredmedia":[{"embeddable":true,"href":"https:\/\/www.europesays.com\/es\/wp-json\/wp\/v2\/media\/340400"}],"wp:attachment":[{"href":"https:\/\/www.europesays.com\/es\/wp-json\/wp\/v2\/media?parent=340399"}],"wp:term":[{"taxonomy":"category","embeddable":true,"href":"https:\/\/www.europesays.com\/es\/wp-json\/wp\/v2\/categories?post=340399"},{"taxonomy":"post_tag","embeddable":true,"href":"https:\/\/www.europesays.com\/es\/wp-json\/wp\/v2\/tags?post=340399"}],"curies":[{"name":"wp","href":"https:\/\/api.w.org\/{rel}","templated":true}]}}