{"id":340414,"date":"2026-01-14T14:51:10","date_gmt":"2026-01-14T14:51:10","guid":{"rendered":"https:\/\/www.europesays.com\/es\/340414\/"},"modified":"2026-01-14T14:51:10","modified_gmt":"2026-01-14T14:51:10","slug":"candelaria-presenta-su-nueva-unidad-de-drones-de-proteccion-civil-tras-una-inversion-de-casi-30-000-euros-candelaria","status":"publish","type":"post","link":"https:\/\/www.europesays.com\/es\/340414\/","title":{"rendered":"Candelaria presenta su nueva Unidad de Drones de Protecci\u00f3n Civil tras una inversi\u00f3n de casi 30.000 euros \u2013 Candelaria"},"content":{"rendered":"<p>    <img width=\"2560\" height=\"1920\" src=\"https:\/\/www.europesays.com\/es\/wp-content\/uploads\/2026\/01\/WhatsApp-Image-2026-01-14-at-13.20.05-scaled.jpeg\" class=\"aligncenter wp-post-image\" alt=\"\" decoding=\"async\" fetchpriority=\"high\"\/>\t\t<\/p>\n<p>El Ayuntamiento de Candelaria ha presentado hoy la nueva Unidad de Drones de la Agrupaci\u00f3n de Protecci\u00f3n Civil del municipio, un recurso pionero que refuerza de forma notable la capacidad de respuesta ante emergencias, labores de b\u00fasqueda y situaciones de riesgo.<\/p>\n<p>El acto cont\u00f3 con la presencia de la alcaldesa de Candelaria, Mari Brito; el concejal de Seguridad y Emergencias, Francisco Alonso; el jefe de la Agrupaci\u00f3n de Protecci\u00f3n Civil, Miguel Tremps, as\u00ed como varias personas voluntarias que integran este nuevo equipo especializado.<\/p>\n<p>La puesta en marcha de esta unidad ha sido posible gracias a una inversi\u00f3n municipal cercana a los 30.000 euros, destinada tanto a la formaci\u00f3n como al equipamiento. El personal voluntario ha recibido cursos certificados y especializados en el uso y manejo de drones, normativa aeron\u00e1utica y pr\u00e1cticas de pilotaje, adem\u00e1s de la adquisici\u00f3n de dos drones profesionales adaptados a tareas de emergencia.<\/p>\n<p>La alcaldesa, Mari Brito, destac\u00f3 que \u201cesta unidad supone un salto cualitativo en la protecci\u00f3n y seguridad de nuestro municipio. Apostamos por una Protecci\u00f3n Civil m\u00e1s preparada, m\u00e1s moderna y con m\u00e1s herramientas para salvar vidas y actuar con rapidez cuando cada minuto cuenta\u201d. Por su parte, el concejal de Seguridad y Emergencias, Francisco Alonso, subray\u00f3 que \u201cesta inversi\u00f3n no solo dota a la Agrupaci\u00f3n de nuevos medios t\u00e9cnicos, sino que reconoce el enorme compromiso de nuestras personas voluntarias, que se han formado con rigor para ofrecer un servicio profesional y seguro a la ciudadan\u00eda\u201d.<\/p>\n<p>El jefe de la Agrupaci\u00f3n, Miguel Tremps, se\u00f1al\u00f3 que \u201cla Unidad de Drones nos abre un abanico enorme de posibilidades en tareas de b\u00fasqueda, reconocimiento de terreno y apoyo en emergencias. Es un avance que nos permitir\u00e1 llegar antes, ver mejor y actuar con mayor eficacia\u201d.<\/p>\n<p>La Unidad de Drones permitir\u00e1 mejorar de forma significativa la seguridad en el municipio, facilitando la localizaci\u00f3n de personas en situaciones de b\u00fasqueda, la evaluaci\u00f3n r\u00e1pida de zonas de dif\u00edcil acceso, el apoyo en incendios, inundaciones o desprendimientos, as\u00ed como la supervisi\u00f3n preventiva en eventos multitudinarios o espacios naturales.<\/p>\n<p>Con esta iniciativa, el Ayuntamiento de Candelaria reafirma su compromiso con la seguridad, la innovaci\u00f3n y el fortalecimiento de los servicios de emergencia, poniendo la tecnolog\u00eda al servicio de las personas.<\/p>\n","protected":false},"excerpt":{"rendered":"El Ayuntamiento de Candelaria ha presentado hoy la nueva Unidad de Drones de la Agrupaci\u00f3n de Protecci\u00f3n Civil&hellip;\n","protected":false},"author":2,"featured_media":340415,"comment_status":"","ping_status":"","sticky":false,"template":"","format":"standard","meta":{"footnotes":""},"categories":[80],"tags":[82,95,94,25,24,23],"class_list":{"0":"post-340414","1":"post","2":"type-post","3":"status-publish","4":"format-standard","5":"has-post-thumbnail","7":"category-economia","8":"tag-business","9":"tag-economia","10":"tag-economy","11":"tag-es","12":"tag-espana","13":"tag-spain"},"share_on_mastodon":{"url":"https:\/\/pubeurope.com\/@es\/115894018658741103","error":""},"_links":{"self":[{"href":"https:\/\/www.europesays.com\/es\/wp-json\/wp\/v2\/posts\/340414","targetHints":{"allow":["GET"]}}],"collection":[{"href":"https:\/\/www.europesays.com\/es\/wp-json\/wp\/v2\/posts"}],"about":[{"href":"https:\/\/www.europesays.com\/es\/wp-json\/wp\/v2\/types\/post"}],"author":[{"embeddable":true,"href":"https:\/\/www.europesays.com\/es\/wp-json\/wp\/v2\/users\/2"}],"replies":[{"embeddable":true,"href":"https:\/\/www.europesays.com\/es\/wp-json\/wp\/v2\/comments?post=340414"}],"version-history":[{"count":0,"href":"https:\/\/www.europesays.com\/es\/wp-json\/wp\/v2\/posts\/340414\/revisions"}],"wp:featuredmedia":[{"embeddable":true,"href":"https:\/\/www.europesays.com\/es\/wp-json\/wp\/v2\/media\/340415"}],"wp:attachment":[{"href":"https:\/\/www.europesays.com\/es\/wp-json\/wp\/v2\/media?parent=340414"}],"wp:term":[{"taxonomy":"category","embeddable":true,"href":"https:\/\/www.europesays.com\/es\/wp-json\/wp\/v2\/categories?post=340414"},{"taxonomy":"post_tag","embeddable":true,"href":"https:\/\/www.europesays.com\/es\/wp-json\/wp\/v2\/tags?post=340414"}],"curies":[{"name":"wp","href":"https:\/\/api.w.org\/{rel}","templated":true}]}}