{"id":340420,"date":"2026-01-14T14:54:20","date_gmt":"2026-01-14T14:54:20","guid":{"rendered":"https:\/\/www.europesays.com\/es\/340420\/"},"modified":"2026-01-14T14:54:20","modified_gmt":"2026-01-14T14:54:20","slug":"mariona-viader-y-javier-h-estrada-designados-como-codirectores-de-la-71a-edicion-de-seminci","status":"publish","type":"post","link":"https:\/\/www.europesays.com\/es\/340420\/","title":{"rendered":"Mariona Viader y Javier H. Estrada, designados como codirectores de la 71\u00aa edici\u00f3n de SEMINCI"},"content":{"rendered":"<p>Descripci\u00f3n<\/p>\n<ul>\n<li class=\" cmAlignjustify\">La decisi\u00f3n del alcalde, <strong>Jes\u00fas Julio Carnero<\/strong>, ha sido avalada por el Consejo Rector de la Fundaci\u00f3n Municipal de Cultura, y anunciada hoy por la concejala de Turismo, Eventos y Marca Ciudad del Ayuntamiento de Valladolid, Blanca Jim\u00e9nez Cuadrillero.<\/li>\n<li class=\" cmAlignjustify\">El Ayuntamiento de Valladolid convocar\u00e1 pr\u00f3ximamente un concurso p\u00fablico para elegir al director que liderar\u00e1 el festival en 2027<\/li>\n<\/ul>\n<p class=\"cmParagraph cmAlignjustify\">La Semana Internacional de Cine de Valladolid (Seminci) mantendr\u00e1 en su 71\u00aa edici\u00f3n el esp\u00edritu y las l\u00edneas maestras del proyecto desarrollado por su recientemente fallecido director, <strong>Jos\u00e9 Luis Cienfuegos. <\/strong>Hasta que se resuelva el concurso p\u00fablico para la elecci\u00f3n de una nueva direcci\u00f3n, cuya convocatoria se realizar\u00e1 pr\u00f3ximamente, la actual coordinadora general, <strong>Mariona Viader,<\/strong> y el jefe de programaci\u00f3n, <strong>Javier H. Estrada,<\/strong> codirigir\u00e1n la 71\u00aa edici\u00f3n de Seminci, que se celebrar\u00e1 del 23 al 31 de octubre de 2026.<\/p>\n<p class=\"cmParagraph cmAlignjustify\">La decisi\u00f3n del alcalde, <strong>Jes\u00fas Julio Carnero<\/strong>, ha sido avalada por el Consejo Rector de la Fundaci\u00f3n Municipal de Cultura, y anunciada hoy por la concejala de Turismo, Eventos y Marca Ciudad del Ayuntamiento de Valladolid, <strong>Blanca Jim\u00e9nez Cuadrillero. <\/strong>A la vez que se produc\u00eda la reuni\u00f3n extraordinaria del consejo rector el alcalde ha recibido al equipo de Seminci para valorar el futuro del festival en esta nueva etapa. El objetivo es garantizarla continuidad y estabilidad organizativa y art\u00edstica del certamen, que, en los \u00faltimos tres a\u00f1os, seg\u00fan ha destacado la concejala \u00abha alcanzado nuevas cotas de notoriedad, conseguido cifras notables y abierto una nueva forma de entender Seminci que creemos debe seguir en el futuro\u00bb.<\/p>\n<p class=\"cmParagraph cmAlignjustify\">Ambos profesionales han formado parte del equipo creativo y organizativo de Jos\u00e9 Luis Cienfuegos desde que asumi\u00f3 la direcci\u00f3n de Seminci en 2023, tras trabajar tambi\u00e9n con \u00e9l en el Festival de Cine de Sevilla desde 2013 y 2017, respectivamente. Estrada es, asimismo, docente, cr\u00edtico de cine y miembro del Consejo de Redacci\u00f3n de la revista Caim\u00e1n. Cuadernos de Cine. Ha sido cofundador y jefe de programaci\u00f3n de FILMADRID, miembro del comit\u00e9 de selecci\u00f3n de DocumentaMadrid y del Festival Internacional de Cortometrajes de Oberhausen. Mariona Viader, por su parte, cuenta con una s\u00f3lida trayectoria en la gesti\u00f3n de festivales de cine, colaborando en la planificaci\u00f3n y ejecuci\u00f3n de los European Film Awards 2018, entre otros eventos, adem\u00e1s de impulsar especialmente la participaci\u00f3n de los festivales en redes europeas.<\/p>\n<p class=\"cmParagraph cmAlignjustify\">\u00abNo creemos que haya una mejor manera de darle continuidad al festival en esta nueva etapa que de la mano del propio equipo que ha hecho posible la progresi\u00f3n de Seminci en las tres \u00faltimas ediciones de las que nos sentimos realmente orgullosos\u00bb, ha asegurado Blanca Jim\u00e9nez Cuadrillero. \u00abEl festival est\u00e1 en buenas manos y lo que est\u00e9 por llegar es la continuidad de un proyecto tan exitoso como el que ven\u00edamos disfrutando hasta ahora\u00bb, ha a\u00f1adido la concejala.<\/p>\n<p class=\"cmParagraph cmAlignjustify\">\u00abAsumimos esta codirecci\u00f3n desde el cari\u00f1o y la admiraci\u00f3n hacia Jos\u00e9 Luis Cienfuegos, con un profundo respeto a Seminci, al Ayuntamiento, a las instituciones y patrocinadores que la apoyan, a la ciudad y al p\u00fablico de Valladolid. Nuestra propuesta es que Seminci siga adelante desde la continuidad y el respeto al legado de Cienfuegos\u00bb, ha admitido Mariona Viader, a\u00f1adiendo que ambos codirectores son plenamente conscientes de la complejidad de su labor debido al \u00abcar\u00e1cter insustituible de la figura de Jos\u00e9 Luis Cienfuegos\u00bb. Ha declarado, asimismo, su confianza en el equipo estable del festival para que este siga funcionando con \u00abnormalidad, solidez y ambici\u00f3n\u00bb, as\u00ed como en las empresas adjudicatarias y sus equipos humanos, \u00abque son tambi\u00e9n parte de Seminci, contribuyendo de manera decisiva, mediante su profesionalidad, implicaci\u00f3n y conocimiento del proyecto, a su desarrollo y al mantenimiento del nivel de exigencia que lo caracteriza\u00bb.<\/p>\n<p class=\"cmParagraph cmAlignjustify\">Javier H. Estrada, que asumir\u00e1 labores de direcci\u00f3n sin abandonar la programaci\u00f3n, ha confirmado que el equipo de selecci\u00f3n de pel\u00edculas en la 71\u00aa edici\u00f3n seguir\u00e1 formado por los profesionales que lo han consolidado en los \u00faltimos a\u00f1os: <strong>Jose Cabrera, Andreea P\u0103tru, Eul\u00e0lia Iglesias, Carolina Mart\u00ednez y \u00c1lvaro Arroba.<\/strong> \u00abNuestro objetivo es crear una edici\u00f3n siguiendo los mismos criterios de Jos\u00e9 Luis Cienfuegos, quien ha sido el mejor director de festivales de cine: ambiciosa, abierta en lo geogr\u00e1fico, en las perspectivas cinematogr\u00e1ficas, s\u00f3lida y al mismo tiempo imprevisible. Porque Seminci debe ser un lugar para sorpresas y revelaciones, a la vez que acogedor, c\u00e1lido y extremadamente humano, manteniendo el car\u00e1cter que hist\u00f3ricamente identifica al festival como pilar del cine de autor internacional\u00bb, ha asegurado Estrada.<\/p>\n<p class=\"cmParagraph cmAlignjustify\">Mariona Viader ha recordado que Cienfuegos defend\u00eda que \u00ablos festivales de cine van m\u00e1s all\u00e1 de programar pel\u00edculas; son lugares de encuentro, conversaci\u00f3n, disfrute y comunidad\u00bb. Y esta convicci\u00f3n ser\u00e1 la que mantendr\u00e1 el equipo directivo en la 71\u00aa edici\u00f3n.<\/p>\n<p class=\"cmParagraph cmAlignjustify\"><strong>Referente internacional del cine de autor<\/strong><\/p>\n<p class=\"cmParagraph cmAlignjustify\">El proyecto de Jos\u00e9 Luis Cienfuegos al frente de la Semana Internacional de Cine de Valladolid se ha caracterizado por una identidad autoral clara y coherente, basada en la defensa del cine de autor contempor\u00e1neo y de las miradas personales y arriesgadas. Bajo su direcci\u00f3n, Seminci reforz\u00f3 su vocaci\u00f3n internacional, consolid\u00e1ndose como un espacio de descubrimiento de cineastas, acompa\u00f1ado de un compromiso constante con un cine atento a la realidad social y pol\u00edtica.<\/p>\n<p class=\"cmParagraph cmAlignjustify\">La propuesta destac\u00f3, asimismo, por el rigor y la coherencia de su programaci\u00f3n, articulada en secciones bien definidas y sostenidas por un criterio editorial reconocible, que favorec\u00eda el di\u00e1logo entre las pel\u00edculas y el contexto del festival. Todo ello se apoy\u00f3 en una relaci\u00f3n cercana con el p\u00fablico, concebido como parte activa del certamen, mediante coloquios, encuentros y espacios de reflexi\u00f3n que reforzaron el car\u00e1cter accesible y pedag\u00f3gico de Seminci.<\/p>\n<p class=\"cmParagraph cmAlignjustify\">Este equilibrio entre tradici\u00f3n y renovaci\u00f3n permiti\u00f3 preservar la identidad hist\u00f3rica del festival como referente del cine de calidad, al tiempo que se abr\u00eda a nuevas narrativas, formatos y generaciones de cineastas, consolidando a Seminci como un festival con personalidad propia y reconocimiento internacional.<\/p>\n<p class=\"cmParagraph cmAlignjustify\">El Ayuntamiento reafirma de este modo su compromiso con el legado de Jos\u00e9 Luis Cienfuegos y con una Seminci \u00abcoherente, s\u00f3lida y reconocible\u00bb, mientras se abre un proceso transparente para definir su futura direcci\u00f3n art\u00edstica, que se incorporar\u00e1 en 2027, en la 72\u00aa edici\u00f3n, \u00aben condiciones de estabilidad\u00bb, seg\u00fan ha asegurado la concejala.<\/p>\n","protected":false},"excerpt":{"rendered":"Descripci\u00f3n La decisi\u00f3n del alcalde, Jes\u00fas Julio Carnero, ha sido avalada por el Consejo Rector de la Fundaci\u00f3n&hellip;\n","protected":false},"author":2,"featured_media":340421,"comment_status":"","ping_status":"","sticky":false,"template":"","format":"standard","meta":{"footnotes":""},"categories":[5],"tags":[4115,4109,249,1250,17,18,4107,4114,777,4110,25,24,13,14,260,11,19,20,4108,9,4112,10,15,16,4111,4116,4113,23,12,21,22,1607],"class_list":{"0":"post-340420","1":"post","2":"type-post","3":"status-publish","4":"format-standard","5":"has-post-thumbnail","7":"category-titulares","8":"tag-agendas","9":"tag-alcaldia","10":"tag-ayudas","11":"tag-ayuntamiento","12":"tag-breaking-news","13":"tag-breakingnews","14":"tag-castilla","15":"tag-centros","16":"tag-ciudad","17":"tag-corporacion","18":"tag-es","19":"tag-espana","20":"tag-featured-news","21":"tag-featurednews","22":"tag-gente","23":"tag-headlines","24":"tag-latest-news","25":"tag-latestnews","26":"tag-leon","27":"tag-news","28":"tag-normativas","29":"tag-noticias","30":"tag-noticias-destacadas","31":"tag-noticiasdestacadas","32":"tag-presupuestos","33":"tag-publicaciones","34":"tag-servicios","35":"tag-spain","36":"tag-titulares","37":"tag-ultimas-noticias","38":"tag-ultimasnoticias","39":"tag-valladolid"},"share_on_mastodon":{"url":"https:\/\/pubeurope.com\/@es\/115894030341878552","error":""},"_links":{"self":[{"href":"https:\/\/www.europesays.com\/es\/wp-json\/wp\/v2\/posts\/340420","targetHints":{"allow":["GET"]}}],"collection":[{"href":"https:\/\/www.europesays.com\/es\/wp-json\/wp\/v2\/posts"}],"about":[{"href":"https:\/\/www.europesays.com\/es\/wp-json\/wp\/v2\/types\/post"}],"author":[{"embeddable":true,"href":"https:\/\/www.europesays.com\/es\/wp-json\/wp\/v2\/users\/2"}],"replies":[{"embeddable":true,"href":"https:\/\/www.europesays.com\/es\/wp-json\/wp\/v2\/comments?post=340420"}],"version-history":[{"count":0,"href":"https:\/\/www.europesays.com\/es\/wp-json\/wp\/v2\/posts\/340420\/revisions"}],"wp:featuredmedia":[{"embeddable":true,"href":"https:\/\/www.europesays.com\/es\/wp-json\/wp\/v2\/media\/340421"}],"wp:attachment":[{"href":"https:\/\/www.europesays.com\/es\/wp-json\/wp\/v2\/media?parent=340420"}],"wp:term":[{"taxonomy":"category","embeddable":true,"href":"https:\/\/www.europesays.com\/es\/wp-json\/wp\/v2\/categories?post=340420"},{"taxonomy":"post_tag","embeddable":true,"href":"https:\/\/www.europesays.com\/es\/wp-json\/wp\/v2\/tags?post=340420"}],"curies":[{"name":"wp","href":"https:\/\/api.w.org\/{rel}","templated":true}]}}