{"id":340432,"date":"2026-01-14T15:08:09","date_gmt":"2026-01-14T15:08:09","guid":{"rendered":"https:\/\/www.europesays.com\/es\/340432\/"},"modified":"2026-01-14T15:08:09","modified_gmt":"2026-01-14T15:08:09","slug":"siloe-la-banda-indie-del-momento-actuara-en-el-festival-internacional-de-cambrils-este-verano","status":"publish","type":"post","link":"https:\/\/www.europesays.com\/es\/340432\/","title":{"rendered":"Silo\u00e9, la banda indie del momento, actuar\u00e1 en el Festival Internacional de Cambrils este verano"},"content":{"rendered":"<p>                                    <img decoding=\"async\" loading=\"lazy\" src=\"https:\/\/www.europesays.com\/es\/wp-content\/uploads\/2025\/09\/68395e91e6351.jpeg\" alt=\"Marc Libiano\" width=\"40\" height=\"40\" data-full-src=\"https:\/\/www.europesays.com\/es\/wp-content\/uploads\/2025\/09\/68395e91e6351.jpeg\"\/><\/p>\n<p class=\"paragraph\">Una de las bandas indie del momento, los vallisoletanos <b>Silo\u00e9<\/b>, actuar\u00e1n en la edici\u00f3n de 2026 del Festival Internacional de M\u00fasica de Cambrils. Lo har\u00e1n el pr\u00f3ximo 5 de agosto en el <b>Parc del Pinaret<\/b> y se trata de uno de los cabezas de cartel del certamen. Silo\u00e9 se suman a <b>Valeria Castro<\/b>, Joan Daus\u00e0 y Jethro Trull, ya anunciados con anterioridad.<\/p>\n<p class=\"paragraph\">La organizaci\u00f3n ha comunicado que las entradas para el show de <b>Silo\u00e9<\/b> se pondr\u00e1n a la venta ma\u00f1ana mismo, a partir de las 11 horas.<\/p>\n<p class=\"paragraph\">El grupo de <b>Valladolid s<\/b>e presentar\u00e1 en la villa marinera con nuevo material, ya que este 2026 publicar\u00e1n nuevo disco de estudio. De hecho, algunos singles como Campo Grande, Las palabras o Si te pones de mi parte ya han salido a la luz con gran respuesta de la cr\u00edtica y el p\u00fablico.<\/p>\n<p class=\"paragraph\">Silo\u00e9 se ha convertido en una banda respetada por la industria, de hecho frecuenta los carteles de los festivales m\u00e1s importantes del pa\u00eds. En su nueva gira ya ha colgado el cartel de &#8216;sold out&#8217; en escenarios tan imponentes como el <b>Movistar Arena<\/b> de Madrid.<\/p>\n<p class=\"paragraph\">Este 2026, Silo\u00e9 celebra diez a\u00f1os de trayectoria y este jueves 15 de enero estrenan el videoclip Qu\u00e9date esta noche. Para presentar el disco, el grupo ha preparado un espect\u00e1culo renovado que llegar\u00e1 <b>al Pinaret <\/b>con \u201cun punto m\u00e1s teatral y emocional\u201d, concebido como \u201cuna obra en directo\u201d. En este contexto, el concierto en <b>Cambrils <\/b>se convierte en un escenario inmejorable para disfrutar del grupo en estado puro.<\/p>\n<p class=\"paragraph\"><b>Silo\u00e9<\/b> vive el mejor momento de su carrera, inmerso en su gira m\u00e1s ambiciosa hasta la fecha. Considerados una de las bandas con mejor directo de la escena estatal, sus conciertos combinan ritmos intensos con momentos \u00edntimos que conectan directamente con el p\u00fablico.\u00a0<\/p>\n","protected":false},"excerpt":{"rendered":"Una de las bandas indie del momento, los vallisoletanos Silo\u00e9, actuar\u00e1n en la edici\u00f3n de 2026 del Festival&hellip;\n","protected":false},"author":2,"featured_media":340433,"comment_status":"","ping_status":"","sticky":false,"template":"","format":"standard","meta":{"footnotes":""},"categories":[170],"tags":[146,147,25,24,184,185,23],"class_list":{"0":"post-340432","1":"post","2":"type-post","3":"status-publish","4":"format-standard","5":"has-post-thumbnail","7":"category-musica","8":"tag-entertainment","9":"tag-entretenimiento","10":"tag-es","11":"tag-espana","12":"tag-music","13":"tag-musica","14":"tag-spain"},"share_on_mastodon":{"url":"https:\/\/pubeurope.com\/@es\/115894085568542928","error":""},"_links":{"self":[{"href":"https:\/\/www.europesays.com\/es\/wp-json\/wp\/v2\/posts\/340432","targetHints":{"allow":["GET"]}}],"collection":[{"href":"https:\/\/www.europesays.com\/es\/wp-json\/wp\/v2\/posts"}],"about":[{"href":"https:\/\/www.europesays.com\/es\/wp-json\/wp\/v2\/types\/post"}],"author":[{"embeddable":true,"href":"https:\/\/www.europesays.com\/es\/wp-json\/wp\/v2\/users\/2"}],"replies":[{"embeddable":true,"href":"https:\/\/www.europesays.com\/es\/wp-json\/wp\/v2\/comments?post=340432"}],"version-history":[{"count":0,"href":"https:\/\/www.europesays.com\/es\/wp-json\/wp\/v2\/posts\/340432\/revisions"}],"wp:featuredmedia":[{"embeddable":true,"href":"https:\/\/www.europesays.com\/es\/wp-json\/wp\/v2\/media\/340433"}],"wp:attachment":[{"href":"https:\/\/www.europesays.com\/es\/wp-json\/wp\/v2\/media?parent=340432"}],"wp:term":[{"taxonomy":"category","embeddable":true,"href":"https:\/\/www.europesays.com\/es\/wp-json\/wp\/v2\/categories?post=340432"},{"taxonomy":"post_tag","embeddable":true,"href":"https:\/\/www.europesays.com\/es\/wp-json\/wp\/v2\/tags?post=340432"}],"curies":[{"name":"wp","href":"https:\/\/api.w.org\/{rel}","templated":true}]}}