{"id":340493,"date":"2026-01-14T15:54:09","date_gmt":"2026-01-14T15:54:09","guid":{"rendered":"https:\/\/www.europesays.com\/es\/340493\/"},"modified":"2026-01-14T15:54:09","modified_gmt":"2026-01-14T15:54:09","slug":"el-horror-de-la-represion-en-iran-cortan-la-luz-matan-a-la-gente-con-ametralladoras-y-se-llevan-los-cuerpos-internacional","status":"publish","type":"post","link":"https:\/\/www.europesays.com\/es\/340493\/","title":{"rendered":"El horror de la represi\u00f3n en Ir\u00e1n: \u201cCortan la luz, matan a la gente con ametralladoras y se llevan los cuerpos\u201d | Internacional"},"content":{"rendered":"<p class=\"\">Nika y Mar\u00eda eran dos de esas iran\u00edes que solo quer\u00edan \u201cdemocracia, libertad, una vida normal\u201d. \u201cEn una palabra: dignidad\u201d, explica a EL PA\u00cdS su amiga Mediss Tavakoli, exiliada en Espa\u00f1a. Nika, de 35 a\u00f1os, regentaba una cl\u00ednica est\u00e9tica; Mar\u00eda, de 30, trabajaba en una empresa de exportaci\u00f3n. Ambas desafiaban cada d\u00eda al r\u00e9gimen isl\u00e1mico caminando por la calle sin el velo obligatorio. Se lo hab\u00edan quitado tras la muerte, a manos de la polic\u00eda, de la joven Yina Mahsa Amini en 2022, el crimen que desat\u00f3 el anterior movimiento de protestas en Ir\u00e1n, bautizado con un bello lema kurdo: \u201cMujer, vida, libertad\u201d. <a href=\"https:\/\/elpais.com\/internacional\/2026-01-14\/la-cifra-de-muertos-por-la-represion-en-iran-sigue-aumentando-en-plena-tension-con-estados-unidos.html\" target=\"_self\" rel=\"nofollow noopener\" title=\"https:\/\/elpais.com\/internacional\/2026-01-14\/la-cifra-de-muertos-por-la-represion-en-iran-sigue-aumentando-en-plena-tension-con-estados-unidos.html\">La semana pasada, agentes del r\u00e9gimen las mataron a las dos a tiros.<\/a> <\/p>\n<p class=\"\">As\u00ed, por disparos, muchas veces con armas de guerra \u2014lo que supondr\u00eda un posible crimen contra la humanidad\u2014, han muerto miles de personas en Ir\u00e1n en las protestas de las \u00faltimas dos semanas contra el r\u00e9gimen, seg\u00fan varios testimonios de iran\u00edes a los que este diario ha tenido acceso. Muchas de esas v\u00edctimas han sido asesinadas al amparo de la oscuridad, relata Tavakoli, que transmite la informaci\u00f3n que le llega de su pa\u00eds a cuentagotas, pues el r\u00e9gimen sigue bloqueando el acceso a Internet y tampoco funcionan las llamadas internacionales. Cuando los iran\u00edes se aventuran a salir de noche para protestar, explica, los agentes del r\u00e9gimen \u201ccortan la electricidad y disparan a la gente con ametralladoras\u201d. Despu\u00e9s, \u201cllegan en camiones para recoger los cad\u00e1veres\u201d. <\/p>\n<p class=\"\">\u201cCuando las familias de Nika y Mar\u00eda han ido a reclamar sus cuerpos, el r\u00e9gimen les ha pedido el equivalente a 5.000 euros para entreg\u00e1rselos. Es lo que llaman el \u2018precio de las balas\u2019; las balas con las que las mataron\u201d, cuenta Tavakoli. Sara, otra iran\u00ed de la di\u00e1spora \u2014que tambi\u00e9n ha logrado contactar con alguien con acceso a los sat\u00e9lites de la red Starlink\u2014 lo confirma, aunque reduce esa cifra a \u201cunos 1.500 euros\u201d. Sean 5.000 o 1.500, es una cantidad enorme en un pa\u00eds donde el salario m\u00ednimo est\u00e1 en torno a los 125 euros mensuales. Y no todos lo perciben. <\/p>\n<p class=\"\">Las dos amigas de Mediss Tavakoli asesinadas en las manifestaciones no son las \u00fanicas v\u00edctimas de la represi\u00f3n de cuyas muertes tiene constancia esta psicoterapeuta iran\u00ed. Entre sus conocidos ha contado ya 20 muertos. Con nombres y apellidos. Una era Nilufar, una m\u00e9dica que muri\u00f3 tambi\u00e9n tiroteada; otro, Ali, un profesor. Los dos treinta\u00f1eros. Sus dos amigas de la adolescencia ni siquiera estaban juntas cuando las mataron. Una participaba en una manifestaci\u00f3n en el oeste de Teher\u00e1n; la otra, en una protesta en la otra punta de la ciudad. <\/p>\n<p>\u201c11.870\u2033<\/p>\n<p class=\"\">Tavakoli describe un rastro de muerte que excede con mucho las cifras que manejan las organizaciones de derechos humanos en el exilio. Por ejemplo, la ONG HRANA, que este mi\u00e9rcoles calculaba ya unas 2.600 v\u00edctimas durante las manifestaciones. La activista manda luego la foto de uno de los muertos: es un hombre joven, cuyo torso desnudo asoma de una bolsa negra para cad\u00e1veres. En el pecho tiene un papel con un guarismos persas escritos a l\u00e1piz (\u201c11.780\u2033) sobre una palabra: \u201cDesconocido\u201d. <\/p>\n<p class=\"\">La imagen <a href=\"https:\/\/elpais.com\/internacional\/2026-01-12\/los-videos-y-testimonios-desde-la-morgue-de-kahrizak-que-muestran-la-brutalidad-del-regimen-irani.html\" target=\"_self\" rel=\"nofollow noopener\" title=\"https:\/\/elpais.com\/internacional\/2026-01-12\/los-videos-y-testimonios-desde-la-morgue-de-kahrizak-que-muestran-la-brutalidad-del-regimen-irani.html\">es una captura de uno de los v\u00eddeos <\/a>de la morgue de Kahrizak, en el sur de Teher\u00e1n, que mostraban hileras de esos sacos mortuorios en el suelo. La mujer cita una cifra divulgada por la cadena Iran International, un medio al que las autoridades iran\u00edes acusan de ser un veh\u00edculo de propaganda de Israel. La cadena eleva ya al menos a 12.000 los muertos por la represi\u00f3n. <\/p>\n<p><img decoding=\"auto\" class=\"_re lazyload a_m-h\" height=\"276\"  width=\"414\"  src=\"https:\/\/www.europesays.com\/es\/wp-content\/uploads\/2026\/01\/P5W7QL364RMSTFSLBDMZKM4QLA.jpg\" loading=\"lazy\"\/>Una manifestante sostiene una bandera iran\u00ed en Teher\u00e1n, este mi\u00e9rcoles.ABEDIN TAHERKENAREH (EFE)<\/p>\n<p class=\"\">Tavakoli y un iran\u00ed residente en Teher\u00e1n, cuyo testimonio obtuvo EL PA\u00cdS tambi\u00e9n de forma indirecta, van incluso m\u00e1s lejos: creen que esos 12.000 muertos no corresponden a todo el pa\u00eds, sino solo a Teher\u00e1n, una ciudad que, con su conurbano, alberga 16 millones de almas. No solo por im\u00e1genes como la del joven muerto con ese papel con el n\u00famero 11.780 sobre el pecho, sino porque en Ir\u00e1n, advierte Aida (nombre falso de otra iran\u00ed de la di\u00e1spora que habl\u00f3 con este diario), no hay ahora mismo nadie \u201cque no conozca a alguien que ha muerto\u201d. <\/p>\n<p class=\"\">Ir\u00e1n es un pa\u00eds de m\u00e1s de 90 millones de habitantes y cuya superficie triplica con creces la de Espa\u00f1a. Las manifestaciones, que est\u00e1n llevando <a href=\"https:\/\/elpais.com\/internacional\/2026-01-13\/trump-alienta-las-protestas-y-llama-a-los-manifestantes-a-tomar-las-instituciones-en-iran.html\" target=\"_self\" rel=\"nofollow noopener\" title=\"https:\/\/elpais.com\/internacional\/2026-01-13\/trump-alienta-las-protestas-y-llama-a-los-manifestantes-a-tomar-las-instituciones-en-iran.html\">a la Administraci\u00f3n de Donald Trump a sopesar un nuevo ataque militar<\/a>, se han extendido por las 31 provincias de ese Estado, que alberga zonas muy aisladas y remotas, sin nadie que disponga de acceso a una conexi\u00f3n por sat\u00e9lite. En esos lugares, destacan Aida y Tavakoli, la represi\u00f3n se despliega \u201cen silencio\u201d.<\/p>\n<p class=\"\"><a href=\"https:\/\/elpais.com\/internacional\/2026-01-13\/la-ue-acelera-el-paso-para-imponer-mas-sanciones-a-iran-tras-el-aterrador-incremento-de-victimas-por-las-protestas.html\" target=\"_self\" rel=\"nofollow noopener\" title=\"https:\/\/elpais.com\/internacional\/2026-01-13\/la-ue-acelera-el-paso-para-imponer-mas-sanciones-a-iran-tras-el-aterrador-incremento-de-victimas-por-las-protestas.html\">Ante esa aterradora cifra de muertos<\/a> que probablemente aumentar\u00e1 \u2014fuentes del r\u00e9gimen reconocieron el martes unos 2.000 fallecidos\u2014 se teme que la represi\u00f3n que se abate sobre el pa\u00eds deje peque\u00f1o un hito funesto de la Rep\u00fablica Isl\u00e1mica: las hasta ahora peores masacres de ese r\u00e9gimen fundamentalista, cometidas entre 1981 y 1983, cuando las autoridades asesinaron a unos 5.000 disidentes (las cifras no est\u00e1n claras) y la matanza de un n\u00famero similar de opositores presos en 1988. En esas masacres, en las que muri\u00f3 un primo de Aida, estuvieron implicados, seg\u00fan Amnist\u00eda Internacional, prebostes a\u00fan en el poder en Ir\u00e1n, como el actual jefe del poder judicial, Gholam-Hossein Mohseni-Ejei.<\/p>\n<p class=\"\">Ir\u00e1n tiene previsto ejecutar este mi\u00e9rcoles a Erfan Soltani, un manifestante de 26 a\u00f1os detenido la semana pasada. <\/p>\n<p>\u201cRehenes\u201d<\/p>\n<p class=\"\">Un hombre de 37 a\u00f1os vecino de Teher\u00e1n, cuyo testimonio transmiti\u00f3 Aida a este peri\u00f3dico, cuenta que los iran\u00edes temen una campa\u00f1a masiva de detenciones y de ejecuciones si la comunidad internacional no \u201cacude en su auxilio\u201d. M\u00e1s de 10.000 personas han sido detenidas en estas protestas, siempre seg\u00fan las ONG. <\/p>\n<p class=\"\">Este hombre describe la implantaci\u00f3n de un r\u00e9gimen de terror. Asegura que en cada plaza de Teher\u00e1n \u2014y de su ciudad de origen, donde viven sus padres\u2014 \u201chay desplegados blindados\u201d, probablemente de la Guardia Revolucionaria, el ej\u00e9rcito paralelo destinado a proteger al r\u00e9gimen. \u201cComo en la \u00e9poca del coronavirus\u201d, cuando ven a alguien por la calle, \u201cle preguntan qu\u00e9 hace ah\u00ed\u201d. Si la respuesta no les satisface, la persona es detenida. Los iran\u00edes no se atreven ni a salir a la calle, dice. Son \u201crehenes de este r\u00e9gimen en guerra contra el mundo\u201d. <\/p>\n<p class=\"\">Muchas tiendas, incluidas las de comida y las farmacias, han cerrado por las protestas y la represi\u00f3n. El acceso a los alimentos, asegura Aida, \u201cempieza a ser un problema, sobre todo porque ya antes escaseaban. El padre de esta mujer, diab\u00e9tico, no encontraba ya insulina, incluso antes de la noche nefasta del pasado jueves, cuando se cree que murieron gran parte de las v\u00edctimas y el r\u00e9gimen cort\u00f3 internet. Hamid Hosseini, portavoz de la Asociaci\u00f3n Iran\u00ed de Derechos Humanos en Espa\u00f1a, confirma a EL PA\u00cdS que la actividad econ\u00f3mica est\u00e1 casi paralizada. <\/p>\n<p><img decoding=\"auto\" class=\"_re lazyload a_m-h\" height=\"276\"  width=\"414\"  src=\"https:\/\/www.europesays.com\/es\/wp-content\/uploads\/2026\/01\/ADBUYRSC75MSJAG4FVBETSVJ2E.jpg\" loading=\"lazy\"\/>Un funeral de agentes policiales fallecidos en las protestas en Teher\u00e1n, este mi\u00e9rcoles.<br \/>\nABEDIN TAHERKENAREH (EFE)<\/p>\n<p class=\"\">La represi\u00f3n parece, adem\u00e1s, indiscriminada: no se dirige solo contra los manifestantes. El mero hecho de aventurarse a comprar comida puede suponer acabar detenido y torturado, seg\u00fan estos testimonios. As\u00ed sucedi\u00f3 con una persona del entorno de Sara, que acab\u00f3 en comisar\u00eda solo por ir a una tienda de alimentaci\u00f3n. Al percatarse de que el hombre no volv\u00eda, la familia lo llam\u00f3 por tel\u00e9fono sin obtener respuesta. Despu\u00e9s, lo buscaron por todas partes, incluso en los hospitales. Cuando por fin preguntaron en una comisar\u00eda, descubrieron que varios agentes en motocicleta se lo hab\u00edan llevado, golpeado e interrogado para que les dijera qui\u00e9nes eran sus contactos. \u201cPor mucho que insisti\u00f3 en que solo iba a comprar comida, nadie lo crey\u00f3\u201d, relata la mujer. Tras sufrir una brutal paliza y con la cara llena de hematomas, lo liberaron, pero \u201chan abierto un caso penal en su contra\u201d. La familia est\u00e1 ahora \u201caterrorizada\u201d. <\/p>\n<p class=\"\">Hosseini confirma el clima de miedo. Seg\u00fan los testimonios recopilados por su asociaci\u00f3n, en un barrio de Teher\u00e1n, Saadat Abad, las fuerzas de seguridad \u201cdispararon desde las azoteas contra los manifestantes\u201d. Quienes sobrevivieron al uso de armas de guerra por parte de los diferentes cuerpos de seguridad y paramilitares asociados con el r\u00e9gimen \u201cfueron posteriormente perseguidos en las calles cercanas <a href=\"https:\/\/elpais.com\/internacional\/2022-11-09\/el-ejercito-de-los-oprimidos-que-aplasta-las-protestas-en-iran.html\" target=\"_self\" rel=\"nofollow noopener\" title=\"https:\/\/elpais.com\/internacional\/2022-11-09\/el-ejercito-de-los-oprimidos-que-aplasta-las-protestas-en-iran.html\">por miembros de la milicia basiy\u00ed <\/a>[que depende de la Guardia Revolucionaria] y asesinados\u201d, afirma.<\/p>\n<p class=\"\">Aida pide ayuda. Dice que \u201cla situaci\u00f3n en Ir\u00e1n es inhumana\u201d. Y recuerda que en 2022 muchos iran\u00edes reclamaron auxilio cuando el r\u00e9gimen mat\u00f3 a Mahsa Amini y estallaron las protestas de mujeres. <a href=\"https:\/\/elpais.com\/internacional\/2024-03-08\/iran-cometio-crimenes-contra-la-humanidad-al-reprimir-las-protestas-por-la-muerte-de-mahsa-amini-segun-la-mision-de-investigacion-de-la-onu.html\" target=\"_self\" rel=\"nofollow noopener\" title=\"https:\/\/elpais.com\/internacional\/2024-03-08\/iran-cometio-crimenes-contra-la-humanidad-al-reprimir-las-protestas-por-la-muerte-de-mahsa-amini-segun-la-mision-de-investigacion-de-la-onu.html\">Ese mundo que permaneci\u00f3 sordo tiene<\/a> en su conciencia, dice, \u201clo que sucede ahora\u201d. <\/p>\n","protected":false},"excerpt":{"rendered":"Nika y Mar\u00eda eran dos de esas iran\u00edes que solo quer\u00edan \u201cdemocracia, libertad, una vida normal\u201d. \u201cEn una&hellip;\n","protected":false},"author":2,"featured_media":340494,"comment_status":"","ping_status":"","sticky":false,"template":"","format":"standard","meta":{"footnotes":""},"categories":[170],"tags":[60067,8738,352,146,147,25,24,3137,74,4809,4044,184,185,77307,18264,2575,23],"class_list":{"0":"post-340493","1":"post","2":"type-post","3":"status-publish","4":"format-standard","5":"has-post-thumbnail","7":"category-musica","8":"tag-ali-jamenei","9":"tag-ataques-militares","10":"tag-donald-trump","11":"tag-entertainment","12":"tag-entretenimiento","13":"tag-es","14":"tag-espana","15":"tag-iran","16":"tag-israel","17":"tag-muertes","18":"tag-mujeres","19":"tag-music","20":"tag-musica","21":"tag-protestas-iran","22":"tag-protestas-sociales","23":"tag-represion-politica","24":"tag-spain"},"share_on_mastodon":{"url":"https:\/\/pubeurope.com\/@es\/115894266415886192","error":""},"_links":{"self":[{"href":"https:\/\/www.europesays.com\/es\/wp-json\/wp\/v2\/posts\/340493","targetHints":{"allow":["GET"]}}],"collection":[{"href":"https:\/\/www.europesays.com\/es\/wp-json\/wp\/v2\/posts"}],"about":[{"href":"https:\/\/www.europesays.com\/es\/wp-json\/wp\/v2\/types\/post"}],"author":[{"embeddable":true,"href":"https:\/\/www.europesays.com\/es\/wp-json\/wp\/v2\/users\/2"}],"replies":[{"embeddable":true,"href":"https:\/\/www.europesays.com\/es\/wp-json\/wp\/v2\/comments?post=340493"}],"version-history":[{"count":0,"href":"https:\/\/www.europesays.com\/es\/wp-json\/wp\/v2\/posts\/340493\/revisions"}],"wp:featuredmedia":[{"embeddable":true,"href":"https:\/\/www.europesays.com\/es\/wp-json\/wp\/v2\/media\/340494"}],"wp:attachment":[{"href":"https:\/\/www.europesays.com\/es\/wp-json\/wp\/v2\/media?parent=340493"}],"wp:term":[{"taxonomy":"category","embeddable":true,"href":"https:\/\/www.europesays.com\/es\/wp-json\/wp\/v2\/categories?post=340493"},{"taxonomy":"post_tag","embeddable":true,"href":"https:\/\/www.europesays.com\/es\/wp-json\/wp\/v2\/tags?post=340493"}],"curies":[{"name":"wp","href":"https:\/\/api.w.org\/{rel}","templated":true}]}}