{"id":340510,"date":"2026-01-14T16:03:17","date_gmt":"2026-01-14T16:03:17","guid":{"rendered":"https:\/\/www.europesays.com\/es\/340510\/"},"modified":"2026-01-14T16:03:17","modified_gmt":"2026-01-14T16:03:17","slug":"los-medicos-vuelven-a-la-huelga-para-exigir-a-sanidad-un-estatuto-propio-con-un-seguimiento-muy-dispar","status":"publish","type":"post","link":"https:\/\/www.europesays.com\/es\/340510\/","title":{"rendered":"Los m\u00e9dicos vuelven a la huelga para exigir a Sanidad un estatuto propio con un seguimiento muy dispar"},"content":{"rendered":"<p class=\"c-paragraph\">La Agrupaci\u00f3n Profesional por un Estatuto M\u00e9dico y Facultativo (Apemyf), formada por una quincena de sindicatos m\u00e9dicos de toda Espa\u00f1a, ha convocado una <b>nueva <a href=\"https:\/\/www.20minutos.es\/tags\/temas\/huelga-de-medicos.html\" title=\"Huelga de m\u00e9dicos\" rel=\"nofollow noopener\" target=\"_blank\">huelga de facultativos<\/a> de dos d\u00edas para este mi\u00e9rcoles y este jueves<\/b> para protestar contra el Estatuto Marco que el <a href=\"https:\/\/www.20minutos.es\/tags\/temas\/ministerio-de-sanidad.html\" title=\"Ministerio de Sanidad\" rel=\"nofollow noopener\" target=\"_blank\">Ministerio de Sanidad<\/a> negocia con los sindicatos mayoritarios en el \u00e1mbito sanitario y para el que el pasado 15 de diciembre <a href=\"https:\/\/www.20minutos.es\/nacional\/comite-huelga-abandona-reunion-con-sanidad-tras-rechazar-preacuerdo-alcanzado-lunes-con-los-sindicatos_6911911_0.html\" rel=\"nofollow noopener\" target=\"_blank\">se alcanz\u00f3 un preacuerdo verbal<\/a> que evit\u00f3 una huelga convocada inicialmente para finales de este mes de todo el personal del Sistema Nacional de Salud.<\/p>\n<p class=\"c-paragraph\">Tras las tres huelgas m\u00e9dicas del a\u00f1o pasado, <b><a href=\"https:\/\/www.20minutos.es\/madrid\/un-dia-normal-cabreo-monumental-asi-han-vivido-los-pacientes-segundo-dia-huelga-medicos-sin-grandes-contratiempos_6908760_0.html\" title=\"Segunda jornada de huelga m\u00e9dica con protestas en los centros sanitarios y &quot;cabreo&quot; de pacientes por la cancelaci\u00f3n de sus citas\" rel=\"nofollow noopener\" target=\"_blank\">la \u00fatlima de las cuales durante cuatro d\u00edas consecutivos en plena ola de gripe<\/a><\/b>, la primera convocatoria de este 2026 ha sido impulsada por los sindicatos auton\u00f3micos que integran Apemyf. Unos\u00a0<b>175.000 facultativos de todo el pa\u00eds <\/b>\u2014dos de cada tres\u2014 han sido llamados a secundar el paro a trav\u00e9s de alguna de las organizaciones m\u00e9dicas de Apemyf, en comunidades como <b>Madrid, Catalu\u00f1a, Pa\u00eds Vasco, Galicia, Navarra, Comunidad Valenciana, Regi\u00f3n de Murcia y Asturias<\/b>, as\u00ed como todos los m\u00e9dicos de Atenci\u00f3n Primaria, seg\u00fan han explicado los convocantes.<\/p>\n<p class=\"c-paragraph\">Los primeros datos de <b>seguimiento <\/b>publicados han sido los de Galicia, donde seg\u00fan la Conselleria de Sanidade, casi el <b>20% <\/b>de los facultativos del turno de ma\u00f1ana han secundado la huelga. En Extremadura y Castilla y Le\u00f3n, el seguimiento en los centros de salud <b>no ha llegado al 3%<\/b>, seg\u00fan los datos facilitados por las autoridades auton\u00f3micas.\u00a0En la Rioja, el gerente del SERIS, Luis \u00c1ngel Gonz\u00e1lez, ha avanzado que la apertura de los centros de Atenci\u00f3n Primaria ha sido \u00abde normalidad y tranquilidad\u00bb.<\/p>\n<p class=\"c-paragraph\">A esta nueva huelga de dos d\u00edas se han unido\u00a0<b>manifestaciones <\/b>en varias ciudades, como en <b>Madrid<\/b>, donde el sindicato de m\u00e9dicos madrile\u00f1os Amyts ha programado una marcha en la que las batas blancas \u2014un millar seg\u00fan datos sindicales y \u00abpese a los servicios m\u00ednimos abusivos\u00bb; varios centenares seg\u00fan la Polic\u00eda\u2014 han vuelto a partir a las 10.00 horas desde el Congreso de los Diputados con destino la sede del Ministerio de Sanidad, en el Paseo del Prado. Para este jueves, Amyts ha convocado una concentraci\u00f3n\u00a0a las 10.30 horas en la Puerta Principal del Hospital de La Paz de Madrid.<\/p>\n<p class=\"c-paragraph\">La portavoz de Apemyf y secretaria general de Amyts, el sindicato m\u00e9dico mayoritario en la Comunidad de Madrid, \u00c1ngela Hern\u00e1ndez, en declaraciones a la prensa antes de iniciar la marcha en Madrid, ha lamentado que las negociaciones est\u00e1n en un momento \u00abmuy delicado porque todo apunta a que el Ministerio de Sanidad va a dar la patada hacia arriba y que lo va enviar al Consejo de Ministros solo con el ok de los sindicatos generalistas y SATSE. Estas mejoras, que no estamos en contra de ellas, a los m\u00e9dicos nos parecen completamente insuficientes porque <b>nos dejan en la misma situaci\u00f3n de discrminaci\u00f3n y de semiesclavitud que llevamos arrastrando desde que se aprob\u00f3 el Estatuto Marco en 2003<\/b>\u00ab. Hern\u00e1ndez ha asegurado que la reforma elaborada por Sanidad \u00abno fideliza ni atrae\u00bb a los facultativos, por lo que las protestas, \u00abno se paran\u00bb.<\/p>\n<p class=\"c-paragraph\">Por su parte, <a href=\"https:\/\/www.20minutos.es\/cataluna\/barcelona\/unos-1000-medicos-claman-barcelona-por-su-situacion-laboral-una-jornada-huelga-con-un-seguimiento-6-5-segun-salut_6920937_0.html\" rel=\"nofollow noopener\" target=\"_blank\">en\u00a0<b>Barcelona,<\/b>\u00a0unos 1.000 m\u00e9dicos convocados por Metges de Catalunya<\/a> \u2014seg\u00fan la Guardia Urbana\u2014 han clamado contra la consellera de Salud de la Generalitat, Olga Pan\u00e9, a grito de <b>\u00abPan\u00e9, \u00bfpa qu\u00e9?, Pan\u00e9, pa n\u00e1\u00bb<\/b> en la primera de las protestas convocadas, desde la Pla\u00e7a de Sant Jaume hasta el Parlament de Catalunya. Metges de Catalunya ha cifrado en un <b>45%<\/b> el seguimiento de la huelga, mientras la Conselleria de Salud de la Generalitat lo ha hecho en un <b>6,5%<\/b>.\u00a0Este jueves discurrir\u00e1 otra marcha entre el Centre Corporatiu de l&#8217;Institut Catal\u00e0 de la Salut y la Uni\u00f3 Catalana d&#8217;Hospitals.<\/p>\n<p class=\"c-paragraph\">En el Pa\u00eds Vasco, cientos de profesionales se han concentrado durante la ma\u00f1ana de este mi\u00e9rcoles ante el <b>Hospital de Cruces, en Baracaldo<\/b> (Vizcaya), tras pancartas reivindicativas de \u00abuna mesa de negociaci\u00f3n y un estatuto marco propios\u00bb, y han hecho sonar silbatos y han coreado esl\u00f3ganes como \u00abPaciente escucha, esta es tu lucha\u00bb, \u00abGuardias localizadas, ni reguladas ni libradas\u00bb, \u00abDerechos laborales el resto de mortales\u00bb, entre otros. La delegada del Sindicato M\u00e9dico de Euskadi y m\u00e9dica de urgencias del centro hospitalario, Ana Santorcuato, ha lamentado que, pese a las movilizaciones que se celebran en diferentes puntos del Espa\u00f1a, la ministra de Sanidad, <b><a href=\"https:\/\/www.20minutos.es\/tags\/autores\/monica-garcia.html\" title=\"M\u00f3nica Garc\u00eda\" rel=\"nofollow noopener\" target=\"_blank\">M\u00f3nica Garc\u00eda<\/a>, \u00abno se da por enterada\u00bb<\/b> y pretende equiparar a m\u00e9dicos y facultativos \u00abal resto de personas trabajadoras\u00bb pero \u00absolo en aquellos aspectos que le interesan\u00bb.<\/p>\n<p>Reclamaciones de los m\u00e9dicos<\/p>\n<p class=\"c-paragraph\">El objetivo de estos paros vuelve a ser clamar contra el Estatuto Marco que el Ministerio de Sanidad ha <b><a href=\"https:\/\/www.20minutos.es\/nacional\/sanidad-se-abre-negociar-mejoras-jubilacion-las-retribuciones-para-evitar-huelga-sanitaria-enero_6910715_0.html\" title=\"Sanidad alcanza un &quot;preacuerdo verbal&quot; con los sindicatos para el nuevo Estatuto Marco y dice que se suspende la huelga\" rel=\"nofollow noopener\" target=\"_blank\">pr\u00e1cticamente cerrado ya con los sindicatos del \u00c1mbito de Negociaci\u00f3n<\/a><\/b> (SATSE-FSES, CCOO, UGT, CSIF y CIG-Sa\u00fade) y exigir uno propio para la profesi\u00f3n m\u00e9dica, algo a lo que el Ministerio que dirige M\u00f3nica Garc\u00eda se niega.\u00a0<\/p>\n<p class=\"c-paragraph\">Por su parte, los sindicatos m\u00e9dicos <b>CESM y SMA<\/b>, <a href=\"https:\/\/www.20minutos.es\/madrid\/un-dia-normal-cabreo-monumental-asi-han-vivido-los-pacientes-segundo-dia-huelga-medicos-sin-grandes-contratiempos_6908760_0.html\" title=\"Segunda jornada de huelga m\u00e9dica con protestas en los centros sanitarios y &quot;cabreo&quot; de pacientes por la cancelaci\u00f3n de sus citas\" rel=\"nofollow noopener\" target=\"_blank\">responsables de las cuatro jornadas de huelga consecutivas de batas blancas del pasado mes de diciembre<\/a>, <b>apoyan estas nuevas movilizaciones, sin adherirse<\/b>. No obstante, todas estas organizaciones sindicales m\u00e9dicas se han aliado en un\u00a0<b><b>frente com\u00fan<\/b><\/b>\u00a0y\u00a0<a href=\"https:\/\/www.20minutos.es\/nacional\/los-medicos-preparan-nuevas-movilizaciones-mas-intensas-para-febrero-no-terminaran-hasta-que-minsiterio-recapacite_6918584_0.html\" rel=\"nofollow noopener\" target=\"_blank\">preparan nuevas protestas para febrero<\/a>, sin descartar una huelga indefinida, con las que redoblar la presi\u00f3n sobre el Gobierno y las comunidades para lograr un estatuto espec\u00edfico para estos profesionales.\u00a0<\/p>\n<p class=\"c-paragraph\">Los galenos reclaman, entre otras reivindicaciones, un Estatuto Marco propio que regule las condiciones espec\u00edficas de sus funciones profesionales y una mesa de negociaci\u00f3n propia. Asimismo, exigen que las <b>guardias<\/b>, que son obligatorias en la mayor\u00eda de los casos, se pagan por debajo de la hora ordinaria y no tributan para la jubilaci\u00f3n, no excedan de las 17 horas seguidas \u2014el borrador de Sanidad contempla un l\u00edmite de 17 horas siempre y cuando no existan \u00abrazones organizativas o asistenciales\u00bb para lo contrario\u2014, se paguen al menos igual que hora ordinaria y cuenten para la pensi\u00f3n, adem\u00e1s de que sean voluntarias y las horas posteriores de descanso \u00abno se deban\u00bb.<\/p>\n<p class=\"c-paragraph\">Respecto a la jornada laboral, los m\u00e9dicos piden que no supere las<b> 35 horas semanales<\/b>, mientras que el borrador contempla un m\u00e1ximo de 45 de promedio y en c\u00f3mputo cuatrimestral. Los m\u00e9dicos piden adem\u00e1s poder acogerse a jubilaciones anticipadas. Reclaman tambi\u00e9n una <b>clasificaci\u00f3n profesional para m\u00e9dicos<\/b> (A1+) que recoja la singularidades de su larga formaci\u00f3n y responsabidades cl\u00ednicas.<\/p>\n<p class=\"c-paragraph\">Por su parte, <b>el <\/b><b>Ministerio de Sanidad, alega que estas peticiones exceden de sus competencias<\/b>, al afectar de manera directa al desarrollo de las pol\u00edticas auton\u00f3micas de recursos humanos, las condiciones retributivas y los modelos de negociaci\u00f3n colectiva, por lo que este <a href=\"https:\/\/www.20minutos.es\/nacional\/sanidad-pregunta-las-comunidades-su-postura-sobre-las-peticiones-los-sindicatos-relativas-estatuto-marco_6920138_0.html\" title=\"Sanidad pregunta a las comunidades su postura sobre las peticiones de los sindicatos relativas al Estatuto Marco\" rel=\"nofollow noopener\" target=\"_blank\">lunes pidi\u00f3 por carta a las comunidades que se pronuncien<\/a> sobre estas y otras reivindicaciones que afectan a competencias auton\u00f3micas, como la voluntariedad y la remuneraci\u00f3n de las jornadas de guardia, a lo que <b>los consejeros del PP respondieron criticando que M\u00f3nica Garc\u00eda les traslade a ellos la responsabilidad<\/b>.<\/p>\n<p class=\"c-paragraph\">\u00abEsta huelga fue anunciada ya en el mes de noviembre, con el objetivo de que el conflicto m\u00e9dico abierto por la reforma del Estatuto Marco no se enfriara durante el mes de enero, un periodo en el que no exist\u00edan otras huelgas ni movilizaciones convocadas. <b>La profesi\u00f3n m\u00e9dica ha dicho basta ante el maltrato continuado de las administraciones y mantiene intacta su determinaci\u00f3n<\/b> para seguir moviliz\u00e1ndose si no se atienden sus demandas\u00bb, trasladan desde Amyts.<\/p>\n","protected":false},"excerpt":{"rendered":"La Agrupaci\u00f3n Profesional por un Estatuto M\u00e9dico y Facultativo (Apemyf), formada por una quincena de sindicatos m\u00e9dicos de&hellip;\n","protected":false},"author":2,"featured_media":340511,"comment_status":"","ping_status":"","sticky":false,"template":"","format":"standard","meta":{"footnotes":""},"categories":[5],"tags":[17,18,4169,25,24,13,14,11,13181,19,20,4417,6016,9,10,15,16,23,12,21,22,2292],"class_list":{"0":"post-340510","1":"post","2":"type-post","3":"status-publish","4":"format-standard","5":"has-post-thumbnail","7":"category-titulares","8":"tag-breaking-news","9":"tag-breakingnews","10":"tag-durante","11":"tag-es","12":"tag-espana","13":"tag-featured-news","14":"tag-featurednews","15":"tag-headlines","16":"tag-huelga","17":"tag-latest-news","18":"tag-latestnews","19":"tag-los","20":"tag-medicos","21":"tag-news","22":"tag-noticias","23":"tag-noticias-destacadas","24":"tag-noticiasdestacadas","25":"tag-spain","26":"tag-titulares","27":"tag-ultimas-noticias","28":"tag-ultimasnoticias","29":"tag-vuelven"},"share_on_mastodon":{"url":"https:\/\/pubeurope.com\/@es\/115894301710501054","error":""},"_links":{"self":[{"href":"https:\/\/www.europesays.com\/es\/wp-json\/wp\/v2\/posts\/340510","targetHints":{"allow":["GET"]}}],"collection":[{"href":"https:\/\/www.europesays.com\/es\/wp-json\/wp\/v2\/posts"}],"about":[{"href":"https:\/\/www.europesays.com\/es\/wp-json\/wp\/v2\/types\/post"}],"author":[{"embeddable":true,"href":"https:\/\/www.europesays.com\/es\/wp-json\/wp\/v2\/users\/2"}],"replies":[{"embeddable":true,"href":"https:\/\/www.europesays.com\/es\/wp-json\/wp\/v2\/comments?post=340510"}],"version-history":[{"count":0,"href":"https:\/\/www.europesays.com\/es\/wp-json\/wp\/v2\/posts\/340510\/revisions"}],"wp:featuredmedia":[{"embeddable":true,"href":"https:\/\/www.europesays.com\/es\/wp-json\/wp\/v2\/media\/340511"}],"wp:attachment":[{"href":"https:\/\/www.europesays.com\/es\/wp-json\/wp\/v2\/media?parent=340510"}],"wp:term":[{"taxonomy":"category","embeddable":true,"href":"https:\/\/www.europesays.com\/es\/wp-json\/wp\/v2\/categories?post=340510"},{"taxonomy":"post_tag","embeddable":true,"href":"https:\/\/www.europesays.com\/es\/wp-json\/wp\/v2\/tags?post=340510"}],"curies":[{"name":"wp","href":"https:\/\/api.w.org\/{rel}","templated":true}]}}