{"id":340524,"date":"2026-01-14T16:17:08","date_gmt":"2026-01-14T16:17:08","guid":{"rendered":"https:\/\/www.europesays.com\/es\/340524\/"},"modified":"2026-01-14T16:17:08","modified_gmt":"2026-01-14T16:17:08","slug":"of-monsters-and-men-all-is-love-and-pain-in-the-mouse-parade-jenesaispop-com","status":"publish","type":"post","link":"https:\/\/www.europesays.com\/es\/340524\/","title":{"rendered":"Of Monsters and Men \/ All is Love and Pain in the Mouse Parade \u2013 jenesaispop.com"},"content":{"rendered":"<p>El <a href=\"https:\/\/jenesaispop.com\/2019\/08\/15\/369561\/of-monsters-and-men-fever-dream\/\" rel=\"nofollow noopener\" target=\"_blank\">primer disco de Of Monsters and Men en 7 a\u00f1os<\/a> abre intentando no pensar: \u00ab\u00bfQu\u00e9 tal si no conectamos la cabeza ahora, qu\u00e9 tal si no pensamos en absoluto?\u00bb, se pregunta el vocalista Ragnar \u00de\u00f3rhallsson en \u2018Television Love\u2019. El c\u00edrculo de \u2018All is Love and Pain in the Mouse Parade\u2019 se cierra en \u2018The End\u2019, que incluye una nueva alusi\u00f3n a la televisi\u00f3n: el grupo saborea esos primeros instantes de la ma\u00f1ana en que todav\u00eda no ha puesto las noticias y parece que el \u00abmundo no se acaba\u00bb, en esta mona cancioncilla ac\u00fastica, casi de hoguera.<\/p>\n<p>\u2018All is Love and Pain in the Mouse Parade\u2019 explora esa frontera emocional entre la felicidad y la tristeza, en canciones que suenan igualmente situadas en ese umbral, solo tendiendo ligeramente hacia un lado o hacia el otro.<\/p>\n<p>Of Monsters and Men escriben sobre sentirse frustrados pero poniendo buena cara en \u2018The Actor\u2019, desconectados en \u2018Fruit Bat\u2019 o inseguros en \u2018Tuna in a Can\u2019. En el animado single \u2018Ordinary Creatures\u2019, de piano rockabilly, un largo periodo de apat\u00eda se transforma en bienestar emocional, por fin. Y una amistad que empieza a quedar muy atr\u00e1s, en \u2018The Towerin\u2019 Skyscraper at the End of the\u205fRoad\u2019, es una buena noticia.<\/p>\n<p>Aferrados a la f\u00f3rmula de folk-rock atmosf\u00e9rico que les funciona y que convirti\u00f3 su gran \u00e9xito \u2018<a href=\"https:\/\/jenesaispop.com\/2012\/04\/04\/103211\/of-monsters-and-men-my-head-is-an-animal\/\" rel=\"nofollow noopener\" target=\"_blank\">Little Talks<\/a>\u2018 en un \u00e9xito global, el cuarto \u00e1lbum de Of Monsters and Men se sit\u00faa musicalmente en otro umbral, entre una \u00e9pica controlada y un intimismo luminoso, aunque la banda de Reykjav\u00edk llega a sonar demasiado conforme con su propia f\u00f3rmula, repitiendo ideas sin ofrecer giros interesantes.<\/p>\n<p>Brilla \u2018Dream Team\u2019, la mejor canci\u00f3n del disco, que empieza recordando a Keane, despu\u00e9s se vuelve folk-rock e incluye unos simp\u00e1ticos teclados de estilo \u00abboreal\u00bb. En el lado de las baladas, \u2018The Block\u2019 sorprende por su desolaci\u00f3n. La vulnerabilidad de \u2018Barefoot in the Snow\u2019 deja una de las letras m\u00e1s emotivas (\u00abojal\u00e1 fuera feliz, ojal\u00e1 rebosara alegr\u00eda, qu\u00e9 dif\u00edcil es ser feliz\u00bb) y, como hemos dicho, el \u00e1lbum se preocupa por ofrecer un viaje con principio, nudo y desenlace.<\/p>\n<p>El inconveniente es que, durante esa traves\u00eda, no ocurren grandes acontecimientos. La t\u00e9cnica del crescendo suave en las composiciones de \u2018All is Love and Pain in the Mouse Parade\u2019 funciona al principio, por ejemplo en la citada \u2018The Actor\u2019, pero en \u2018Kamikaze\u2019 empieza a volverse repetitivo, y se echa en falta una variedad instrumental como la que refleja \u2018Dream Team\u2019 en su original uso del teclado; en el \u00e1lbum las trompetas y xil\u00f3fonos suenan deliberadamente enterrados en la atm\u00f3sfera.<\/p>\n<p>La prevalencia de medios tiempos cargados de \u00e9pica en el elep\u00e9 tampoco genera en \u2018Styrofoam Cathedral\u2019 la t\u00edpica canci\u00f3n de final de disco que quiera destacar, y el grupo claramente antepone la construcci\u00f3n de cohesi\u00f3n y narrativa a la creaci\u00f3n de canciones claramente definidas, de las cuales escasea la segunda mitad del \u00e1lbum. El \u00abratoncito\u00bb que da t\u00edtulo al \u00e1lbum aparece finalmente en la ambiental \u2018Mouse Parade\u2019, transmitiendo una curiosidad que se echa un poco en falta en el disco.<\/p>\n<p>Of Monsters and Men son cabeza de cartel de <a href=\"https:\/\/sansanfestival.com\/2026\/\" rel=\"nofollow noopener\" target=\"_blank\">SanSan Festival<\/a>, que se celebra en Benic\u00e0ssim del 2 al 4 de abril de 2026. <\/p>\n","protected":false},"excerpt":{"rendered":"El primer disco de Of Monsters and Men en 7 a\u00f1os abre intentando no pensar: \u00ab\u00bfQu\u00e9 tal si&hellip;\n","protected":false},"author":2,"featured_media":340525,"comment_status":"","ping_status":"","sticky":false,"template":"","format":"standard","meta":{"footnotes":""},"categories":[170],"tags":[146,147,25,24,184,185,23],"class_list":{"0":"post-340524","1":"post","2":"type-post","3":"status-publish","4":"format-standard","5":"has-post-thumbnail","7":"category-musica","8":"tag-entertainment","9":"tag-entretenimiento","10":"tag-es","11":"tag-espana","12":"tag-music","13":"tag-musica","14":"tag-spain"},"share_on_mastodon":{"url":"https:\/\/pubeurope.com\/@es\/115894356757047110","error":""},"_links":{"self":[{"href":"https:\/\/www.europesays.com\/es\/wp-json\/wp\/v2\/posts\/340524","targetHints":{"allow":["GET"]}}],"collection":[{"href":"https:\/\/www.europesays.com\/es\/wp-json\/wp\/v2\/posts"}],"about":[{"href":"https:\/\/www.europesays.com\/es\/wp-json\/wp\/v2\/types\/post"}],"author":[{"embeddable":true,"href":"https:\/\/www.europesays.com\/es\/wp-json\/wp\/v2\/users\/2"}],"replies":[{"embeddable":true,"href":"https:\/\/www.europesays.com\/es\/wp-json\/wp\/v2\/comments?post=340524"}],"version-history":[{"count":0,"href":"https:\/\/www.europesays.com\/es\/wp-json\/wp\/v2\/posts\/340524\/revisions"}],"wp:featuredmedia":[{"embeddable":true,"href":"https:\/\/www.europesays.com\/es\/wp-json\/wp\/v2\/media\/340525"}],"wp:attachment":[{"href":"https:\/\/www.europesays.com\/es\/wp-json\/wp\/v2\/media?parent=340524"}],"wp:term":[{"taxonomy":"category","embeddable":true,"href":"https:\/\/www.europesays.com\/es\/wp-json\/wp\/v2\/categories?post=340524"},{"taxonomy":"post_tag","embeddable":true,"href":"https:\/\/www.europesays.com\/es\/wp-json\/wp\/v2\/tags?post=340524"}],"curies":[{"name":"wp","href":"https:\/\/api.w.org\/{rel}","templated":true}]}}