{"id":340542,"date":"2026-01-14T16:26:19","date_gmt":"2026-01-14T16:26:19","guid":{"rendered":"https:\/\/www.europesays.com\/es\/340542\/"},"modified":"2026-01-14T16:26:19","modified_gmt":"2026-01-14T16:26:19","slug":"subvencion-archivo-municipal-ayuntamiento-de-elche","status":"publish","type":"post","link":"https:\/\/www.europesays.com\/es\/340542\/","title":{"rendered":"Subvenci\u00f3n archivo municipal &#8211; Ayuntamiento de Elche"},"content":{"rendered":"<p>Por \u00faltimo,<strong> la ayuda ha permitido la restauraci\u00f3n de documentos hist\u00f3ricos<\/strong>, entre ellos<strong> nueve pergaminos del Archivo Ruiz de Lope<\/strong> (1498-1585); <strong>un libro memorial de este mismo archivo que abarca desde 1369<\/strong> hasta<strong> 1689<\/strong>; un libro de claver\u00eda de finales del <strong>siglo XV<\/strong> y el<strong> Libro Cabreve de Crevillente<\/strong> (1753-1754), <strong>procedente de la administraci\u00f3n se\u00f1orial<\/strong>.<\/p>\n<p><strong>La edil de Bibliotecas<\/strong>, <strong>Loli Serna<\/strong>, ha se\u00f1alado que \u201cesta subvenci\u00f3n es fundamental para seguir protegiendo y difundiendo el patrimonio documental de Elche, garantizando su conservaci\u00f3n y facilitando el acceso tanto a investigadores como a la ciudadan\u00eda\u201d.<\/p>\n","protected":false},"excerpt":{"rendered":"Por \u00faltimo, la ayuda ha permitido la restauraci\u00f3n de documentos hist\u00f3ricos, entre ellos nueve pergaminos del Archivo Ruiz&hellip;\n","protected":false},"author":2,"featured_media":340543,"comment_status":"","ping_status":"","sticky":false,"template":"","format":"standard","meta":{"footnotes":""},"categories":[5],"tags":[17,18,25,24,13,14,11,19,20,9,10,15,16,23,12,21,22],"class_list":{"0":"post-340542","1":"post","2":"type-post","3":"status-publish","4":"format-standard","5":"has-post-thumbnail","7":"category-titulares","8":"tag-breaking-news","9":"tag-breakingnews","10":"tag-es","11":"tag-espana","12":"tag-featured-news","13":"tag-featurednews","14":"tag-headlines","15":"tag-latest-news","16":"tag-latestnews","17":"tag-news","18":"tag-noticias","19":"tag-noticias-destacadas","20":"tag-noticiasdestacadas","21":"tag-spain","22":"tag-titulares","23":"tag-ultimas-noticias","24":"tag-ultimasnoticias"},"share_on_mastodon":{"url":"https:\/\/pubeurope.com\/@es\/115894392159515916","error":""},"_links":{"self":[{"href":"https:\/\/www.europesays.com\/es\/wp-json\/wp\/v2\/posts\/340542","targetHints":{"allow":["GET"]}}],"collection":[{"href":"https:\/\/www.europesays.com\/es\/wp-json\/wp\/v2\/posts"}],"about":[{"href":"https:\/\/www.europesays.com\/es\/wp-json\/wp\/v2\/types\/post"}],"author":[{"embeddable":true,"href":"https:\/\/www.europesays.com\/es\/wp-json\/wp\/v2\/users\/2"}],"replies":[{"embeddable":true,"href":"https:\/\/www.europesays.com\/es\/wp-json\/wp\/v2\/comments?post=340542"}],"version-history":[{"count":0,"href":"https:\/\/www.europesays.com\/es\/wp-json\/wp\/v2\/posts\/340542\/revisions"}],"wp:featuredmedia":[{"embeddable":true,"href":"https:\/\/www.europesays.com\/es\/wp-json\/wp\/v2\/media\/340543"}],"wp:attachment":[{"href":"https:\/\/www.europesays.com\/es\/wp-json\/wp\/v2\/media?parent=340542"}],"wp:term":[{"taxonomy":"category","embeddable":true,"href":"https:\/\/www.europesays.com\/es\/wp-json\/wp\/v2\/categories?post=340542"},{"taxonomy":"post_tag","embeddable":true,"href":"https:\/\/www.europesays.com\/es\/wp-json\/wp\/v2\/tags?post=340542"}],"curies":[{"name":"wp","href":"https:\/\/api.w.org\/{rel}","templated":true}]}}