{"id":340551,"date":"2026-01-14T16:36:10","date_gmt":"2026-01-14T16:36:10","guid":{"rendered":"https:\/\/www.europesays.com\/es\/340551\/"},"modified":"2026-01-14T16:36:10","modified_gmt":"2026-01-14T16:36:10","slug":"crear-una-tecnica-para-que-nadie-le-pueda-usar-en-ia","status":"publish","type":"post","link":"https:\/\/www.europesays.com\/es\/340551\/","title":{"rendered":"crear una t\u00e9cnica para que nadie le pueda usar en IA"},"content":{"rendered":"<p>Que la IA est\u00e1 poniendo en peligro a los actores, no es nada nuevo, pero s\u00ed lo es la idea que ha tenido uno de ellos. <strong>Matthew McConaughey<\/strong> ha encontrado la forma de evitar que se utilice su imagen para el contenido generado por inteligencia artificial que pretenda imitar su voz, semejanza o algunas de sus frases m\u00e1s ic\u00f3nicas, como el famoso \u201cAlright, alright, alright,\u201d de su pel\u00edcula Dazed and Confused (Movida del 76). <\/p>\n<p>Tal y como ha revelado el <a href=\"https:\/\/www.wsj.com\/tech\/ai\/matthew-mcconaughey-trademarks-himself-to-fight-ai-misuse-8ffe76a9\" rel=\"nofollow noopener\" target=\"_blank\">Wall Street Journal<\/a>, el actor de <a href=\"https:\/\/hipertextual.com\/cine-television\/matthew-mcconaughey-reivindica-interstellar\/\" rel=\"nofollow noopener\" target=\"_blank\">Interestelar<\/a> ha decidido<strong> crear su propia marca registrada<\/strong> (o b\u00e1sicamente, registrarse a s\u00ed mismo bajo su propia marca). Parece confuso, pero la idea es tener constancia de cu\u00e1ndo, y en qu\u00e9 situaciones, se utilizan algunos de sus clips m\u00e1s famosos. <\/p>\n<p>El citado medio asegura que los abogados de Matthew McConaughey <strong>ya han registrado m\u00e1s de 8 solicitudes <\/strong>de marcas que la Oficina de Patentes de Estados Unidos ya ha aprobado. Algunas de estas solicitudes son v\u00eddeos de varios segundos en los que se ve al actor en un Porche, en un \u00e1rbol de Navidad o en varios momentos en los que el ganador el \u00d3scar ha pronunciado la frase \u201cAlright, alright, alright,\u201d. <\/p>\n<p>Con estas patentes, <strong>las plataformas de IA o los usuarios<\/strong> <strong>no pueden utilizar este material para crear v\u00eddeos<\/strong>, salvo consentimiento del actor. De hecho, tal y como ha confirmado el propio Matthew McConaughey al WSJ, el objetivo es cerciorase de que cuando se utiliza un clip con su voz o su imagen, es porque \u00e9l mismo lo ha aprobado expl\u00edcitamente. \u201cQueremos crear un per\u00edmetro claro en torno a la propiedad con consentimiento y atribuci\u00f3n de la norma en un mundo de IA\u201d, subraya el actor.<\/p>\n<p>Matthew McConaughey ha conseguido lo que otros actores no han podido: frenar la IA<\/p>\n<p><img loading=\"lazy\" data-recalc-dims=\"1\" decoding=\"async\" width=\"1200\" height=\"675\" alt=\"\" class=\"wp-image-930158 perfmatters-lazy\" src=\"https:\/\/www.europesays.com\/es\/wp-content\/uploads\/2026\/01\/the-rise-of-matthew-mcconaughey-06-mud-1090370-TwoByOne.jpg\"  data-\/><\/p>\n<p>Esta decisi\u00f3n por parte de Matthew McConaughey, respaldada por sus abogados, llega despu\u00e9s de que muchos actores y celebridades de Hollywood mostraran su rechazo ante el uso de la IA para futuras producciones cinematogr\u00e1ficas o el auge de los v\u00eddeos generados por inteligencia artificial a causa de plataformas como Sora, de OpenAI; o <a href=\"https:\/\/hipertextual.com\/inteligencia-artificial\/google-veo-3-1-fotos-a-videos-verticales-tiktok\/\" rel=\"nofollow noopener\" target=\"_blank\">Veo<\/a>, de Google. <\/p>\n<p>De hecho, es muy probable que navegando por TikTok, Instagram o X (Twitter) te hayas encontrado con<strong> v\u00eddeos en los que aparece Cristiano Ronaldo<\/strong> en un supermercado, pol\u00edticos en situaciones realistas, o actores interpretando papeles que, en la vida real, nunca han interpretado. <\/p>\n<p>En cualquier caso, los abogados de Matthew McConaughey confiesan que, por el momento, <strong>no han tenido constancia de que la imagen del actor se est\u00e9 manipulando mediante IA<\/strong>. No obstante, afirman que registrar su marca puede ser una herramienta \u00fatil para evitar que esto pueda suceder en un futuro, y \u201cdetener a alguien o llevarlo a la corte federal\u201d en caso de que incumpla el uso.<\/p>\n<p><a href=\"https:\/\/geni.us\/disney-plus-footer\" target=\"_blank\" rel=\" noreferrer noopener nofollow\"><img loading=\"lazy\" decoding=\"async\" width=\"360\" height=\"197\" alt=\"\" class=\"wp-image-1840708 perfmatters-lazy\" style=\"width:100px\" src=\"https:\/\/www.europesays.com\/es\/wp-content\/uploads\/2025\/08\/1756350495_822_disney-logo.jpeg\"  data-\/><\/a><\/p>\n<p class=\"has-text-align-center\" style=\"padding-top:0;padding-right:0;padding-bottom:0;padding-left:0;font-size:18px\">Disfruta de las mejores historias, en cualquier momento y en cualquier lugar. Series, pel\u00edculas y originales que no encontrar\u00e1s en ninguna otra plataforma: cl\u00e1sicos de siempre y los \u00faltimos estrenos. <a href=\"https:\/\/geni.us\/disney-plus-footer\" target=\"_blank\" rel=\"noreferrer noopener nofollow\">M\u00e1s econ\u00f3mico que nunca<\/a> con el nuevo plan con anuncios.<\/p>\n<p class=\"has-text-align-center\">Consejo ofrecido por Disney+<\/p>\n","protected":false},"excerpt":{"rendered":"Que la IA est\u00e1 poniendo en peligro a los actores, no es nada nuevo, pero s\u00ed lo es&hellip;\n","protected":false},"author":2,"featured_media":340552,"comment_status":"","ping_status":"","sticky":false,"template":"","format":"standard","meta":{"footnotes":""},"categories":[174],"tags":[255,146,147,25,24,256,23],"class_list":{"0":"post-340551","1":"post","2":"type-post","3":"status-publish","4":"format-standard","5":"has-post-thumbnail","7":"category-famosos","8":"tag-celebrities","9":"tag-entertainment","10":"tag-entretenimiento","11":"tag-es","12":"tag-espana","13":"tag-famosos","14":"tag-spain"},"share_on_mastodon":{"url":"https:\/\/pubeurope.com\/@es\/115894432546393054","error":""},"_links":{"self":[{"href":"https:\/\/www.europesays.com\/es\/wp-json\/wp\/v2\/posts\/340551","targetHints":{"allow":["GET"]}}],"collection":[{"href":"https:\/\/www.europesays.com\/es\/wp-json\/wp\/v2\/posts"}],"about":[{"href":"https:\/\/www.europesays.com\/es\/wp-json\/wp\/v2\/types\/post"}],"author":[{"embeddable":true,"href":"https:\/\/www.europesays.com\/es\/wp-json\/wp\/v2\/users\/2"}],"replies":[{"embeddable":true,"href":"https:\/\/www.europesays.com\/es\/wp-json\/wp\/v2\/comments?post=340551"}],"version-history":[{"count":0,"href":"https:\/\/www.europesays.com\/es\/wp-json\/wp\/v2\/posts\/340551\/revisions"}],"wp:featuredmedia":[{"embeddable":true,"href":"https:\/\/www.europesays.com\/es\/wp-json\/wp\/v2\/media\/340552"}],"wp:attachment":[{"href":"https:\/\/www.europesays.com\/es\/wp-json\/wp\/v2\/media?parent=340551"}],"wp:term":[{"taxonomy":"category","embeddable":true,"href":"https:\/\/www.europesays.com\/es\/wp-json\/wp\/v2\/categories?post=340551"},{"taxonomy":"post_tag","embeddable":true,"href":"https:\/\/www.europesays.com\/es\/wp-json\/wp\/v2\/tags?post=340551"}],"curies":[{"name":"wp","href":"https:\/\/api.w.org\/{rel}","templated":true}]}}