{"id":340553,"date":"2026-01-14T16:37:19","date_gmt":"2026-01-14T16:37:19","guid":{"rendered":"https:\/\/www.europesays.com\/es\/340553\/"},"modified":"2026-01-14T16:37:19","modified_gmt":"2026-01-14T16:37:19","slug":"casa-reversa-hector-navarro-arkhitekton","status":"publish","type":"post","link":"https:\/\/www.europesays.com\/es\/340553\/","title":{"rendered":"Casa Reversa \/ H\u00e9ctor Navarro + ARKHITEKTON"},"content":{"rendered":"<p><a class=\"js-image-size__link \" href=\"https:\/\/www.archdaily.cl\/cl\/1037814\/casa-reversa-hector-navarro-plus-arkhitekton\/69675abc60cb520001b90323-casa-reversa-hector-navarro-plus-arkhitekton-foto\" rel=\"attachment nofollow noopener\" style=\"width: 100%; height: 100%;\" target=\"_blank\"><img decoding=\"async\" alt=\"Casa Reversa \/ H\u00e9ctor Navarro + ARKHITEKTON - Fotograf\u00eda exterior, Ladrillo\" data-nr-picture-id=\"69675abc60cb520001b90323\" fetchpriority=\"high\" height=\"426\" itemprop=\"image\" loading=\"eager\" longdesc=\"https:\/\/www.archdaily.cl\/cl\/1037814\/casa-reversa-hector-navarro-plus-arkhitekton\/69675abc60cb520001b90323-casa-reversa-hector-navarro-plus-arkhitekton-foto\" src=\"https:\/\/www.europesays.com\/es\/wp-content\/uploads\/2026\/01\/Casa_reversa_-_Hector_Navarro_-_William_Mulvihill_-006.jpg\" style=\"min-height: var(--featured-height, auto); aspect-ratio: auto 640 \/ 426\" width=\"640\"\/><\/a>\u00a9 William Mulvihill<\/p>\n<p class=\"thumbs afd-desktop-e clearfix\"><a class=\"thumbs__link\" data-nr-picture-id=\"69675abb60cb520001b9031f\" href=\"https:\/\/www.archdaily.cl\/cl\/1037814\/casa-reversa-hector-navarro-plus-arkhitekton\/69675abb60cb520001b9031f-casa-reversa-hector-navarro-plus-arkhitekton-foto\" rel=\"attachment nofollow noopener\" target=\"_blank\"><img loading=\"lazy\" decoding=\"async\" alt=\"Casa Reversa \/ H\u00e9ctor Navarro + ARKHITEKTON - Fotograf\u00eda exterior\" class=\"thumbs__img b-lazy\" data-nr-picture-id=\"69675abb60cb520001b9031f\" data-pin-nopin=\"true\" src=\"https:\/\/www.europesays.com\/es\/wp-content\/uploads\/2026\/01\/Casa_reversa_-_Hector_Navarro_-_William_Mulvihill_-002.jpg\" height=\"125\" longdesc=\"https:\/\/www.archdaily.cl\/cl\/1037814\/casa-reversa-hector-navarro-plus-arkhitekton\/69675abb60cb520001b9031f-casa-reversa-hector-navarro-plus-arkhitekton-foto\" title=\"\u00a9 William Mulvihill\" width=\"125\"\/><\/a><a class=\"thumbs__link\" data-nr-picture-id=\"69675abd60cb520001b90326\" href=\"https:\/\/www.archdaily.cl\/cl\/1037814\/casa-reversa-hector-navarro-plus-arkhitekton\/69675abd60cb520001b90326-casa-reversa-hector-navarro-plus-arkhitekton-foto\" rel=\"attachment nofollow noopener\" target=\"_blank\"><img loading=\"lazy\" decoding=\"async\" alt=\"Casa Reversa \/ H\u00e9ctor Navarro + ARKHITEKTON - Imagen 3 de 28\" class=\"thumbs__img b-lazy\" data-nr-picture-id=\"69675abd60cb520001b90326\" data-pin-nopin=\"true\" src=\"https:\/\/www.europesays.com\/es\/wp-content\/uploads\/2026\/01\/Casa_reversa_-_Hector_Navarro_-_William_Mulvihill_-009.jpg\" height=\"125\" longdesc=\"https:\/\/www.archdaily.cl\/cl\/1037814\/casa-reversa-hector-navarro-plus-arkhitekton\/69675abd60cb520001b90326-casa-reversa-hector-navarro-plus-arkhitekton-foto\" title=\"\u00a9 William Mulvihill\" width=\"125\"\/><\/a><a class=\"thumbs__link\" data-nr-picture-id=\"69675abc60cb520001b90322\" href=\"https:\/\/www.archdaily.cl\/cl\/1037814\/casa-reversa-hector-navarro-plus-arkhitekton\/69675abc60cb520001b90322-casa-reversa-hector-navarro-plus-arkhitekton-foto\" rel=\"attachment nofollow noopener\" target=\"_blank\"><img loading=\"lazy\" decoding=\"async\" alt=\"Casa Reversa \/ H\u00e9ctor Navarro + ARKHITEKTON - Fotograf\u00eda exterior\" class=\"thumbs__img b-lazy\" data-nr-picture-id=\"69675abc60cb520001b90322\" data-pin-nopin=\"true\" src=\"https:\/\/www.europesays.com\/es\/wp-content\/uploads\/2026\/01\/Casa_reversa_-_Hector_Navarro_-_William_Mulvihill_-005.jpg\" height=\"125\" longdesc=\"https:\/\/www.archdaily.cl\/cl\/1037814\/casa-reversa-hector-navarro-plus-arkhitekton\/69675abc60cb520001b90322-casa-reversa-hector-navarro-plus-arkhitekton-foto\" title=\"\u00a9 William Mulvihill\" width=\"125\"\/><\/a><a class=\"thumbs__link\" data-nr-picture-id=\"69675abd60cb520001b90330\" href=\"https:\/\/www.archdaily.cl\/cl\/1037814\/casa-reversa-hector-navarro-plus-arkhitekton\/69675abd60cb520001b90330-casa-reversa-hector-navarro-plus-arkhitekton-foto\" rel=\"attachment nofollow noopener\" target=\"_blank\"><img loading=\"lazy\" decoding=\"async\" alt=\"Casa Reversa \/ H\u00e9ctor Navarro + ARKHITEKTON - Fotograf\u00eda interior\" class=\"thumbs__img b-lazy\" data-nr-picture-id=\"69675abd60cb520001b90330\" data-pin-nopin=\"true\" src=\"https:\/\/www.europesays.com\/es\/wp-content\/uploads\/2026\/01\/Casa_reversa_-_Hector_Navarro_-_William_Mulvihill_-020.jpg\" height=\"125\" longdesc=\"https:\/\/www.archdaily.cl\/cl\/1037814\/casa-reversa-hector-navarro-plus-arkhitekton\/69675abd60cb520001b90330-casa-reversa-hector-navarro-plus-arkhitekton-foto\" title=\"\u00a9 William Mulvihill\" width=\"125\"\/><\/a><a class=\"gallery-link afd-desktop-e\" href=\"https:\/\/www.archdaily.cl\/cl\/1037814\/casa-reversa-hector-navarro-plus-arkhitekton\/69675abc60cb520001b90323-casa-reversa-hector-navarro-plus-arkhitekton-foto\" rel=\"nofollow noopener\" target=\"_blank\"><img decoding=\"async\" alt=\"Casa Reversa \/ H\u00e9ctor Navarro + ARKHITEKTON - M\u00e1s Im\u00e1genes\" class=\"thumbs__img b-lazy\" src=\"https:\/\/www.europesays.com\/es\/wp-content\/uploads\/2026\/01\/Casa_reversa_-_Hector_Navarro_-_William_Mulvihill_-006.jpg\" itemprop=\"image\" bad-src=\"data:image\/gif;base64,R0lGODlhAQABAIAAAAUEBAAAACwAAAAAAQABAAACAkQBADs=\"\/>+ 23<\/a><\/p>\n<p>    Compartir<\/p>\n<p>Compartir<\/p>\n<ul class=\"afd-share__networks clearfix\">\n<li class=\"afd-share__social\"><a aria-label=\"Facebook\" class=\"afd-share__button\" data-insights-category=\"share\" data-insights-label=\"facebook_sharing_options\" data-insights-value=\"1037814\" data-social=\"facebook\" href=\"https:\/\/www.facebook.com\/sharer\/sharer.php?u=https:\/\/www.archdaily.cl\/cl\/1037814\/casa-reversa-hector-navarro-plus-arkhitekton\" rel=\"nofollow noopener\" target=\"_blank\"><\/a>\n<p>Facebook<\/p>\n<\/li>\n<li class=\"afd-share__social\"><a aria-label=\"Twitter\" class=\"afd-share__button\" data-insights-category=\"share\" data-insights-label=\"twitter_sharing_options\" data-insights-value=\"1037814\" data-social=\"twitter\" href=\"https:\/\/twitter.com\/intent\/tweet?text=Casa%20Reversa%20%2F%20H%C3%A9ctor%20Navarro%20%2B%20ARKHITEKTON&amp;url=https:\/\/www.archdaily.cl\/cl\/1037814\/casa-reversa-hector-navarro-plus-arkhitekton&amp;via=parq\" rel=\"nofollow noopener\" target=\"_blank\"><\/a>\n<p>Twitter<\/p>\n<\/li>\n<li class=\"afd-share__social\"><a class=\"afd-share__button\" data-insights-category=\"share\" data-insights-label=\"email_sharing_options\" data-insights-value=\"1037814\" data-social=\"email\" href=\"mailto:?subject=Casa Reversa \/ H\u00e9ctor Navarro + ARKHITEKTON&amp;body=https:\/\/www.archdaily.cl\/cl\/1037814\/casa-reversa-hector-navarro-plus-arkhitekton\"><\/a>\n<p>Mail<\/p>\n<\/li>\n<li class=\"afd-share__social\"><a aria-label=\"Pinterest\" class=\"afd-share__button\" data-insights-category=\"share\" data-insights-label=\"pinterest_sharing_options\" data-insights-value=\"1037814\" data-social=\"pinterest\" href=\"https:\/\/pinterest.com\/pin\/create\/button\/?url=https%3A%2F%2Fwww.archdaily.cl%2Fcl%2F1037814%2Fcasa-reversa-hector-navarro-plus-arkhitekton&amp;media=https%3A%2F%2Fimages.adsttc.com%2Fmedia%2Fimages%2F6967%2F5abc%2F60cb%2F5200%2F01b9%2F0323%2Flarge_jpg%2FCasa_reversa_-_Hector_Navarro_-_William_Mulvihill_-006.jpg%3F1768381163&amp;description=Casa%20Reversa%20%2F%20H%C3%A9ctor%20Navarro%20%2B%20ARKHITEKTON\" rel=\"nofollow noopener\" target=\"_blank\"><\/a>\n<p>Pinterest<\/p>\n<\/li>\n<li class=\"afd-share__social\"><a aria-label=\"Whatsapp\" class=\"afd-share__button\" data-action=\"share\/whatsapp\/share\" data-insights-category=\"share\" data-insights-label=\"whatsapp_sharing_options\" data-insights-value=\"1037814\" data-social=\"whatsapp\" href=\"whatsapp:\/\/send?text=Casa+Reversa+%2F+H%C3%A9ctor+Navarro+%2B+ARKHITEKTON+%7C+https%3A%2F%2Fwww.archdaily.cl%2Fcl%2F1037814%2Fcasa-reversa-hector-navarro-plus-arkhitekton%3Futm_source%3DWhatsapp%26utm_medium%3DIM%26utm_campaign%3Dshare-button\" rel=\"nofollow\"><\/a>\n<p>Whatsapp<\/p>\n<\/li>\n<\/ul>\n<p>O<\/p>\n<p>https:\/\/www.archdaily.cl\/cl\/1037814\/casa-reversa-hector-navarro-plus-arkhitekton<\/p>\n<p>  Portapapeles<\/p>\n<p>              \u00abCOPY\u00bb<\/p>\n<p>Copiar<\/p>\n<ul class=\"afd-char-list afd-specs__item-container js-char-list\">\n<li class=\"afd-specs__item\">\n<\/li>\n<li class=\"afd-specs__item\">\n  \u00c1rea<br \/>\n  \u00c1rea del proyecto de arquitectura <\/p>\n<p>\u00c1rea:\u00a0<br \/>\n        <a href=\"https:\/\/www.archdaily.cl\/search\/cl\/projects\/min_area\/120\/max_area\/180?ad_name=project-specs&amp;ad_medium=single\" rel=\"nofollow noopener\" target=\"_blank\">150<\/a> m\u00b2<\/li>\n<li class=\"afd-specs__item\">\n<p>  A\u00f1o<br \/>\n  A\u00f1o del Proyecto de arquitectura<\/p>\n<p>            A\u00f1o:\u00a0<\/p>\n<p>                    <a href=\"https:\/\/www.archdaily.cl\/search\/cl\/projects\/year\/2025?ad_name=project-specs&amp;ad_medium=single\" rel=\"nofollow noopener\" target=\"_blank\"><br \/>\n          2025<br \/>\n        <\/a><\/p>\n<\/li>\n<li class=\"afd-specs__item\">\n<p>  Fot\u00f3grafos<\/p>\n<\/li>\n<li class=\"afd-specs__item\">\n<p>  Proveedores<br \/>\n  Marcas y productos usados en este proyecto de arquitectura<\/p>\n<p>Proveedores: \u00a0<a href=\"https:\/\/www.archdaily.cl\/cl\/1037814\" rel=\"nofollow noopener\" target=\"_blank\">Rothoblaas<\/a>, Acaminetti, LA ESCANDELLA, Strugal<\/li>\n<\/ul>\n<p><a class=\"js-image-size__link lazy-anchor\" href=\"https:\/\/www.archdaily.cl\/cl\/1037814\/casa-reversa-hector-navarro-plus-arkhitekton\/69675abb60cb520001b9031f-casa-reversa-hector-navarro-plus-arkhitekton-foto\" rel=\"nofollow noopener\" target=\"_blank\"><img decoding=\"async\" alt=\"Casa Reversa \/ H\u00e9ctor Navarro + ARKHITEKTON - Fotograf\u00eda exterior\" data-nr-picture-id=\"69675abb60cb520001b9031f\" height=\"427\" itemprop=\"image\" loading=\"lazy\" longdesc=\"https:\/\/www.archdaily.cl\/cl\/1037814\/casa-reversa-hector-navarro-plus-arkhitekton\/69675abb60cb520001b9031f-casa-reversa-hector-navarro-plus-arkhitekton-foto\" src=\"https:\/\/www.europesays.com\/es\/wp-content\/uploads\/2026\/01\/1768408634_269_Casa_reversa_-_Hector_Navarro_-_William_Mulvihill_-002.jpg\" width=\"640\"\/>\u00a9 William Mulvihill<\/a><\/p>\n<p>Descripci\u00f3n enviada por el equipo del proyecto. Ubicada en la <a href=\"https:\/\/www.archdaily.cl\/cl\/tag\/sierra-de-ibio\" rel=\"nofollow noopener\" target=\"_blank\">Sierra de Ibio<\/a>, Cantabria, la casa se encuentra dentro de un peque\u00f1o pueblo que preserva tanto la estructura urbana como la coherencia rural de su paisaje, a\u00fan intacto por las transformaciones que han alterado otros asentamientos cercanos. El proyecto surge del deseo de integrarse en este contexto, aceptando las limitaciones de la normativa local que exige continuidad formal y material con la arquitectura tradicional, mientras se explora desde una perspectiva contempor\u00e1nea c\u00f3mo reinterpretar ese legado sin caer en la reproducci\u00f3n literal.<\/p>\n<p><a class=\"js-image-size__link lazy-anchor\" href=\"https:\/\/www.archdaily.cl\/cl\/1037814\/casa-reversa-hector-navarro-plus-arkhitekton\/69675abc60cb520001b90322-casa-reversa-hector-navarro-plus-arkhitekton-foto\" rel=\"nofollow noopener\" target=\"_blank\"><img decoding=\"async\" alt=\"Casa Reversa \/ H\u00e9ctor Navarro + ARKHITEKTON - Fotograf\u00eda exterior\" data-nr-picture-id=\"69675abc60cb520001b90322\" height=\"427\" itemprop=\"image\" loading=\"lazy\" longdesc=\"https:\/\/www.archdaily.cl\/cl\/1037814\/casa-reversa-hector-navarro-plus-arkhitekton\/69675abc60cb520001b90322-casa-reversa-hector-navarro-plus-arkhitekton-foto\" src=\"https:\/\/www.europesays.com\/es\/wp-content\/uploads\/2026\/01\/1768408634_54_Casa_reversa_-_Hector_Navarro_-_William_Mulvihill_-005.jpg\" width=\"640\"\/>\u00a9 William Mulvihill<\/a><\/p>\n<p>La casa est\u00e1 concebida como un \u00fanico volumen en forma de L que se pliega sobre s\u00ed mismo para definir el jard\u00edn y crear un \u00e1mbito dom\u00e9stico protegido. Esta geometr\u00eda organiza el programa en un solo nivel y permite que cada habitaci\u00f3n disfrute de ventilaci\u00f3n cruzada, abri\u00e9ndose al sur y al oeste, mientras se cierra hacia el norte y el este. Hacia la calle, se presenta como un s\u00f3lido frente de piedra \u2014una pared silenciosa que protege la intimidad del hogar\u2014, mientras que desde el jard\u00edn se revela su reverso: una fachada abierta, ligera y transparente que multiplica la relaci\u00f3n con el paisaje.<\/p>\n<p><a class=\"js-image-size__link lazy-anchor\" href=\"https:\/\/www.archdaily.cl\/cl\/1037814\/casa-reversa-hector-navarro-plus-arkhitekton\/69675abd60cb520001b90338-casa-reversa-hector-navarro-plus-arkhitekton-planta\" rel=\"nofollow noopener\" target=\"_blank\"><img decoding=\"async\" alt=\"Casa Reversa \/ H\u00e9ctor Navarro + ARKHITEKTON - Imagen 26 de 28\" data-nr-picture-id=\"69675abd60cb520001b90338\" height=\"427\" itemprop=\"image\" loading=\"lazy\" longdesc=\"https:\/\/www.archdaily.cl\/cl\/1037814\/casa-reversa-hector-navarro-plus-arkhitekton\/69675abd60cb520001b90338-casa-reversa-hector-navarro-plus-arkhitekton-planta\" src=\"https:\/\/www.europesays.com\/es\/wp-content\/uploads\/2026\/01\/03_PLANTA.jpg\" width=\"640\"\/>Planta<\/a><\/p>\n<p>Un techo a un agua unifica la composici\u00f3n y refuerza su lectura como un cuerpo continuo, casi como una pared que se pliega sobre s\u00ed misma. La fachada exterior est\u00e1 construida con piedra extra\u00edda del mismo sitio \u2014cantidades locales de canto rodante, sin suministro externo\u2014, evocando la textura y profundidad de las paredes rurales de la regi\u00f3n. Aberturas de tama\u00f1os y proporciones variadas parecen estar dispuestas libremente, sin embargo, se alinean precisamente con la estructura y la forma en que cada espacio es habitado: de pie, sentado, acostado, en movimiento\u2026 Este ritmo medido recuerda la arquitectura vern\u00e1cula, donde las transformaciones funcionales a lo largo del tiempo produjeron fachadas que contaban sus propias historias. En contraste, el lado interior de la \u00abL\u00bb est\u00e1 definido por ventanales de altura completa que crean un di\u00e1logo continuo con el jard\u00edn: las aberturas m\u00e1s peque\u00f1as enmarcan fragmentos del paisaje como pinturas, mientras que los grandes paneles acristalados subrayan y extienden este.<\/p>\n<p><a class=\"js-image-size__link lazy-anchor\" href=\"https:\/\/www.archdaily.cl\/cl\/1037814\/casa-reversa-hector-navarro-plus-arkhitekton\/69675abd60cb520001b90330-casa-reversa-hector-navarro-plus-arkhitekton-foto\" rel=\"nofollow noopener\" target=\"_blank\"><img decoding=\"async\" alt=\"Casa Reversa \/ H\u00e9ctor Navarro + ARKHITEKTON - Fotograf\u00eda interior\" data-nr-picture-id=\"69675abd60cb520001b90330\" height=\"427\" itemprop=\"image\" loading=\"lazy\" longdesc=\"https:\/\/www.archdaily.cl\/cl\/1037814\/casa-reversa-hector-navarro-plus-arkhitekton\/69675abd60cb520001b90330-casa-reversa-hector-navarro-plus-arkhitekton-foto\" src=\"https:\/\/www.europesays.com\/es\/wp-content\/uploads\/2026\/01\/1768408636_737_Casa_reversa_-_Hector_Navarro_-_William_Mulvihill_-020.jpg\" width=\"640\"\/>\u00a9 William Mulvihill<\/a><a class=\"js-image-size__link lazy-anchor\" href=\"https:\/\/www.archdaily.cl\/cl\/1037814\/casa-reversa-hector-navarro-plus-arkhitekton\/69675abd60cb520001b90332-casa-reversa-hector-navarro-plus-arkhitekton-foto\" rel=\"nofollow noopener\" target=\"_blank\"><img decoding=\"async\" alt=\"Casa Reversa \/ H\u00e9ctor Navarro + ARKHITEKTON - Fotograf\u00eda interior, Cocina\" data-nr-picture-id=\"69675abd60cb520001b90332\" height=\"427\" itemprop=\"image\" loading=\"lazy\" longdesc=\"https:\/\/www.archdaily.cl\/cl\/1037814\/casa-reversa-hector-navarro-plus-arkhitekton\/69675abd60cb520001b90332-casa-reversa-hector-navarro-plus-arkhitekton-foto\" src=\"https:\/\/www.europesays.com\/es\/wp-content\/uploads\/2026\/01\/Casa_reversa_-_Hector_Navarro_-_William_Mulvihill_-022.jpg\" width=\"640\"\/>\u00a9 William Mulvihill<\/a><a class=\"js-image-size__link lazy-anchor\" href=\"https:\/\/www.archdaily.cl\/cl\/1037814\/casa-reversa-hector-navarro-plus-arkhitekton\/69675abd60cb520001b90327-casa-reversa-hector-navarro-plus-arkhitekton-foto\" rel=\"nofollow noopener\" target=\"_blank\"><img decoding=\"async\" alt=\"Casa Reversa \/ H\u00e9ctor Navarro + ARKHITEKTON - Fotograf\u00eda exterior, Concreto\" data-nr-picture-id=\"69675abd60cb520001b90327\" height=\"427\" itemprop=\"image\" loading=\"lazy\" longdesc=\"https:\/\/www.archdaily.cl\/cl\/1037814\/casa-reversa-hector-navarro-plus-arkhitekton\/69675abd60cb520001b90327-casa-reversa-hector-navarro-plus-arkhitekton-foto\" src=\"https:\/\/www.europesays.com\/es\/wp-content\/uploads\/2026\/01\/Casa_reversa_-_Hector_Navarro_-_William_Mulvihill_-010.jpg\" width=\"640\"\/>\u00a9 William Mulvihill<\/a><\/p>\n<p>En contraste con la masa de piedra del frente noreste, el lado interior de la \u00abL\u00bb est\u00e1 revestido de madera oscura y vidrio, articulando la vida diaria con el paisaje circundante. La madera, acabada en tonos oscuros recuerdan a los que alguna vez se obtuvieron en la arquitectura cant\u00e1brica a trav\u00e9s de aceites y tintes naturales, define una paleta coherente completada por la piedra caliza gris del estuario de Tina Menor, utilizada para el suelo tanto interior como exterior, reforzando el v\u00ednculo material con el territorio. A esta gama se a\u00f1ade el rojo \u2014encontrado en las tejas cer\u00e1micas del tejado y en elementos de acero corten como marcos, molduras y la canaleta voladiza\u2014, convirtiendo cada episodio de lluvia en un peque\u00f1o evento.<\/p>\n<p><a class=\"js-image-size__link lazy-anchor\" href=\"https:\/\/www.archdaily.cl\/cl\/1037814\/casa-reversa-hector-navarro-plus-arkhitekton\/69675abd60cb520001b9033a-casa-reversa-hector-navarro-plus-arkhitekton-secciones\" rel=\"nofollow noopener\" target=\"_blank\"><img decoding=\"async\" alt=\"Casa Reversa \/ H\u00e9ctor Navarro + ARKHITEKTON - Imagen 27 de 28\" data-nr-picture-id=\"69675abd60cb520001b9033a\" height=\"427\" itemprop=\"image\" loading=\"lazy\" longdesc=\"https:\/\/www.archdaily.cl\/cl\/1037814\/casa-reversa-hector-navarro-plus-arkhitekton\/69675abd60cb520001b9033a-casa-reversa-hector-navarro-plus-arkhitekton-secciones\" src=\"https:\/\/www.europesays.com\/es\/wp-content\/uploads\/2026\/01\/05_SECCIONES.jpg\" width=\"640\"\/>Secciones<\/a><a class=\"js-image-size__link lazy-anchor\" href=\"https:\/\/www.archdaily.cl\/cl\/1037814\/casa-reversa-hector-navarro-plus-arkhitekton\/69675abd60cb520001b90339-casa-reversa-hector-navarro-plus-arkhitekton-elevations\" rel=\"nofollow noopener\" target=\"_blank\"><img decoding=\"async\" alt=\"Casa Reversa \/ H\u00e9ctor Navarro + ARKHITEKTON - Imagen 28 de 28\" data-nr-picture-id=\"69675abd60cb520001b90339\" height=\"427\" itemprop=\"image\" loading=\"lazy\" longdesc=\"https:\/\/www.archdaily.cl\/cl\/1037814\/casa-reversa-hector-navarro-plus-arkhitekton\/69675abd60cb520001b90339-casa-reversa-hector-navarro-plus-arkhitekton-elevations\" src=\"https:\/\/www.europesays.com\/es\/wp-content\/uploads\/2026\/01\/04_ALZADOS.jpg\" width=\"640\"\/>Elevations<\/a><\/p>\n<p>El plano de planta distingue dos alas: una alberga las \u00e1reas de d\u00eda \u2014sal\u00f3n, comedor y cocina articulados en torno a una chimenea central y el porche\u2014, mientras que la otra contiene la zona de noche, con el dormitorio principal y dos habitaciones adicionales, una de ellas transformable mediante particiones m\u00f3viles.<\/p>\n<p><a class=\"js-image-size__link lazy-anchor\" href=\"https:\/\/www.archdaily.cl\/cl\/1037814\/casa-reversa-hector-navarro-plus-arkhitekton\/69675abd60cb520001b9032a-casa-reversa-hector-navarro-plus-arkhitekton-foto\" rel=\"nofollow noopener\" target=\"_blank\"><img decoding=\"async\" alt=\"Casa Reversa \/ H\u00e9ctor Navarro + ARKHITEKTON - Fotograf\u00eda exterior\" data-nr-picture-id=\"69675abd60cb520001b9032a\" height=\"427\" itemprop=\"image\" loading=\"lazy\" longdesc=\"https:\/\/www.archdaily.cl\/cl\/1037814\/casa-reversa-hector-navarro-plus-arkhitekton\/69675abd60cb520001b9032a-casa-reversa-hector-navarro-plus-arkhitekton-foto\" src=\"https:\/\/www.europesays.com\/es\/wp-content\/uploads\/2026\/01\/Casa_reversa_-_Hector_Navarro_-_William_Mulvihill_-014.jpg\" width=\"640\"\/>\u00a9 William Mulvihill<\/a><\/p>\n<p>M\u00e1s que reproducir la tradici\u00f3n, la casa trabaja con su reverso: el umbral donde lo vern\u00e1culo y lo contempor\u00e1neo se pliegan uno sobre el otro. En esa tensi\u00f3n entre masa y ligereza, opacidad y transparencia, pared y vac\u00edo, la casa afirma su pertenencia al lugar mientras habla inconfundiblemente en tiempo presente.<\/p>\n<p><a class=\"js-image-size__link lazy-anchor\" href=\"https:\/\/www.archdaily.cl\/cl\/1037814\/casa-reversa-hector-navarro-plus-arkhitekton\/69675abb60cb520001b90320-casa-reversa-hector-navarro-plus-arkhitekton-foto\" rel=\"nofollow noopener\" target=\"_blank\"><img decoding=\"async\" alt=\"Casa Reversa \/ H\u00e9ctor Navarro + ARKHITEKTON - Fotograf\u00eda exterior\" data-nr-picture-id=\"69675abb60cb520001b90320\" height=\"427\" itemprop=\"image\" loading=\"lazy\" longdesc=\"https:\/\/www.archdaily.cl\/cl\/1037814\/casa-reversa-hector-navarro-plus-arkhitekton\/69675abb60cb520001b90320-casa-reversa-hector-navarro-plus-arkhitekton-foto\" src=\"https:\/\/www.europesays.com\/es\/wp-content\/uploads\/2026\/01\/Casa_reversa_-_Hector_Navarro_-_William_Mulvihill_-003.jpg\" width=\"640\"\/>\u00a9 William Mulvihill<\/a><script async src=\"https:\/\/platform.twitter.com\/widgets.js\" charset=\"utf-8\"><\/script><\/p>\n","protected":false},"excerpt":{"rendered":"\u00a9 William Mulvihill + 23 Compartir Compartir Facebook Twitter Mail Pinterest Whatsapp O https:\/\/www.archdaily.cl\/cl\/1037814\/casa-reversa-hector-navarro-plus-arkhitekton Portapapeles \u00abCOPY\u00bb Copiar \u00c1rea&hellip;\n","protected":false},"author":2,"featured_media":340554,"comment_status":"","ping_status":"","sticky":false,"template":"","format":"standard","meta":{"footnotes":""},"categories":[173],"tags":[801,802,229,233,231,230,3738,232,234,146,147,25,24,77611,23],"class_list":{"0":"post-340553","1":"post","2":"type-post","3":"status-publish","4":"format-standard","5":"has-post-thumbnail","7":"category-arte-y-diseno","8":"tag-arquitectura","9":"tag-arquitectura-residencial","10":"tag-arte","11":"tag-arte-y-diseno","12":"tag-arts","13":"tag-arts-and-design","14":"tag-casas","15":"tag-design","16":"tag-diseno","17":"tag-entertainment","18":"tag-entretenimiento","19":"tag-es","20":"tag-espana","21":"tag-sierra-de-ibio","22":"tag-spain"},"share_on_mastodon":{"url":"https:\/\/pubeurope.com\/@es\/115894435759388448","error":""},"_links":{"self":[{"href":"https:\/\/www.europesays.com\/es\/wp-json\/wp\/v2\/posts\/340553","targetHints":{"allow":["GET"]}}],"collection":[{"href":"https:\/\/www.europesays.com\/es\/wp-json\/wp\/v2\/posts"}],"about":[{"href":"https:\/\/www.europesays.com\/es\/wp-json\/wp\/v2\/types\/post"}],"author":[{"embeddable":true,"href":"https:\/\/www.europesays.com\/es\/wp-json\/wp\/v2\/users\/2"}],"replies":[{"embeddable":true,"href":"https:\/\/www.europesays.com\/es\/wp-json\/wp\/v2\/comments?post=340553"}],"version-history":[{"count":0,"href":"https:\/\/www.europesays.com\/es\/wp-json\/wp\/v2\/posts\/340553\/revisions"}],"wp:featuredmedia":[{"embeddable":true,"href":"https:\/\/www.europesays.com\/es\/wp-json\/wp\/v2\/media\/340554"}],"wp:attachment":[{"href":"https:\/\/www.europesays.com\/es\/wp-json\/wp\/v2\/media?parent=340553"}],"wp:term":[{"taxonomy":"category","embeddable":true,"href":"https:\/\/www.europesays.com\/es\/wp-json\/wp\/v2\/categories?post=340553"},{"taxonomy":"post_tag","embeddable":true,"href":"https:\/\/www.europesays.com\/es\/wp-json\/wp\/v2\/tags?post=340553"}],"curies":[{"name":"wp","href":"https:\/\/api.w.org\/{rel}","templated":true}]}}