{"id":340555,"date":"2026-01-14T16:39:09","date_gmt":"2026-01-14T16:39:09","guid":{"rendered":"https:\/\/www.europesays.com\/es\/340555\/"},"modified":"2026-01-14T16:39:09","modified_gmt":"2026-01-14T16:39:09","slug":"rtve-celebra-el-29-de-enero-un-debate-electoral-con-todos-los-candidatos-de-aragon","status":"publish","type":"post","link":"https:\/\/www.europesays.com\/es\/340555\/","title":{"rendered":"RTVE celebra el 29 de enero un debate electoral con todos los candidatos de Arag\u00f3n"},"content":{"rendered":"<p>RTVE celebrar\u00e1 por primera vez un <strong>debate electoral en Arag\u00f3n con los ocho candidatos<\/strong> a la Presidencia de Arag\u00f3n que tienen representaci\u00f3n en las Cortes aragonesas. Ser\u00e1 el 29 de enero, con una duraci\u00f3n de 80 minutos.<\/p>\n<p>Contar\u00e1 <strong>con todos los &#8216;n\u00fameros<\/strong> uno&#8217; de PP, PSOE, Vox, Chunta Aragonesista (CHA), Coalici\u00f3n Teruel y Arag\u00f3n Existe, Coalici\u00f3n Podemos-Alianza Verde, Coalici\u00f3n IU-Sumar, y el Partido Aragon\u00e9s (PAR).<\/p>\n<p>De este modo, participar\u00e1n <strong>Jorge Azc\u00f3n<\/strong> (PP), <strong>Pilar Alegr\u00eda<\/strong> (PSOE), <strong>Alejandro Nolasco<\/strong> (VOX), <strong>Jorge Pueyo<\/strong> (CHA), <strong>Tom\u00e1s Guitarte<\/strong> (COALICION EXISTE), <strong>Mar\u00eda Goicoechea<\/strong> (Podemos-Alianza Verde), <strong>Marta Abengochea<\/strong> (IU-Movimiento Sumar) <strong>y Alberto Izquierdo<\/strong> (PAR).<\/p>\n<p>Se emitir\u00e1 <strong>tras la segunda edici\u00f3n del Telediario<\/strong>, por La 1, en Arag\u00f3n y por el Canal 24 Horas, para toda Espa\u00f1a, en RNE y en RTVEplay. Un debate que presentar\u00e1 <strong>Xabier Fortes<\/strong>.<\/p>\n<p>El debate que se celebrar\u00e1 el 29 de enero tendr\u00e1 <strong>tres bloques tem\u00e1ticos<\/strong>, cada uno con una duraci\u00f3n de 20 minutos: estos son <strong>econom\u00eda, pol\u00edticas sociales y pactos y regeneraci\u00f3n democr\u00e1ticas<\/strong>. <\/p>\n<p>Primera elecciones anticipadas en Arag\u00f3n<\/p>\n<p>Arag\u00f3n celebrar\u00e1, por primera vez en su historia, <strong>elecciones anticipadas.<\/strong> Ser\u00e1 el pr\u00f3ximo <strong>8 de febrero <\/strong>cuando los aragoneses tengan que volver a las urnas para elegir a un nuevo ejecutivo auton\u00f3mico. Lo ha confirmado desde el Pignatelli el presidente de la comunidad, el popular <strong>Jorge Azc\u00f3n<\/strong>.<\/p>\n<p>El adelanto se produce tras m\u00e1s de un a\u00f1o y medio de <strong>desencuentros entre el PP y Vox<\/strong>, antiguos socios de Gobierno, y despu\u00e9s de constatarse la imposibilidad de llegar a un acuerdo para sacar adelante los presupuestos de 2026.<\/p>\n<p>Otras noticias sobre las elecciones en Arag\u00f3n <\/p>\n","protected":false},"excerpt":{"rendered":"RTVE celebrar\u00e1 por primera vez un debate electoral en Arag\u00f3n con los ocho candidatos a la Presidencia de&hellip;\n","protected":false},"author":2,"featured_media":340556,"comment_status":"","ping_status":"","sticky":false,"template":"","format":"standard","meta":{"footnotes":""},"categories":[171],"tags":[146,147,25,24,23,214],"class_list":{"0":"post-340555","1":"post","2":"type-post","3":"status-publish","4":"format-standard","5":"has-post-thumbnail","7":"category-tv","8":"tag-entertainment","9":"tag-entretenimiento","10":"tag-es","11":"tag-espana","12":"tag-spain","13":"tag-tv"},"share_on_mastodon":{"url":"https:\/\/pubeurope.com\/@es\/115894443285143634","error":""},"_links":{"self":[{"href":"https:\/\/www.europesays.com\/es\/wp-json\/wp\/v2\/posts\/340555","targetHints":{"allow":["GET"]}}],"collection":[{"href":"https:\/\/www.europesays.com\/es\/wp-json\/wp\/v2\/posts"}],"about":[{"href":"https:\/\/www.europesays.com\/es\/wp-json\/wp\/v2\/types\/post"}],"author":[{"embeddable":true,"href":"https:\/\/www.europesays.com\/es\/wp-json\/wp\/v2\/users\/2"}],"replies":[{"embeddable":true,"href":"https:\/\/www.europesays.com\/es\/wp-json\/wp\/v2\/comments?post=340555"}],"version-history":[{"count":0,"href":"https:\/\/www.europesays.com\/es\/wp-json\/wp\/v2\/posts\/340555\/revisions"}],"wp:featuredmedia":[{"embeddable":true,"href":"https:\/\/www.europesays.com\/es\/wp-json\/wp\/v2\/media\/340556"}],"wp:attachment":[{"href":"https:\/\/www.europesays.com\/es\/wp-json\/wp\/v2\/media?parent=340555"}],"wp:term":[{"taxonomy":"category","embeddable":true,"href":"https:\/\/www.europesays.com\/es\/wp-json\/wp\/v2\/categories?post=340555"},{"taxonomy":"post_tag","embeddable":true,"href":"https:\/\/www.europesays.com\/es\/wp-json\/wp\/v2\/tags?post=340555"}],"curies":[{"name":"wp","href":"https:\/\/api.w.org\/{rel}","templated":true}]}}